{"id":15243,"date":"2009-06-16T13:49:00","date_gmt":"2009-06-16T13:49:00","guid":{"rendered":"https:\/\/durres.gov.al\/historia-ime\/"},"modified":"2009-06-16T13:49:00","modified_gmt":"2009-06-16T13:49:00","slug":"historia-ime","status":"publish","type":"post","link":"https:\/\/durres.gov.al\/en\/2009\/06\/16\/historia-ime\/","title":{"rendered":"Biografia"},"content":{"rendered":"<p style=\"text-align: justify;\">\n<p style=\"text-align: justify;\"><strong>Emiriana Sako<\/strong> completed his higher education from 2002 to 2008 at the Polytechnic University of Tirana, Faculty of Civil Engineering, Department of Architecture \u2013 Master of Science.<\/p>\n<p style=\"text-align: justify;\">In 2011\u20132012, Sako completed a professional master\u2019s program in Housing at Roma Tre University in Rome, focusing on new ways of living through innovation and transformation.<\/p>\n<p style=\"text-align: justify;\">Sako has also completed a series of important trainings, including those organized by the U.S. Department of State: International Exchange Alumni, International Visitor Leadership Program with a focus on Persons with Disabilities, energy auditing organized by Polis University in Tirana, among others.<\/p>\n<p style=\"text-align: justify;\">Emiriana Sako is a professional architect with over 12 years of progressive experience, contributing to the development of the city of Durr\u00ebs.<\/p>\n<p style=\"text-align: justify;\">Sako has participated in all of Durr\u00ebs\u2019 major projects, collaborating with well-known international studios on them. She is one of the drafters of the local master plan and a co-designer of several of the city\u2019s largest urban projects.<\/p>\n<p style=\"text-align: justify;\">During these 12 years at the Municipality of Durr\u00ebs, Sako worked in the Directorate of Planning and Territorial Development, then continued as Director of Services, General Director of Services, and later as Deputy Mayor of Durr\u00ebs.<\/p>","protected":false},"excerpt":{"rendered":"<p>Emiriana Sako ka kryer studimet e larta n\u00eb vitet 2002-2008 n\u00eb Universitetin Politeknik t\u00eb Tiran\u00ebs, fakulteti i Inxhinieris\u00eb Civile, dega Arkitektur\u00eb- Master Shkencor N\u00eb vitet 2011-2012 Sako ka kryer n\u00eb Rom\u00eb n\u00eb universitetin Roma Tre, masterin profesional Housing-m\u00ebnyra t\u00eb reja t\u00eb banimit nd\u00ebrmjet inovacionit dhe transformimit Sako ka kryer edhe nj\u00eb s\u00ebr\u00eb trajnimesh t\u00eb r\u00ebnd\u00ebsishme [&hellip;]<\/p>\n","protected":false},"author":4,"featured_media":15242,"comment_status":"open","ping_status":"open","sticky":false,"template":"","format":"standard","meta":{"_acf_changed":false,"footnotes":""},"categories":[32],"tags":[],"class_list":["post-15243","post","type-post","status-publish","format-standard","has-post-thumbnail","hentry","category-kryetari"],"acf":[],"yoast_head":"<!-- This site is optimized with the Yoast SEO plugin v27.4 - https:\/\/yoast.com\/product\/yoast-seo-wordpress\/ -->\n<title>Biografia - Bashkia Durr\u00ebs<\/title>\n<meta name=\"robots\" content=\"index, follow, max-snippet:-1, max-image-preview:large, max-video-preview:-1\" \/>\n<link rel=\"canonical\" href=\"https:\/\/durres.gov.al\/en\/2009\/06\/16\/historia-ime\/\" \/>\n<meta property=\"og:locale\" content=\"en_US\" \/>\n<meta property=\"og:type\" content=\"article\" \/>\n<meta property=\"og:title\" content=\"Biografia - Bashkia Durr\u00ebs\" \/>\n<meta property=\"og:description\" content=\"Emiriana Sako ka kryer studimet e larta n\u00eb vitet 2002-2008 n\u00eb Universitetin Politeknik t\u00eb Tiran\u00ebs, fakulteti i Inxhinieris\u00eb Civile, dega Arkitektur\u00eb- Master Shkencor N\u00eb vitet 2011-2012 Sako ka kryer n\u00eb Rom\u00eb n\u00eb universitetin Roma Tre, masterin profesional Housing-m\u00ebnyra t\u00eb reja t\u00eb banimit nd\u00ebrmjet inovacionit dhe transformimit Sako ka kryer edhe nj\u00eb s\u00ebr\u00eb trajnimesh t\u00eb r\u00ebnd\u00ebsishme [&hellip;]\" \/>\n<meta property=\"og:url\" content=\"https:\/\/durres.gov.al\/en\/2009\/06\/16\/historia-ime\/\" \/>\n<meta property=\"og:site_name\" content=\"Bashkia Durr\u00ebs\" \/>\n<meta property=\"article:published_time\" content=\"2009-06-16T13:49:00+00:00\" \/>\n<meta property=\"og:image\" content=\"https:\/\/durres.gov.al\/wp-content\/uploads\/2009\/06\/IMG_4087.jpg\" \/>\n\t<meta property=\"og:image:width\" content=\"683\" \/>\n\t<meta property=\"og:image:height\" content=\"683\" \/>\n\t<meta property=\"og:image:type\" content=\"image\/jpeg\" \/>\n<meta name=\"author\" content=\"admin\" \/>\n<meta name=\"twitter:card\" content=\"summary_large_image\" \/>\n<meta name=\"twitter:label1\" content=\"Written by\" \/>\n\t<meta name=\"twitter:data1\" content=\"admin\" \/>\n\t<meta name=\"twitter:label2\" content=\"Est. reading time\" \/>\n\t<meta name=\"twitter:data2\" content=\"1 minute\" \/>\n<script type=\"application\/ld+json\" class=\"yoast-schema-graph\">{\"@context\":\"https:\\\/\\\/schema.org\",\"@graph\":[{\"@type\":\"Article\",\"@id\":\"https:\\\/\\\/durres.gov.al\\\/2009\\\/06\\\/16\\\/historia-ime\\\/#article\",\"isPartOf\":{\"@id\":\"https:\\\/\\\/durres.gov.al\\\/2009\\\/06\\\/16\\\/historia-ime\\\/\"},\"author\":{\"name\":\"admin\",\"@id\":\"https:\\\/\\\/durres.gov.al\\\/en\\\/#\\\/schema\\\/person\\\/b635fa3d3fcab493eb6efe564996a856\"},\"headline\":\"Biografia\",\"datePublished\":\"2009-06-16T13:49:00+00:00\",\"mainEntityOfPage\":{\"@id\":\"https:\\\/\\\/durres.gov.al\\\/2009\\\/06\\\/16\\\/historia-ime\\\/\"},\"wordCount\":223,\"commentCount\":0,\"publisher\":{\"@id\":\"https:\\\/\\\/durres.gov.al\\\/en\\\/#organization\"},\"image\":{\"@id\":\"https:\\\/\\\/durres.gov.al\\\/2009\\\/06\\\/16\\\/historia-ime\\\/#primaryimage\"},\"thumbnailUrl\":\"https:\\\/\\\/durres.gov.al\\\/wp-content\\\/uploads\\\/2009\\\/06\\\/IMG_4087.jpg\",\"articleSection\":[\"Kryetari\"],\"inLanguage\":\"en-US\",\"potentialAction\":[{\"@type\":\"CommentAction\",\"name\":\"Comment\",\"target\":[\"https:\\\/\\\/durres.gov.al\\\/2009\\\/06\\\/16\\\/historia-ime\\\/#respond\"]}]},{\"@type\":\"WebPage\",\"@id\":\"https:\\\/\\\/durres.gov.al\\\/2009\\\/06\\\/16\\\/historia-ime\\\/\",\"url\":\"https:\\\/\\\/durres.gov.al\\\/2009\\\/06\\\/16\\\/historia-ime\\\/\",\"name\":\"Biografia - Bashkia Durr\u00ebs\",\"isPartOf\":{\"@id\":\"https:\\\/\\\/durres.gov.al\\\/en\\\/#website\"},\"primaryImageOfPage\":{\"@id\":\"https:\\\/\\\/durres.gov.al\\\/2009\\\/06\\\/16\\\/historia-ime\\\/#primaryimage\"},\"image\":{\"@id\":\"https:\\\/\\\/durres.gov.al\\\/2009\\\/06\\\/16\\\/historia-ime\\\/#primaryimage\"},\"thumbnailUrl\":\"https:\\\/\\\/durres.gov.al\\\/wp-content\\\/uploads\\\/2009\\\/06\\\/IMG_4087.jpg\",\"datePublished\":\"2009-06-16T13:49:00+00:00\",\"breadcrumb\":{\"@id\":\"https:\\\/\\\/durres.gov.al\\\/2009\\\/06\\\/16\\\/historia-ime\\\/#breadcrumb\"},\"inLanguage\":\"en-US\",\"potentialAction\":[{\"@type\":\"ReadAction\",\"target\":[\"https:\\\/\\\/durres.gov.al\\\/2009\\\/06\\\/16\\\/historia-ime\\\/\"]}]},{\"@type\":\"ImageObject\",\"inLanguage\":\"en-US\",\"@id\":\"https:\\\/\\\/durres.gov.al\\\/2009\\\/06\\\/16\\\/historia-ime\\\/#primaryimage\",\"url\":\"https:\\\/\\\/durres.gov.al\\\/wp-content\\\/uploads\\\/2009\\\/06\\\/IMG_4087.jpg\",\"contentUrl\":\"https:\\\/\\\/durres.gov.al\\\/wp-content\\\/uploads\\\/2009\\\/06\\\/IMG_4087.jpg\",\"width\":683,\"height\":683},{\"@type\":\"BreadcrumbList\",\"@id\":\"https:\\\/\\\/durres.gov.al\\\/2009\\\/06\\\/16\\\/historia-ime\\\/#breadcrumb\",\"itemListElement\":[{\"@type\":\"ListItem\",\"position\":1,\"name\":\"Home\",\"item\":\"https:\\\/\\\/durres.gov.al\\\/\"},{\"@type\":\"ListItem\",\"position\":2,\"name\":\"Biografia\"}]},{\"@type\":\"WebSite\",\"@id\":\"https:\\\/\\\/durres.gov.al\\\/en\\\/#website\",\"url\":\"https:\\\/\\\/durres.gov.al\\\/en\\\/\",\"name\":\"Bashkia Durr\u00ebs\",\"description\":\"Faqja Zyrtare n\u00eb Internet\",\"publisher\":{\"@id\":\"https:\\\/\\\/durres.gov.al\\\/en\\\/#organization\"},\"potentialAction\":[{\"@type\":\"SearchAction\",\"target\":{\"@type\":\"EntryPoint\",\"urlTemplate\":\"https:\\\/\\\/durres.gov.al\\\/en\\\/?s={search_term_string}\"},\"query-input\":{\"@type\":\"PropertyValueSpecification\",\"valueRequired\":true,\"valueName\":\"search_term_string\"}}],\"inLanguage\":\"en-US\"},{\"@type\":\"Organization\",\"@id\":\"https:\\\/\\\/durres.gov.al\\\/en\\\/#organization\",\"name\":\"Bashkia Durr\u00ebs\",\"url\":\"https:\\\/\\\/durres.gov.al\\\/en\\\/\",\"logo\":{\"@type\":\"ImageObject\",\"inLanguage\":\"en-US\",\"@id\":\"https:\\\/\\\/durres.gov.al\\\/en\\\/#\\\/schema\\\/logo\\\/image\\\/\",\"url\":\"https:\\\/\\\/durres.gov.al\\\/wp-content\\\/uploads\\\/2023\\\/01\\\/cropped-logo.png\",\"contentUrl\":\"https:\\\/\\\/durres.gov.al\\\/wp-content\\\/uploads\\\/2023\\\/01\\\/cropped-logo.png\",\"width\":512,\"height\":512,\"caption\":\"Bashkia Durr\u00ebs\"},\"image\":{\"@id\":\"https:\\\/\\\/durres.gov.al\\\/en\\\/#\\\/schema\\\/logo\\\/image\\\/\"}},{\"@type\":\"Person\",\"@id\":\"https:\\\/\\\/durres.gov.al\\\/en\\\/#\\\/schema\\\/person\\\/b635fa3d3fcab493eb6efe564996a856\",\"name\":\"admin\",\"sameAs\":[\"https:\\\/\\\/durres.gov.al\"],\"url\":\"https:\\\/\\\/durres.gov.al\\\/en\\\/author\\\/admin\\\/\"}]}<\/script>\n<!-- \/ Yoast SEO plugin. -->","yoast_head_json":{"title":"Biografia - Bashkia Durr\u00ebs","robots":{"index":"index","follow":"follow","max-snippet":"max-snippet:-1","max-image-preview":"max-image-preview:large","max-video-preview":"max-video-preview:-1"},"canonical":"https:\/\/durres.gov.al\/en\/2009\/06\/16\/historia-ime\/","og_locale":"en_US","og_type":"article","og_title":"Biografia - Bashkia Durr\u00ebs","og_description":"Emiriana Sako ka kryer studimet e larta n\u00eb vitet 2002-2008 n\u00eb Universitetin Politeknik t\u00eb Tiran\u00ebs, fakulteti i Inxhinieris\u00eb Civile, dega Arkitektur\u00eb- Master Shkencor N\u00eb vitet 2011-2012 Sako ka kryer n\u00eb Rom\u00eb n\u00eb universitetin Roma Tre, masterin profesional Housing-m\u00ebnyra t\u00eb reja t\u00eb banimit nd\u00ebrmjet inovacionit dhe transformimit Sako ka kryer edhe nj\u00eb s\u00ebr\u00eb trajnimesh t\u00eb r\u00ebnd\u00ebsishme [&hellip;]","og_url":"https:\/\/durres.gov.al\/en\/2009\/06\/16\/historia-ime\/","og_site_name":"Bashkia Durr\u00ebs","article_published_time":"2009-06-16T13:49:00+00:00","og_image":[{"width":683,"height":683,"url":"https:\/\/durres.gov.al\/wp-content\/uploads\/2009\/06\/IMG_4087.jpg","type":"image\/jpeg"}],"author":"admin","twitter_card":"summary_large_image","twitter_misc":{"Written by":"admin","Est. reading time":"1 minute"},"schema":{"@context":"https:\/\/schema.org","@graph":[{"@type":"Article","@id":"https:\/\/durres.gov.al\/2009\/06\/16\/historia-ime\/#article","isPartOf":{"@id":"https:\/\/durres.gov.al\/2009\/06\/16\/historia-ime\/"},"author":{"name":"admin","@id":"https:\/\/durres.gov.al\/en\/#\/schema\/person\/b635fa3d3fcab493eb6efe564996a856"},"headline":"Biografia","datePublished":"2009-06-16T13:49:00+00:00","mainEntityOfPage":{"@id":"https:\/\/durres.gov.al\/2009\/06\/16\/historia-ime\/"},"wordCount":223,"commentCount":0,"publisher":{"@id":"https:\/\/durres.gov.al\/en\/#organization"},"image":{"@id":"https:\/\/durres.gov.al\/2009\/06\/16\/historia-ime\/#primaryimage"},"thumbnailUrl":"https:\/\/durres.gov.al\/wp-content\/uploads\/2009\/06\/IMG_4087.jpg","articleSection":["Kryetari"],"inLanguage":"en-US","potentialAction":[{"@type":"CommentAction","name":"Comment","target":["https:\/\/durres.gov.al\/2009\/06\/16\/historia-ime\/#respond"]}]},{"@type":"WebPage","@id":"https:\/\/durres.gov.al\/2009\/06\/16\/historia-ime\/","url":"https:\/\/durres.gov.al\/2009\/06\/16\/historia-ime\/","name":"Biografia - Bashkia Durr\u00ebs","isPartOf":{"@id":"https:\/\/durres.gov.al\/en\/#website"},"primaryImageOfPage":{"@id":"https:\/\/durres.gov.al\/2009\/06\/16\/historia-ime\/#primaryimage"},"image":{"@id":"https:\/\/durres.gov.al\/2009\/06\/16\/historia-ime\/#primaryimage"},"thumbnailUrl":"https:\/\/durres.gov.al\/wp-content\/uploads\/2009\/06\/IMG_4087.jpg","datePublished":"2009-06-16T13:49:00+00:00","breadcrumb":{"@id":"https:\/\/durres.gov.al\/2009\/06\/16\/historia-ime\/#breadcrumb"},"inLanguage":"en-US","potentialAction":[{"@type":"ReadAction","target":["https:\/\/durres.gov.al\/2009\/06\/16\/historia-ime\/"]}]},{"@type":"ImageObject","inLanguage":"en-US","@id":"https:\/\/durres.gov.al\/2009\/06\/16\/historia-ime\/#primaryimage","url":"https:\/\/durres.gov.al\/wp-content\/uploads\/2009\/06\/IMG_4087.jpg","contentUrl":"https:\/\/durres.gov.al\/wp-content\/uploads\/2009\/06\/IMG_4087.jpg","width":683,"height":683},{"@type":"BreadcrumbList","@id":"https:\/\/durres.gov.al\/2009\/06\/16\/historia-ime\/#breadcrumb","itemListElement":[{"@type":"ListItem","position":1,"name":"Home","item":"https:\/\/durres.gov.al\/"},{"@type":"ListItem","position":2,"name":"Biografia"}]},{"@type":"WebSite","@id":"https:\/\/durres.gov.al\/en\/#website","url":"https:\/\/durres.gov.al\/en\/","name":"Municipality of Durr\u00ebs","description":"Faqja Zyrtare n\u00eb Internet","publisher":{"@id":"https:\/\/durres.gov.al\/en\/#organization"},"potentialAction":[{"@type":"SearchAction","target":{"@type":"EntryPoint","urlTemplate":"https:\/\/durres.gov.al\/en\/?s={search_term_string}"},"query-input":{"@type":"PropertyValueSpecification","valueRequired":true,"valueName":"search_term_string"}}],"inLanguage":"en-US"},{"@type":"Organization","@id":"https:\/\/durres.gov.al\/en\/#organization","name":"Municipality of Durr\u00ebs","url":"https:\/\/durres.gov.al\/en\/","logo":{"@type":"ImageObject","inLanguage":"en-US","@id":"https:\/\/durres.gov.al\/en\/#\/schema\/logo\/image\/","url":"https:\/\/durres.gov.al\/wp-content\/uploads\/2023\/01\/cropped-logo.png","contentUrl":"https:\/\/durres.gov.al\/wp-content\/uploads\/2023\/01\/cropped-logo.png","width":512,"height":512,"caption":"Bashkia Durr\u00ebs"},"image":{"@id":"https:\/\/durres.gov.al\/en\/#\/schema\/logo\/image\/"}},{"@type":"Person","@id":"https:\/\/durres.gov.al\/en\/#\/schema\/person\/b635fa3d3fcab493eb6efe564996a856","name":"admin","sameAs":["https:\/\/durres.gov.al"],"url":"https:\/\/durres.gov.al\/en\/author\/admin\/"}]}},"_links":{"self":[{"href":"https:\/\/durres.gov.al\/en\/wp-json\/wp\/v2\/posts\/15243","targetHints":{"allow":["GET"]}}],"collection":[{"href":"https:\/\/durres.gov.al\/en\/wp-json\/wp\/v2\/posts"}],"about":[{"href":"https:\/\/durres.gov.al\/en\/wp-json\/wp\/v2\/types\/post"}],"author":[{"embeddable":true,"href":"https:\/\/durres.gov.al\/en\/wp-json\/wp\/v2\/users\/4"}],"replies":[{"embeddable":true,"href":"https:\/\/durres.gov.al\/en\/wp-json\/wp\/v2\/comments?post=15243"}],"version-history":[{"count":0,"href":"https:\/\/durres.gov.al\/en\/wp-json\/wp\/v2\/posts\/15243\/revisions"}],"wp:featuredmedia":[{"embeddable":true,"href":"https:\/\/durres.gov.al\/en\/wp-json\/wp\/v2\/media\/15242"}],"wp:attachment":[{"href":"https:\/\/durres.gov.al\/en\/wp-json\/wp\/v2\/media?parent=15243"}],"wp:term":[{"taxonomy":"category","embeddable":true,"href":"https:\/\/durres.gov.al\/en\/wp-json\/wp\/v2\/categories?post=15243"},{"taxonomy":"post_tag","embeddable":true,"href":"https:\/\/durres.gov.al\/en\/wp-json\/wp\/v2\/tags?post=15243"}],"curies":[{"name":"wp","href":"https:\/\/api.w.org\/{rel}","templated":true}]}}