{"id":15326,"date":"2010-02-26T13:44:33","date_gmt":"2010-02-26T13:44:33","guid":{"rendered":"https:\/\/durres.gov.al\/plani-mjedisor-per-shkollen-8-vjecare-bajram-curri\/"},"modified":"2010-02-26T13:44:33","modified_gmt":"2010-02-26T13:44:33","slug":"plani-mjedisor-per-shkollen-8-vjecare-bajram-curri","status":"publish","type":"post","link":"https:\/\/durres.gov.al\/en\/2010\/02\/26\/plani-mjedisor-per-shkollen-8-vjecare-bajram-curri\/","title":{"rendered":"Plani Mjedisor per shkollen 8-vjecare Bajram Curri"},"content":{"rendered":"<p>Projekti Cil\u00ebsi dhe Barazi n\u00eb Arsim (P-CBA) mb\u00ebshtet zbatimin e faz\u00ebs s\u00eb par\u00eb t\u00eb Strategjis\u00eb Komb\u00ebtare t\u00eb Shqip\u00ebris\u00eb p\u00ebr Arsimin (SKE). Objektivi i P-CBA \u00ebsht\u00eb q\u00eb t\u00eb p\u00ebrmir\u00ebsoj\u00eb cil\u00ebsin\u00eb e kushteve t\u00eb t\u00eb m\u00ebsuarit p\u00ebr t\u00eb gjith\u00eb student\u00ebt, si edhe t\u00eb rris\u00eb frekuentimin n\u00eb shkollat e mesme t\u00eb p\u00ebrgjithshme, vecan\u00ebrisht t\u00eb t\u00eb varf\u00ebrve. Projekti ka kat\u00ebr prioritete: 1) forcimin e udh\u00ebheqjes, menaxhimit dhe qeverisjes s\u00eb sistemit arsimor, 2) p\u00ebrmir\u00ebsimin e kushteve t\u00eb procesit m\u00ebsimor, 3) p\u00ebrmir\u00ebsimin dhe racionalizimin e infrastruktur\u00ebs arsimore dhe 4) p\u00ebrgatitjen e faz\u00ebs p\u00ebr reform\u00ebn e arsimit t\u00eb lart\u00eb. Prioriteti i tret\u00eb, \u00ebsht\u00eb p\u00ebrmir\u00ebsimi dhe racionalizimi i infrastruktur\u00ebs arsimore, \u00e7ka p\u00ebrpos rehabilitimit t\u00eb shkollave ekzistuese, n\u00ebnkupton zgjerimin apo nd\u00ebrtimin e tet\u00eb shkollave brenda oborreve ekzistuese t\u00eb shkollave dhe nd\u00ebrtimin e 12 shkollave t\u00eb reja n\u00eb vendndodhje t\u00eb reja. <\/p>\n<p> <a href=\"https:\/\/durres.gov.al\/wp-content\/uploads\/2010\/02\/pmm_shqip.pdf\" target=\"_blank\" rel=\"noopener\">Shkarkoni planin e plote ne gjuhen Shqipe<\/a><\/p>\n<p><img decoding=\"async\" class=\"size-full wp-image-15279\" src=\"https:\/\/durres.gov.al\/wp-content\/uploads\/2009\/02\/pdf_button.png\" border=\"0\" width=\"16\" height=\"22\" \/> <a href=\"https:\/\/durres.gov.al\/wp-content\/uploads\/2010\/02\/pmm_english.pdf\" target=\"_blank\" rel=\"noopener\">Download full plan in English language <\/a><\/p>","protected":false},"excerpt":{"rendered":"<p>Projekti Cil\u00ebsi dhe Barazi n\u00eb Arsim (P-CBA) mb\u00ebshtet zbatimin e faz\u00ebs s\u00eb par\u00eb t\u00eb Strategjis\u00eb Komb\u00ebtare t\u00eb Shqip\u00ebris\u00eb p\u00ebr Arsimin (SKE). Objektivi i P-CBA \u00ebsht\u00eb q\u00eb t\u00eb p\u00ebrmir\u00ebsoj\u00eb cil\u00ebsin\u00eb e kushteve t\u00eb t\u00eb m\u00ebsuarit p\u00ebr t\u00eb gjith\u00eb student\u00ebt, si edhe t\u00eb rris\u00eb frekuentimin n\u00eb shkollat e mesme t\u00eb p\u00ebrgjithshme, vecan\u00ebrisht t\u00eb t\u00eb varf\u00ebrve. Projekti ka [&hellip;]<\/p>\n","protected":false},"author":4,"featured_media":15279,"comment_status":"open","ping_status":"open","sticky":false,"template":"","format":"standard","meta":{"_acf_changed":false,"footnotes":""},"categories":[37],"tags":[],"class_list":["post-15326","post","type-post","status-publish","format-standard","has-post-thumbnail","hentry","category-njoftime"],"acf":[],"yoast_head":"<!-- This site is optimized with the Yoast SEO plugin v27.4 - https:\/\/yoast.com\/product\/yoast-seo-wordpress\/ -->\n<title>Plani Mjedisor per shkollen 8-vjecare Bajram Curri - Bashkia Durr\u00ebs<\/title>\n<meta name=\"robots\" content=\"index, follow, max-snippet:-1, max-image-preview:large, max-video-preview:-1\" \/>\n<link rel=\"canonical\" href=\"https:\/\/durres.gov.al\/en\/2010\/02\/26\/plani-mjedisor-per-shkollen-8-vjecare-bajram-curri\/\" \/>\n<meta property=\"og:locale\" content=\"en_US\" \/>\n<meta property=\"og:type\" content=\"article\" \/>\n<meta property=\"og:title\" content=\"Plani Mjedisor per shkollen 8-vjecare Bajram Curri - Bashkia Durr\u00ebs\" \/>\n<meta property=\"og:description\" content=\"Projekti Cil\u00ebsi dhe Barazi n\u00eb Arsim (P-CBA) mb\u00ebshtet zbatimin e faz\u00ebs s\u00eb par\u00eb t\u00eb Strategjis\u00eb Komb\u00ebtare t\u00eb Shqip\u00ebris\u00eb p\u00ebr Arsimin (SKE). Objektivi i P-CBA \u00ebsht\u00eb q\u00eb t\u00eb p\u00ebrmir\u00ebsoj\u00eb cil\u00ebsin\u00eb e kushteve t\u00eb t\u00eb m\u00ebsuarit p\u00ebr t\u00eb gjith\u00eb student\u00ebt, si edhe t\u00eb rris\u00eb frekuentimin n\u00eb shkollat e mesme t\u00eb p\u00ebrgjithshme, vecan\u00ebrisht t\u00eb t\u00eb varf\u00ebrve. Projekti ka [&hellip;]\" \/>\n<meta property=\"og:url\" content=\"https:\/\/durres.gov.al\/en\/2010\/02\/26\/plani-mjedisor-per-shkollen-8-vjecare-bajram-curri\/\" \/>\n<meta property=\"og:site_name\" content=\"Bashkia Durr\u00ebs\" \/>\n<meta property=\"article:published_time\" content=\"2010-02-26T13:44:33+00:00\" \/>\n<meta property=\"og:image\" content=\"https:\/\/durres.gov.al\/wp-content\/uploads\/2009\/02\/pdf_button.png\" \/>\n\t<meta property=\"og:image:width\" content=\"30\" \/>\n\t<meta property=\"og:image:height\" content=\"30\" \/>\n\t<meta property=\"og:image:type\" content=\"image\/png\" \/>\n<meta name=\"author\" content=\"admin\" \/>\n<meta name=\"twitter:card\" content=\"summary_large_image\" \/>\n<meta name=\"twitter:label1\" content=\"Written by\" \/>\n\t<meta name=\"twitter:data1\" content=\"admin\" \/>\n\t<meta name=\"twitter:label2\" content=\"Est. reading time\" \/>\n\t<meta name=\"twitter:data2\" content=\"1 minute\" \/>\n<script type=\"application\/ld+json\" class=\"yoast-schema-graph\">{\"@context\":\"https:\\\/\\\/schema.org\",\"@graph\":[{\"@type\":\"Article\",\"@id\":\"https:\\\/\\\/durres.gov.al\\\/2010\\\/02\\\/26\\\/plani-mjedisor-per-shkollen-8-vjecare-bajram-curri\\\/#article\",\"isPartOf\":{\"@id\":\"https:\\\/\\\/durres.gov.al\\\/2010\\\/02\\\/26\\\/plani-mjedisor-per-shkollen-8-vjecare-bajram-curri\\\/\"},\"author\":{\"name\":\"admin\",\"@id\":\"https:\\\/\\\/durres.gov.al\\\/en\\\/#\\\/schema\\\/person\\\/b635fa3d3fcab493eb6efe564996a856\"},\"headline\":\"Plani Mjedisor per shkollen 8-vjecare Bajram Curri\",\"datePublished\":\"2010-02-26T13:44:33+00:00\",\"mainEntityOfPage\":{\"@id\":\"https:\\\/\\\/durres.gov.al\\\/2010\\\/02\\\/26\\\/plani-mjedisor-per-shkollen-8-vjecare-bajram-curri\\\/\"},\"wordCount\":180,\"commentCount\":0,\"publisher\":{\"@id\":\"https:\\\/\\\/durres.gov.al\\\/en\\\/#organization\"},\"image\":{\"@id\":\"https:\\\/\\\/durres.gov.al\\\/2010\\\/02\\\/26\\\/plani-mjedisor-per-shkollen-8-vjecare-bajram-curri\\\/#primaryimage\"},\"thumbnailUrl\":\"https:\\\/\\\/durres.gov.al\\\/wp-content\\\/uploads\\\/2009\\\/02\\\/pdf_button.png\",\"articleSection\":[\"Njoftime\"],\"inLanguage\":\"en-US\",\"potentialAction\":[{\"@type\":\"CommentAction\",\"name\":\"Comment\",\"target\":[\"https:\\\/\\\/durres.gov.al\\\/2010\\\/02\\\/26\\\/plani-mjedisor-per-shkollen-8-vjecare-bajram-curri\\\/#respond\"]}]},{\"@type\":\"WebPage\",\"@id\":\"https:\\\/\\\/durres.gov.al\\\/2010\\\/02\\\/26\\\/plani-mjedisor-per-shkollen-8-vjecare-bajram-curri\\\/\",\"url\":\"https:\\\/\\\/durres.gov.al\\\/2010\\\/02\\\/26\\\/plani-mjedisor-per-shkollen-8-vjecare-bajram-curri\\\/\",\"name\":\"Plani Mjedisor per shkollen 8-vjecare Bajram Curri - Bashkia Durr\u00ebs\",\"isPartOf\":{\"@id\":\"https:\\\/\\\/durres.gov.al\\\/en\\\/#website\"},\"primaryImageOfPage\":{\"@id\":\"https:\\\/\\\/durres.gov.al\\\/2010\\\/02\\\/26\\\/plani-mjedisor-per-shkollen-8-vjecare-bajram-curri\\\/#primaryimage\"},\"image\":{\"@id\":\"https:\\\/\\\/durres.gov.al\\\/2010\\\/02\\\/26\\\/plani-mjedisor-per-shkollen-8-vjecare-bajram-curri\\\/#primaryimage\"},\"thumbnailUrl\":\"https:\\\/\\\/durres.gov.al\\\/wp-content\\\/uploads\\\/2009\\\/02\\\/pdf_button.png\",\"datePublished\":\"2010-02-26T13:44:33+00:00\",\"breadcrumb\":{\"@id\":\"https:\\\/\\\/durres.gov.al\\\/2010\\\/02\\\/26\\\/plani-mjedisor-per-shkollen-8-vjecare-bajram-curri\\\/#breadcrumb\"},\"inLanguage\":\"en-US\",\"potentialAction\":[{\"@type\":\"ReadAction\",\"target\":[\"https:\\\/\\\/durres.gov.al\\\/2010\\\/02\\\/26\\\/plani-mjedisor-per-shkollen-8-vjecare-bajram-curri\\\/\"]}]},{\"@type\":\"ImageObject\",\"inLanguage\":\"en-US\",\"@id\":\"https:\\\/\\\/durres.gov.al\\\/2010\\\/02\\\/26\\\/plani-mjedisor-per-shkollen-8-vjecare-bajram-curri\\\/#primaryimage\",\"url\":\"https:\\\/\\\/durres.gov.al\\\/wp-content\\\/uploads\\\/2009\\\/02\\\/pdf_button.png\",\"contentUrl\":\"https:\\\/\\\/durres.gov.al\\\/wp-content\\\/uploads\\\/2009\\\/02\\\/pdf_button.png\",\"width\":30,\"height\":30},{\"@type\":\"BreadcrumbList\",\"@id\":\"https:\\\/\\\/durres.gov.al\\\/2010\\\/02\\\/26\\\/plani-mjedisor-per-shkollen-8-vjecare-bajram-curri\\\/#breadcrumb\",\"itemListElement\":[{\"@type\":\"ListItem\",\"position\":1,\"name\":\"Home\",\"item\":\"https:\\\/\\\/durres.gov.al\\\/\"},{\"@type\":\"ListItem\",\"position\":2,\"name\":\"Plani Mjedisor per shkollen 8-vjecare Bajram Curri\"}]},{\"@type\":\"WebSite\",\"@id\":\"https:\\\/\\\/durres.gov.al\\\/en\\\/#website\",\"url\":\"https:\\\/\\\/durres.gov.al\\\/en\\\/\",\"name\":\"Bashkia Durr\u00ebs\",\"description\":\"Faqja Zyrtare n\u00eb Internet\",\"publisher\":{\"@id\":\"https:\\\/\\\/durres.gov.al\\\/en\\\/#organization\"},\"potentialAction\":[{\"@type\":\"SearchAction\",\"target\":{\"@type\":\"EntryPoint\",\"urlTemplate\":\"https:\\\/\\\/durres.gov.al\\\/en\\\/?s={search_term_string}\"},\"query-input\":{\"@type\":\"PropertyValueSpecification\",\"valueRequired\":true,\"valueName\":\"search_term_string\"}}],\"inLanguage\":\"en-US\"},{\"@type\":\"Organization\",\"@id\":\"https:\\\/\\\/durres.gov.al\\\/en\\\/#organization\",\"name\":\"Bashkia Durr\u00ebs\",\"url\":\"https:\\\/\\\/durres.gov.al\\\/en\\\/\",\"logo\":{\"@type\":\"ImageObject\",\"inLanguage\":\"en-US\",\"@id\":\"https:\\\/\\\/durres.gov.al\\\/en\\\/#\\\/schema\\\/logo\\\/image\\\/\",\"url\":\"https:\\\/\\\/durres.gov.al\\\/wp-content\\\/uploads\\\/2023\\\/01\\\/cropped-logo.png\",\"contentUrl\":\"https:\\\/\\\/durres.gov.al\\\/wp-content\\\/uploads\\\/2023\\\/01\\\/cropped-logo.png\",\"width\":512,\"height\":512,\"caption\":\"Bashkia Durr\u00ebs\"},\"image\":{\"@id\":\"https:\\\/\\\/durres.gov.al\\\/en\\\/#\\\/schema\\\/logo\\\/image\\\/\"}},{\"@type\":\"Person\",\"@id\":\"https:\\\/\\\/durres.gov.al\\\/en\\\/#\\\/schema\\\/person\\\/b635fa3d3fcab493eb6efe564996a856\",\"name\":\"admin\",\"sameAs\":[\"https:\\\/\\\/durres.gov.al\"],\"url\":\"https:\\\/\\\/durres.gov.al\\\/en\\\/author\\\/admin\\\/\"}]}<\/script>\n<!-- \/ Yoast SEO plugin. -->","yoast_head_json":{"title":"Plani Mjedisor per shkollen 8-vjecare Bajram Curri - Bashkia Durr\u00ebs","robots":{"index":"index","follow":"follow","max-snippet":"max-snippet:-1","max-image-preview":"max-image-preview:large","max-video-preview":"max-video-preview:-1"},"canonical":"https:\/\/durres.gov.al\/en\/2010\/02\/26\/plani-mjedisor-per-shkollen-8-vjecare-bajram-curri\/","og_locale":"en_US","og_type":"article","og_title":"Plani Mjedisor per shkollen 8-vjecare Bajram Curri - Bashkia Durr\u00ebs","og_description":"Projekti Cil\u00ebsi dhe Barazi n\u00eb Arsim (P-CBA) mb\u00ebshtet zbatimin e faz\u00ebs s\u00eb par\u00eb t\u00eb Strategjis\u00eb Komb\u00ebtare t\u00eb Shqip\u00ebris\u00eb p\u00ebr Arsimin (SKE). Objektivi i P-CBA \u00ebsht\u00eb q\u00eb t\u00eb p\u00ebrmir\u00ebsoj\u00eb cil\u00ebsin\u00eb e kushteve t\u00eb t\u00eb m\u00ebsuarit p\u00ebr t\u00eb gjith\u00eb student\u00ebt, si edhe t\u00eb rris\u00eb frekuentimin n\u00eb shkollat e mesme t\u00eb p\u00ebrgjithshme, vecan\u00ebrisht t\u00eb t\u00eb varf\u00ebrve. Projekti ka [&hellip;]","og_url":"https:\/\/durres.gov.al\/en\/2010\/02\/26\/plani-mjedisor-per-shkollen-8-vjecare-bajram-curri\/","og_site_name":"Bashkia Durr\u00ebs","article_published_time":"2010-02-26T13:44:33+00:00","og_image":[{"width":30,"height":30,"url":"https:\/\/durres.gov.al\/wp-content\/uploads\/2009\/02\/pdf_button.png","type":"image\/png"}],"author":"admin","twitter_card":"summary_large_image","twitter_misc":{"Written by":"admin","Est. reading time":"1 minute"},"schema":{"@context":"https:\/\/schema.org","@graph":[{"@type":"Article","@id":"https:\/\/durres.gov.al\/2010\/02\/26\/plani-mjedisor-per-shkollen-8-vjecare-bajram-curri\/#article","isPartOf":{"@id":"https:\/\/durres.gov.al\/2010\/02\/26\/plani-mjedisor-per-shkollen-8-vjecare-bajram-curri\/"},"author":{"name":"admin","@id":"https:\/\/durres.gov.al\/en\/#\/schema\/person\/b635fa3d3fcab493eb6efe564996a856"},"headline":"Plani Mjedisor per shkollen 8-vjecare Bajram Curri","datePublished":"2010-02-26T13:44:33+00:00","mainEntityOfPage":{"@id":"https:\/\/durres.gov.al\/2010\/02\/26\/plani-mjedisor-per-shkollen-8-vjecare-bajram-curri\/"},"wordCount":180,"commentCount":0,"publisher":{"@id":"https:\/\/durres.gov.al\/en\/#organization"},"image":{"@id":"https:\/\/durres.gov.al\/2010\/02\/26\/plani-mjedisor-per-shkollen-8-vjecare-bajram-curri\/#primaryimage"},"thumbnailUrl":"https:\/\/durres.gov.al\/wp-content\/uploads\/2009\/02\/pdf_button.png","articleSection":["Njoftime"],"inLanguage":"en-US","potentialAction":[{"@type":"CommentAction","name":"Comment","target":["https:\/\/durres.gov.al\/2010\/02\/26\/plani-mjedisor-per-shkollen-8-vjecare-bajram-curri\/#respond"]}]},{"@type":"WebPage","@id":"https:\/\/durres.gov.al\/2010\/02\/26\/plani-mjedisor-per-shkollen-8-vjecare-bajram-curri\/","url":"https:\/\/durres.gov.al\/2010\/02\/26\/plani-mjedisor-per-shkollen-8-vjecare-bajram-curri\/","name":"Plani Mjedisor per shkollen 8-vjecare Bajram Curri - Bashkia Durr\u00ebs","isPartOf":{"@id":"https:\/\/durres.gov.al\/en\/#website"},"primaryImageOfPage":{"@id":"https:\/\/durres.gov.al\/2010\/02\/26\/plani-mjedisor-per-shkollen-8-vjecare-bajram-curri\/#primaryimage"},"image":{"@id":"https:\/\/durres.gov.al\/2010\/02\/26\/plani-mjedisor-per-shkollen-8-vjecare-bajram-curri\/#primaryimage"},"thumbnailUrl":"https:\/\/durres.gov.al\/wp-content\/uploads\/2009\/02\/pdf_button.png","datePublished":"2010-02-26T13:44:33+00:00","breadcrumb":{"@id":"https:\/\/durres.gov.al\/2010\/02\/26\/plani-mjedisor-per-shkollen-8-vjecare-bajram-curri\/#breadcrumb"},"inLanguage":"en-US","potentialAction":[{"@type":"ReadAction","target":["https:\/\/durres.gov.al\/2010\/02\/26\/plani-mjedisor-per-shkollen-8-vjecare-bajram-curri\/"]}]},{"@type":"ImageObject","inLanguage":"en-US","@id":"https:\/\/durres.gov.al\/2010\/02\/26\/plani-mjedisor-per-shkollen-8-vjecare-bajram-curri\/#primaryimage","url":"https:\/\/durres.gov.al\/wp-content\/uploads\/2009\/02\/pdf_button.png","contentUrl":"https:\/\/durres.gov.al\/wp-content\/uploads\/2009\/02\/pdf_button.png","width":30,"height":30},{"@type":"BreadcrumbList","@id":"https:\/\/durres.gov.al\/2010\/02\/26\/plani-mjedisor-per-shkollen-8-vjecare-bajram-curri\/#breadcrumb","itemListElement":[{"@type":"ListItem","position":1,"name":"Home","item":"https:\/\/durres.gov.al\/"},{"@type":"ListItem","position":2,"name":"Plani Mjedisor per shkollen 8-vjecare Bajram Curri"}]},{"@type":"WebSite","@id":"https:\/\/durres.gov.al\/en\/#website","url":"https:\/\/durres.gov.al\/en\/","name":"Municipality of Durr\u00ebs","description":"Faqja Zyrtare n\u00eb Internet","publisher":{"@id":"https:\/\/durres.gov.al\/en\/#organization"},"potentialAction":[{"@type":"SearchAction","target":{"@type":"EntryPoint","urlTemplate":"https:\/\/durres.gov.al\/en\/?s={search_term_string}"},"query-input":{"@type":"PropertyValueSpecification","valueRequired":true,"valueName":"search_term_string"}}],"inLanguage":"en-US"},{"@type":"Organization","@id":"https:\/\/durres.gov.al\/en\/#organization","name":"Municipality of Durr\u00ebs","url":"https:\/\/durres.gov.al\/en\/","logo":{"@type":"ImageObject","inLanguage":"en-US","@id":"https:\/\/durres.gov.al\/en\/#\/schema\/logo\/image\/","url":"https:\/\/durres.gov.al\/wp-content\/uploads\/2023\/01\/cropped-logo.png","contentUrl":"https:\/\/durres.gov.al\/wp-content\/uploads\/2023\/01\/cropped-logo.png","width":512,"height":512,"caption":"Bashkia Durr\u00ebs"},"image":{"@id":"https:\/\/durres.gov.al\/en\/#\/schema\/logo\/image\/"}},{"@type":"Person","@id":"https:\/\/durres.gov.al\/en\/#\/schema\/person\/b635fa3d3fcab493eb6efe564996a856","name":"admin","sameAs":["https:\/\/durres.gov.al"],"url":"https:\/\/durres.gov.al\/en\/author\/admin\/"}]}},"_links":{"self":[{"href":"https:\/\/durres.gov.al\/en\/wp-json\/wp\/v2\/posts\/15326","targetHints":{"allow":["GET"]}}],"collection":[{"href":"https:\/\/durres.gov.al\/en\/wp-json\/wp\/v2\/posts"}],"about":[{"href":"https:\/\/durres.gov.al\/en\/wp-json\/wp\/v2\/types\/post"}],"author":[{"embeddable":true,"href":"https:\/\/durres.gov.al\/en\/wp-json\/wp\/v2\/users\/4"}],"replies":[{"embeddable":true,"href":"https:\/\/durres.gov.al\/en\/wp-json\/wp\/v2\/comments?post=15326"}],"version-history":[{"count":0,"href":"https:\/\/durres.gov.al\/en\/wp-json\/wp\/v2\/posts\/15326\/revisions"}],"wp:featuredmedia":[{"embeddable":true,"href":"https:\/\/durres.gov.al\/en\/wp-json\/wp\/v2\/media\/15279"}],"wp:attachment":[{"href":"https:\/\/durres.gov.al\/en\/wp-json\/wp\/v2\/media?parent=15326"}],"wp:term":[{"taxonomy":"category","embeddable":true,"href":"https:\/\/durres.gov.al\/en\/wp-json\/wp\/v2\/categories?post=15326"},{"taxonomy":"post_tag","embeddable":true,"href":"https:\/\/durres.gov.al\/en\/wp-json\/wp\/v2\/tags?post=15326"}],"curies":[{"name":"wp","href":"https:\/\/api.w.org\/{rel}","templated":true}]}}