{"id":15356,"date":"2012-06-11T18:34:28","date_gmt":"2012-06-11T18:34:28","guid":{"rendered":"https:\/\/durres.gov.al\/edhe-ne-muajin-qershor-vazhdojne-shfaqjet-e-filmave-italiane-ne-teatrin-e-durresit-amoisiu\/"},"modified":"2012-06-11T18:34:28","modified_gmt":"2012-06-11T18:34:28","slug":"edhe-ne-muajin-qershor-vazhdojne-shfaqjet-e-filmave-italiane-ne-teatrin-e-durresit-amoisiu","status":"publish","type":"post","link":"https:\/\/durres.gov.al\/en\/2012\/06\/11\/edhe-ne-muajin-qershor-vazhdojne-shfaqjet-e-filmave-italiane-ne-teatrin-e-durresit-amoisiu\/","title":{"rendered":"Edhe n\u00eb muajin qershor vazhdojn\u00eb shfaqjet e filmave italian\u00eb n\u00eb teatrin e Durr\u00ebsit A.Moisiu"},"content":{"rendered":"<p>Edhe n\u00eb muajin qershor vazhdojn\u00eb shfaqjet e filmave italian\u00eb n\u00eb teatrin e Durr\u00ebsit A.Moisiu. Me mb\u00ebshtetjen\u00a0e\u00a0Bashkis\u00eb s\u00eb Durr\u00ebsit cdo t\u00eb m\u00ebrkur\u00eb n\u00eb teatrin A.Moisiu t\u00eb Durr\u00ebsit n\u00eb p\u00ebrputhje me t\u00eb gjitha kushtet bashk\u00ebkohore do t\u00eb vazhdojn\u00eb t\u00eb shfaqen produksionet kinematografike, t\u00eb cilat kan\u00eb filluar nga data 25 prill 2012 dhe do t\u00eb vazhdojn\u00eb deri n\u00eb muajin\u00a0dhjetor t\u00eb k\u00ebtij viti n\u00eb teatrin A.Moisiu ku shfaqen shum\u00eb filma t\u00eb njohur t\u00eb kinemas\u00eb italiane.\u00a0Filmat\u00a0do t\u00eb shfaqen cdo t\u00eb m\u00ebrkur\u00eb dhe do t\u00eb jen\u00eb nga produksionet m\u00eb t\u00eb ndjekura edhe n\u00eb kinemat\u00eb\u00a0e\u00a0Italis\u00eb. Kinemaja italiane n\u00eb Durr\u00ebs\u00a0e\u00a0cila \u00ebsht\u00eb nj\u00eb nism\u00eb\u00a0e\u00a0Institutit Italian t\u00eb Kultur\u00ebs me mb\u00ebshtetjen\u00a0e\u00a0Bashkis\u00eb s\u00eb qytetit vazhdon\u00a0<strong>n\u00eb muajin qershor<\/strong>\u00a0me projeksionet e disa prej filmave m\u00eb t\u00eb mir\u00eb italian\u00eb<strong>\u00a0\u00e7do t\u00eb m\u00ebrkur\u00eb n\u00eb or\u00ebn 19.00<\/strong>. Ju ftojm\u00eb t\u00eb merrni pjes\u00eb cdo t\u00eb m\u00ebrkur\u00eb n\u00eb net\u00ebt\u00a0e\u00a0filmit\u00a0italian n\u00eb Durr\u00ebs ku hyrja do t\u00eb jet\u00eb falas p\u00ebr publikun.<\/p>\n<p>\u00a0<\/p>\n<p style=\"margin: 0px 0px 0.0001pt\" class=\"MsoNormal\"><span style=\"font-size: 10pt; font-family: Arial, sans-serif\">\u00a0<\/span><\/p>\n<p style=\"margin: 0px 0px 0.0001pt; text-align: justify\" class=\"MsoNormal\"><strong><span style=\"font-size: 12pt; font-family: 'Times New Roman', serif\">K\u00ebt\u00eb t\u00eb m\u00ebrkur\u00eb n\u00eb 13 qershor n\u00eb or\u00ebn 19.00 do t\u00eb shfaqet filmi<\/span><\/strong><span style=\"font-size: 12pt; font-family: 'Times New Roman', serif\">\u00a0<\/span><span style=\"font-size: 10pt; font-family: Arial, sans-serif\">\u00a0<\/span><strong><em><span style=\"font-size: 16pt; font-family: Arial, sans-serif; color: #c00000\">Seconda notte di nozze\u00a0<\/span><\/em><\/strong><strong><span style=\"font-size: 16pt; font-family: Arial, sans-serif\">di Pupi Avati, 2005,<\/span><\/strong><\/p>","protected":false},"excerpt":{"rendered":"<p>Edhe n\u00eb muajin qershor vazhdojn\u00eb shfaqjet e filmave italian\u00eb n\u00eb teatrin e Durr\u00ebsit A.Moisiu. Me mb\u00ebshtetjen\u00a0e\u00a0Bashkis\u00eb s\u00eb Durr\u00ebsit cdo t\u00eb m\u00ebrkur\u00eb n\u00eb teatrin A.Moisiu t\u00eb Durr\u00ebsit n\u00eb p\u00ebrputhje me t\u00eb gjitha kushtet bashk\u00ebkohore do t\u00eb vazhdojn\u00eb t\u00eb shfaqen produksionet kinematografike, t\u00eb cilat kan\u00eb filluar nga data 25 prill 2012 dhe do t\u00eb vazhdojn\u00eb deri n\u00eb [&hellip;]<\/p>\n","protected":false},"author":4,"featured_media":0,"comment_status":"open","ping_status":"open","sticky":false,"template":"","format":"standard","meta":{"_acf_changed":false,"footnotes":""},"categories":[37],"tags":[],"class_list":["post-15356","post","type-post","status-publish","format-standard","hentry","category-njoftime"],"acf":[],"yoast_head":"<!-- This site is optimized with the Yoast SEO plugin v27.4 - https:\/\/yoast.com\/product\/yoast-seo-wordpress\/ -->\n<title>Edhe n\u00eb muajin qershor vazhdojn\u00eb shfaqjet e filmave italian\u00eb n\u00eb teatrin e Durr\u00ebsit A.Moisiu - Bashkia Durr\u00ebs<\/title>\n<meta name=\"robots\" content=\"index, follow, max-snippet:-1, max-image-preview:large, max-video-preview:-1\" \/>\n<link rel=\"canonical\" href=\"https:\/\/durres.gov.al\/en\/2012\/06\/11\/edhe-ne-muajin-qershor-vazhdojne-shfaqjet-e-filmave-italiane-ne-teatrin-e-durresit-amoisiu\/\" \/>\n<meta property=\"og:locale\" content=\"en_US\" \/>\n<meta property=\"og:type\" content=\"article\" \/>\n<meta property=\"og:title\" content=\"Edhe n\u00eb muajin qershor vazhdojn\u00eb shfaqjet e filmave italian\u00eb n\u00eb teatrin e Durr\u00ebsit A.Moisiu - Bashkia Durr\u00ebs\" \/>\n<meta property=\"og:description\" content=\"Edhe n\u00eb muajin qershor vazhdojn\u00eb shfaqjet e filmave italian\u00eb n\u00eb teatrin e Durr\u00ebsit A.Moisiu. Me mb\u00ebshtetjen\u00a0e\u00a0Bashkis\u00eb s\u00eb Durr\u00ebsit cdo t\u00eb m\u00ebrkur\u00eb n\u00eb teatrin A.Moisiu t\u00eb Durr\u00ebsit n\u00eb p\u00ebrputhje me t\u00eb gjitha kushtet bashk\u00ebkohore do t\u00eb vazhdojn\u00eb t\u00eb shfaqen produksionet kinematografike, t\u00eb cilat kan\u00eb filluar nga data 25 prill 2012 dhe do t\u00eb vazhdojn\u00eb deri n\u00eb [&hellip;]\" \/>\n<meta property=\"og:url\" content=\"https:\/\/durres.gov.al\/en\/2012\/06\/11\/edhe-ne-muajin-qershor-vazhdojne-shfaqjet-e-filmave-italiane-ne-teatrin-e-durresit-amoisiu\/\" \/>\n<meta property=\"og:site_name\" content=\"Bashkia Durr\u00ebs\" \/>\n<meta property=\"article:published_time\" content=\"2012-06-11T18:34:28+00:00\" \/>\n<meta name=\"author\" content=\"admin\" \/>\n<meta name=\"twitter:card\" content=\"summary_large_image\" \/>\n<meta name=\"twitter:label1\" content=\"Written by\" \/>\n\t<meta name=\"twitter:data1\" content=\"admin\" \/>\n\t<meta name=\"twitter:label2\" content=\"Est. reading time\" \/>\n\t<meta name=\"twitter:data2\" content=\"1 minute\" \/>\n<script type=\"application\/ld+json\" class=\"yoast-schema-graph\">{\"@context\":\"https:\\\/\\\/schema.org\",\"@graph\":[{\"@type\":\"Article\",\"@id\":\"https:\\\/\\\/durres.gov.al\\\/2012\\\/06\\\/11\\\/edhe-ne-muajin-qershor-vazhdojne-shfaqjet-e-filmave-italiane-ne-teatrin-e-durresit-amoisiu\\\/#article\",\"isPartOf\":{\"@id\":\"https:\\\/\\\/durres.gov.al\\\/2012\\\/06\\\/11\\\/edhe-ne-muajin-qershor-vazhdojne-shfaqjet-e-filmave-italiane-ne-teatrin-e-durresit-amoisiu\\\/\"},\"author\":{\"name\":\"admin\",\"@id\":\"https:\\\/\\\/durres.gov.al\\\/en\\\/#\\\/schema\\\/person\\\/b635fa3d3fcab493eb6efe564996a856\"},\"headline\":\"Edhe n\u00eb muajin qershor vazhdojn\u00eb shfaqjet e filmave italian\u00eb n\u00eb teatrin e Durr\u00ebsit A.Moisiu\",\"datePublished\":\"2012-06-11T18:34:28+00:00\",\"mainEntityOfPage\":{\"@id\":\"https:\\\/\\\/durres.gov.al\\\/2012\\\/06\\\/11\\\/edhe-ne-muajin-qershor-vazhdojne-shfaqjet-e-filmave-italiane-ne-teatrin-e-durresit-amoisiu\\\/\"},\"wordCount\":213,\"commentCount\":0,\"publisher\":{\"@id\":\"https:\\\/\\\/durres.gov.al\\\/en\\\/#organization\"},\"articleSection\":[\"Njoftime\"],\"inLanguage\":\"en-US\",\"potentialAction\":[{\"@type\":\"CommentAction\",\"name\":\"Comment\",\"target\":[\"https:\\\/\\\/durres.gov.al\\\/2012\\\/06\\\/11\\\/edhe-ne-muajin-qershor-vazhdojne-shfaqjet-e-filmave-italiane-ne-teatrin-e-durresit-amoisiu\\\/#respond\"]}]},{\"@type\":\"WebPage\",\"@id\":\"https:\\\/\\\/durres.gov.al\\\/2012\\\/06\\\/11\\\/edhe-ne-muajin-qershor-vazhdojne-shfaqjet-e-filmave-italiane-ne-teatrin-e-durresit-amoisiu\\\/\",\"url\":\"https:\\\/\\\/durres.gov.al\\\/2012\\\/06\\\/11\\\/edhe-ne-muajin-qershor-vazhdojne-shfaqjet-e-filmave-italiane-ne-teatrin-e-durresit-amoisiu\\\/\",\"name\":\"Edhe n\u00eb muajin qershor vazhdojn\u00eb shfaqjet e filmave italian\u00eb n\u00eb teatrin e Durr\u00ebsit A.Moisiu - Bashkia Durr\u00ebs\",\"isPartOf\":{\"@id\":\"https:\\\/\\\/durres.gov.al\\\/en\\\/#website\"},\"datePublished\":\"2012-06-11T18:34:28+00:00\",\"breadcrumb\":{\"@id\":\"https:\\\/\\\/durres.gov.al\\\/2012\\\/06\\\/11\\\/edhe-ne-muajin-qershor-vazhdojne-shfaqjet-e-filmave-italiane-ne-teatrin-e-durresit-amoisiu\\\/#breadcrumb\"},\"inLanguage\":\"en-US\",\"potentialAction\":[{\"@type\":\"ReadAction\",\"target\":[\"https:\\\/\\\/durres.gov.al\\\/2012\\\/06\\\/11\\\/edhe-ne-muajin-qershor-vazhdojne-shfaqjet-e-filmave-italiane-ne-teatrin-e-durresit-amoisiu\\\/\"]}]},{\"@type\":\"BreadcrumbList\",\"@id\":\"https:\\\/\\\/durres.gov.al\\\/2012\\\/06\\\/11\\\/edhe-ne-muajin-qershor-vazhdojne-shfaqjet-e-filmave-italiane-ne-teatrin-e-durresit-amoisiu\\\/#breadcrumb\",\"itemListElement\":[{\"@type\":\"ListItem\",\"position\":1,\"name\":\"Home\",\"item\":\"https:\\\/\\\/durres.gov.al\\\/\"},{\"@type\":\"ListItem\",\"position\":2,\"name\":\"Edhe n\u00eb muajin qershor vazhdojn\u00eb shfaqjet e filmave italian\u00eb n\u00eb teatrin e Durr\u00ebsit A.Moisiu\"}]},{\"@type\":\"WebSite\",\"@id\":\"https:\\\/\\\/durres.gov.al\\\/en\\\/#website\",\"url\":\"https:\\\/\\\/durres.gov.al\\\/en\\\/\",\"name\":\"Bashkia Durr\u00ebs\",\"description\":\"Faqja Zyrtare n\u00eb Internet\",\"publisher\":{\"@id\":\"https:\\\/\\\/durres.gov.al\\\/en\\\/#organization\"},\"potentialAction\":[{\"@type\":\"SearchAction\",\"target\":{\"@type\":\"EntryPoint\",\"urlTemplate\":\"https:\\\/\\\/durres.gov.al\\\/en\\\/?s={search_term_string}\"},\"query-input\":{\"@type\":\"PropertyValueSpecification\",\"valueRequired\":true,\"valueName\":\"search_term_string\"}}],\"inLanguage\":\"en-US\"},{\"@type\":\"Organization\",\"@id\":\"https:\\\/\\\/durres.gov.al\\\/en\\\/#organization\",\"name\":\"Bashkia Durr\u00ebs\",\"url\":\"https:\\\/\\\/durres.gov.al\\\/en\\\/\",\"logo\":{\"@type\":\"ImageObject\",\"inLanguage\":\"en-US\",\"@id\":\"https:\\\/\\\/durres.gov.al\\\/en\\\/#\\\/schema\\\/logo\\\/image\\\/\",\"url\":\"https:\\\/\\\/durres.gov.al\\\/wp-content\\\/uploads\\\/2023\\\/01\\\/cropped-logo.png\",\"contentUrl\":\"https:\\\/\\\/durres.gov.al\\\/wp-content\\\/uploads\\\/2023\\\/01\\\/cropped-logo.png\",\"width\":512,\"height\":512,\"caption\":\"Bashkia Durr\u00ebs\"},\"image\":{\"@id\":\"https:\\\/\\\/durres.gov.al\\\/en\\\/#\\\/schema\\\/logo\\\/image\\\/\"}},{\"@type\":\"Person\",\"@id\":\"https:\\\/\\\/durres.gov.al\\\/en\\\/#\\\/schema\\\/person\\\/b635fa3d3fcab493eb6efe564996a856\",\"name\":\"admin\",\"sameAs\":[\"https:\\\/\\\/durres.gov.al\"],\"url\":\"https:\\\/\\\/durres.gov.al\\\/en\\\/author\\\/admin\\\/\"}]}<\/script>\n<!-- \/ Yoast SEO plugin. -->","yoast_head_json":{"title":"Edhe n\u00eb muajin qershor vazhdojn\u00eb shfaqjet e filmave italian\u00eb n\u00eb teatrin e Durr\u00ebsit A.Moisiu - Bashkia Durr\u00ebs","robots":{"index":"index","follow":"follow","max-snippet":"max-snippet:-1","max-image-preview":"max-image-preview:large","max-video-preview":"max-video-preview:-1"},"canonical":"https:\/\/durres.gov.al\/en\/2012\/06\/11\/edhe-ne-muajin-qershor-vazhdojne-shfaqjet-e-filmave-italiane-ne-teatrin-e-durresit-amoisiu\/","og_locale":"en_US","og_type":"article","og_title":"Edhe n\u00eb muajin qershor vazhdojn\u00eb shfaqjet e filmave italian\u00eb n\u00eb teatrin e Durr\u00ebsit A.Moisiu - Bashkia Durr\u00ebs","og_description":"Edhe n\u00eb muajin qershor vazhdojn\u00eb shfaqjet e filmave italian\u00eb n\u00eb teatrin e Durr\u00ebsit A.Moisiu. Me mb\u00ebshtetjen\u00a0e\u00a0Bashkis\u00eb s\u00eb Durr\u00ebsit cdo t\u00eb m\u00ebrkur\u00eb n\u00eb teatrin A.Moisiu t\u00eb Durr\u00ebsit n\u00eb p\u00ebrputhje me t\u00eb gjitha kushtet bashk\u00ebkohore do t\u00eb vazhdojn\u00eb t\u00eb shfaqen produksionet kinematografike, t\u00eb cilat kan\u00eb filluar nga data 25 prill 2012 dhe do t\u00eb vazhdojn\u00eb deri n\u00eb [&hellip;]","og_url":"https:\/\/durres.gov.al\/en\/2012\/06\/11\/edhe-ne-muajin-qershor-vazhdojne-shfaqjet-e-filmave-italiane-ne-teatrin-e-durresit-amoisiu\/","og_site_name":"Bashkia Durr\u00ebs","article_published_time":"2012-06-11T18:34:28+00:00","author":"admin","twitter_card":"summary_large_image","twitter_misc":{"Written by":"admin","Est. reading time":"1 minute"},"schema":{"@context":"https:\/\/schema.org","@graph":[{"@type":"Article","@id":"https:\/\/durres.gov.al\/2012\/06\/11\/edhe-ne-muajin-qershor-vazhdojne-shfaqjet-e-filmave-italiane-ne-teatrin-e-durresit-amoisiu\/#article","isPartOf":{"@id":"https:\/\/durres.gov.al\/2012\/06\/11\/edhe-ne-muajin-qershor-vazhdojne-shfaqjet-e-filmave-italiane-ne-teatrin-e-durresit-amoisiu\/"},"author":{"name":"admin","@id":"https:\/\/durres.gov.al\/en\/#\/schema\/person\/b635fa3d3fcab493eb6efe564996a856"},"headline":"Edhe n\u00eb muajin qershor vazhdojn\u00eb shfaqjet e filmave italian\u00eb n\u00eb teatrin e Durr\u00ebsit A.Moisiu","datePublished":"2012-06-11T18:34:28+00:00","mainEntityOfPage":{"@id":"https:\/\/durres.gov.al\/2012\/06\/11\/edhe-ne-muajin-qershor-vazhdojne-shfaqjet-e-filmave-italiane-ne-teatrin-e-durresit-amoisiu\/"},"wordCount":213,"commentCount":0,"publisher":{"@id":"https:\/\/durres.gov.al\/en\/#organization"},"articleSection":["Njoftime"],"inLanguage":"en-US","potentialAction":[{"@type":"CommentAction","name":"Comment","target":["https:\/\/durres.gov.al\/2012\/06\/11\/edhe-ne-muajin-qershor-vazhdojne-shfaqjet-e-filmave-italiane-ne-teatrin-e-durresit-amoisiu\/#respond"]}]},{"@type":"WebPage","@id":"https:\/\/durres.gov.al\/2012\/06\/11\/edhe-ne-muajin-qershor-vazhdojne-shfaqjet-e-filmave-italiane-ne-teatrin-e-durresit-amoisiu\/","url":"https:\/\/durres.gov.al\/2012\/06\/11\/edhe-ne-muajin-qershor-vazhdojne-shfaqjet-e-filmave-italiane-ne-teatrin-e-durresit-amoisiu\/","name":"Edhe n\u00eb muajin qershor vazhdojn\u00eb shfaqjet e filmave italian\u00eb n\u00eb teatrin e Durr\u00ebsit A.Moisiu - Bashkia Durr\u00ebs","isPartOf":{"@id":"https:\/\/durres.gov.al\/en\/#website"},"datePublished":"2012-06-11T18:34:28+00:00","breadcrumb":{"@id":"https:\/\/durres.gov.al\/2012\/06\/11\/edhe-ne-muajin-qershor-vazhdojne-shfaqjet-e-filmave-italiane-ne-teatrin-e-durresit-amoisiu\/#breadcrumb"},"inLanguage":"en-US","potentialAction":[{"@type":"ReadAction","target":["https:\/\/durres.gov.al\/2012\/06\/11\/edhe-ne-muajin-qershor-vazhdojne-shfaqjet-e-filmave-italiane-ne-teatrin-e-durresit-amoisiu\/"]}]},{"@type":"BreadcrumbList","@id":"https:\/\/durres.gov.al\/2012\/06\/11\/edhe-ne-muajin-qershor-vazhdojne-shfaqjet-e-filmave-italiane-ne-teatrin-e-durresit-amoisiu\/#breadcrumb","itemListElement":[{"@type":"ListItem","position":1,"name":"Home","item":"https:\/\/durres.gov.al\/"},{"@type":"ListItem","position":2,"name":"Edhe n\u00eb muajin qershor vazhdojn\u00eb shfaqjet e filmave italian\u00eb n\u00eb teatrin e Durr\u00ebsit A.Moisiu"}]},{"@type":"WebSite","@id":"https:\/\/durres.gov.al\/en\/#website","url":"https:\/\/durres.gov.al\/en\/","name":"Municipality of Durr\u00ebs","description":"Faqja Zyrtare n\u00eb Internet","publisher":{"@id":"https:\/\/durres.gov.al\/en\/#organization"},"potentialAction":[{"@type":"SearchAction","target":{"@type":"EntryPoint","urlTemplate":"https:\/\/durres.gov.al\/en\/?s={search_term_string}"},"query-input":{"@type":"PropertyValueSpecification","valueRequired":true,"valueName":"search_term_string"}}],"inLanguage":"en-US"},{"@type":"Organization","@id":"https:\/\/durres.gov.al\/en\/#organization","name":"Municipality of Durr\u00ebs","url":"https:\/\/durres.gov.al\/en\/","logo":{"@type":"ImageObject","inLanguage":"en-US","@id":"https:\/\/durres.gov.al\/en\/#\/schema\/logo\/image\/","url":"https:\/\/durres.gov.al\/wp-content\/uploads\/2023\/01\/cropped-logo.png","contentUrl":"https:\/\/durres.gov.al\/wp-content\/uploads\/2023\/01\/cropped-logo.png","width":512,"height":512,"caption":"Bashkia Durr\u00ebs"},"image":{"@id":"https:\/\/durres.gov.al\/en\/#\/schema\/logo\/image\/"}},{"@type":"Person","@id":"https:\/\/durres.gov.al\/en\/#\/schema\/person\/b635fa3d3fcab493eb6efe564996a856","name":"admin","sameAs":["https:\/\/durres.gov.al"],"url":"https:\/\/durres.gov.al\/en\/author\/admin\/"}]}},"_links":{"self":[{"href":"https:\/\/durres.gov.al\/en\/wp-json\/wp\/v2\/posts\/15356","targetHints":{"allow":["GET"]}}],"collection":[{"href":"https:\/\/durres.gov.al\/en\/wp-json\/wp\/v2\/posts"}],"about":[{"href":"https:\/\/durres.gov.al\/en\/wp-json\/wp\/v2\/types\/post"}],"author":[{"embeddable":true,"href":"https:\/\/durres.gov.al\/en\/wp-json\/wp\/v2\/users\/4"}],"replies":[{"embeddable":true,"href":"https:\/\/durres.gov.al\/en\/wp-json\/wp\/v2\/comments?post=15356"}],"version-history":[{"count":0,"href":"https:\/\/durres.gov.al\/en\/wp-json\/wp\/v2\/posts\/15356\/revisions"}],"wp:attachment":[{"href":"https:\/\/durres.gov.al\/en\/wp-json\/wp\/v2\/media?parent=15356"}],"wp:term":[{"taxonomy":"category","embeddable":true,"href":"https:\/\/durres.gov.al\/en\/wp-json\/wp\/v2\/categories?post=15356"},{"taxonomy":"post_tag","embeddable":true,"href":"https:\/\/durres.gov.al\/en\/wp-json\/wp\/v2\/tags?post=15356"}],"curies":[{"name":"wp","href":"https:\/\/api.w.org\/{rel}","templated":true}]}}