{"id":15365,"date":"2012-07-10T21:51:45","date_gmt":"2012-07-10T21:51:45","guid":{"rendered":"https:\/\/durres.gov.al\/edhe-ne-muajin-korrik-vazhdojne-shfaqjet-e-filmave-italiane-ne-teatrin-e-durresit-amoisiu\/"},"modified":"2012-07-10T21:51:45","modified_gmt":"2012-07-10T21:51:45","slug":"edhe-ne-muajin-korrik-vazhdojne-shfaqjet-e-filmave-italiane-ne-teatrin-e-durresit-amoisiu","status":"publish","type":"post","link":"https:\/\/durres.gov.al\/en\/2012\/07\/10\/edhe-ne-muajin-korrik-vazhdojne-shfaqjet-e-filmave-italiane-ne-teatrin-e-durresit-amoisiu\/","title":{"rendered":"Edhe n\u00eb muajin korrik vazhdojn\u00eb shfaqjet e filmave italian\u00eb n\u00eb teatrin e Durr\u00ebsit A.Moisiu."},"content":{"rendered":"<p>\u00a0<\/p>\n<div style=\"text-align: center\"><\/div>\n<p>Edhe n\u00eb muajin korrik vazhdojn\u00eb shfaqjet e filmave italian\u00eb n\u00eb teatrin e Durr\u00ebsit A.Moisiu. Me mb\u00ebshtetjen\u00a0e\u00a0Bashkis\u00eb s\u00eb Durr\u00ebsit cdo t\u00eb m\u00ebrkur\u00eb n\u00eb teatrin A.Moisiu t\u00eb Durr\u00ebsit n\u00eb p\u00ebrputhje me t\u00eb gjitha kushtet bashk\u00ebkohore do t\u00eb vazhdojn\u00eb t\u00eb shfaqen produksionet kinematografike q\u00eb do t\u00eb vazhdojn\u00eb deri n\u00eb muajin\u00a0dhjetor t\u00eb k\u00ebtij viti n\u00eb teatrin A.Moisiu ku shfaqen shum\u00eb filma t\u00eb njohur t\u00eb kinemas\u00eb italiane.\u00a0Filmat\u00a0do t\u00eb shfaqen cdo t\u00eb m\u00ebrkur\u00eb dhe do t\u00eb jen\u00eb nga produksionet m\u00eb t\u00eb ndjekura edhe n\u00eb kinemat\u00eb\u00a0e\u00a0Italis\u00eb. Kinemaja italiane n\u00eb Durr\u00ebs\u00a0e\u00a0cila \u00ebsht\u00eb nj\u00eb nism\u00eb\u00a0e\u00a0Institutit Italian t\u00eb Kultur\u00ebs me mb\u00ebshtetjen\u00a0e\u00a0Bashkis\u00eb s\u00eb qytetit vazhdon\u00a0<strong>n\u00eb muajin korrik<\/strong>\u00a0me projeksionet e disa prej filmave m\u00eb t\u00eb mir\u00eb italian\u00eb<strong>\u00a0\u00e7do t\u00eb m\u00ebrkur\u00eb n\u00eb or\u00ebn 19.00<\/strong>. Ju ftojm\u00eb t\u00eb merrni pjes\u00eb cdo t\u00eb m\u00ebrkur\u00eb n\u00eb net\u00ebt\u00a0e\u00a0filmit\u00a0italian n\u00eb Durr\u00ebs ku hyrja do t\u00eb jet\u00eb falas p\u00ebr publikun. <\/p>\n<p>\u00a0<\/p>\n<p><strong><span>K\u00ebt\u00eb t\u00eb m\u00ebrkur\u00eb n\u00eb 11 korrik n\u00eb or\u00ebn 19.00 do t\u00eb jepet filmi\u00a0<\/span><\/strong><strong><em>Centochiodi\u00a0<\/em><\/strong><strong>di Ermanno Olmi<\/strong><em>,\u00a0<strong>2007<\/strong><\/em><\/p>","protected":false},"excerpt":{"rendered":"<p>\u00a0 Edhe n\u00eb muajin korrik vazhdojn\u00eb shfaqjet e filmave italian\u00eb n\u00eb teatrin e Durr\u00ebsit A.Moisiu. Me mb\u00ebshtetjen\u00a0e\u00a0Bashkis\u00eb s\u00eb Durr\u00ebsit cdo t\u00eb m\u00ebrkur\u00eb n\u00eb teatrin A.Moisiu t\u00eb Durr\u00ebsit n\u00eb p\u00ebrputhje me t\u00eb gjitha kushtet bashk\u00ebkohore do t\u00eb vazhdojn\u00eb t\u00eb shfaqen produksionet kinematografike q\u00eb do t\u00eb vazhdojn\u00eb deri n\u00eb muajin\u00a0dhjetor t\u00eb k\u00ebtij viti n\u00eb teatrin A.Moisiu ku [&hellip;]<\/p>\n","protected":false},"author":4,"featured_media":15364,"comment_status":"open","ping_status":"open","sticky":false,"template":"","format":"standard","meta":{"_acf_changed":false,"footnotes":""},"categories":[37],"tags":[],"class_list":["post-15365","post","type-post","status-publish","format-standard","has-post-thumbnail","hentry","category-njoftime"],"acf":[],"yoast_head":"<!-- This site is optimized with the Yoast SEO plugin v27.4 - https:\/\/yoast.com\/product\/yoast-seo-wordpress\/ -->\n<title>Edhe n\u00eb muajin korrik vazhdojn\u00eb shfaqjet e filmave italian\u00eb n\u00eb teatrin e Durr\u00ebsit A.Moisiu. - Bashkia Durr\u00ebs<\/title>\n<meta name=\"robots\" content=\"index, follow, max-snippet:-1, max-image-preview:large, max-video-preview:-1\" \/>\n<link rel=\"canonical\" href=\"https:\/\/durres.gov.al\/en\/2012\/07\/10\/edhe-ne-muajin-korrik-vazhdojne-shfaqjet-e-filmave-italiane-ne-teatrin-e-durresit-amoisiu\/\" \/>\n<meta property=\"og:locale\" content=\"en_US\" \/>\n<meta property=\"og:type\" content=\"article\" \/>\n<meta property=\"og:title\" content=\"Edhe n\u00eb muajin korrik vazhdojn\u00eb shfaqjet e filmave italian\u00eb n\u00eb teatrin e Durr\u00ebsit A.Moisiu. - Bashkia Durr\u00ebs\" \/>\n<meta property=\"og:description\" content=\"\u00a0 Edhe n\u00eb muajin korrik vazhdojn\u00eb shfaqjet e filmave italian\u00eb n\u00eb teatrin e Durr\u00ebsit A.Moisiu. Me mb\u00ebshtetjen\u00a0e\u00a0Bashkis\u00eb s\u00eb Durr\u00ebsit cdo t\u00eb m\u00ebrkur\u00eb n\u00eb teatrin A.Moisiu t\u00eb Durr\u00ebsit n\u00eb p\u00ebrputhje me t\u00eb gjitha kushtet bashk\u00ebkohore do t\u00eb vazhdojn\u00eb t\u00eb shfaqen produksionet kinematografike q\u00eb do t\u00eb vazhdojn\u00eb deri n\u00eb muajin\u00a0dhjetor t\u00eb k\u00ebtij viti n\u00eb teatrin A.Moisiu ku [&hellip;]\" \/>\n<meta property=\"og:url\" content=\"https:\/\/durres.gov.al\/en\/2012\/07\/10\/edhe-ne-muajin-korrik-vazhdojne-shfaqjet-e-filmave-italiane-ne-teatrin-e-durresit-amoisiu\/\" \/>\n<meta property=\"og:site_name\" content=\"Bashkia Durr\u00ebs\" \/>\n<meta property=\"article:published_time\" content=\"2012-07-10T21:51:45+00:00\" \/>\n<meta property=\"og:image\" content=\"https:\/\/durres.gov.al\/wp-content\/uploads\/2012\/07\/aaaimage.png\" \/>\n\t<meta property=\"og:image:width\" content=\"849\" \/>\n\t<meta property=\"og:image:height\" content=\"236\" \/>\n\t<meta property=\"og:image:type\" content=\"image\/png\" \/>\n<meta name=\"author\" content=\"admin\" \/>\n<meta name=\"twitter:card\" content=\"summary_large_image\" \/>\n<meta name=\"twitter:label1\" content=\"Written by\" \/>\n\t<meta name=\"twitter:data1\" content=\"admin\" \/>\n\t<meta name=\"twitter:label2\" content=\"Est. reading time\" \/>\n\t<meta name=\"twitter:data2\" content=\"1 minute\" \/>\n<script type=\"application\/ld+json\" class=\"yoast-schema-graph\">{\"@context\":\"https:\\\/\\\/schema.org\",\"@graph\":[{\"@type\":\"Article\",\"@id\":\"https:\\\/\\\/durres.gov.al\\\/2012\\\/07\\\/10\\\/edhe-ne-muajin-korrik-vazhdojne-shfaqjet-e-filmave-italiane-ne-teatrin-e-durresit-amoisiu\\\/#article\",\"isPartOf\":{\"@id\":\"https:\\\/\\\/durres.gov.al\\\/2012\\\/07\\\/10\\\/edhe-ne-muajin-korrik-vazhdojne-shfaqjet-e-filmave-italiane-ne-teatrin-e-durresit-amoisiu\\\/\"},\"author\":{\"name\":\"admin\",\"@id\":\"https:\\\/\\\/durres.gov.al\\\/en\\\/#\\\/schema\\\/person\\\/b635fa3d3fcab493eb6efe564996a856\"},\"headline\":\"Edhe n\u00eb muajin korrik vazhdojn\u00eb shfaqjet e filmave italian\u00eb n\u00eb teatrin e Durr\u00ebsit A.Moisiu.\",\"datePublished\":\"2012-07-10T21:51:45+00:00\",\"mainEntityOfPage\":{\"@id\":\"https:\\\/\\\/durres.gov.al\\\/2012\\\/07\\\/10\\\/edhe-ne-muajin-korrik-vazhdojne-shfaqjet-e-filmave-italiane-ne-teatrin-e-durresit-amoisiu\\\/\"},\"wordCount\":203,\"commentCount\":0,\"publisher\":{\"@id\":\"https:\\\/\\\/durres.gov.al\\\/en\\\/#organization\"},\"image\":{\"@id\":\"https:\\\/\\\/durres.gov.al\\\/2012\\\/07\\\/10\\\/edhe-ne-muajin-korrik-vazhdojne-shfaqjet-e-filmave-italiane-ne-teatrin-e-durresit-amoisiu\\\/#primaryimage\"},\"thumbnailUrl\":\"https:\\\/\\\/durres.gov.al\\\/wp-content\\\/uploads\\\/2012\\\/07\\\/aaaimage.png\",\"articleSection\":[\"Njoftime\"],\"inLanguage\":\"en-US\",\"potentialAction\":[{\"@type\":\"CommentAction\",\"name\":\"Comment\",\"target\":[\"https:\\\/\\\/durres.gov.al\\\/2012\\\/07\\\/10\\\/edhe-ne-muajin-korrik-vazhdojne-shfaqjet-e-filmave-italiane-ne-teatrin-e-durresit-amoisiu\\\/#respond\"]}]},{\"@type\":\"WebPage\",\"@id\":\"https:\\\/\\\/durres.gov.al\\\/2012\\\/07\\\/10\\\/edhe-ne-muajin-korrik-vazhdojne-shfaqjet-e-filmave-italiane-ne-teatrin-e-durresit-amoisiu\\\/\",\"url\":\"https:\\\/\\\/durres.gov.al\\\/2012\\\/07\\\/10\\\/edhe-ne-muajin-korrik-vazhdojne-shfaqjet-e-filmave-italiane-ne-teatrin-e-durresit-amoisiu\\\/\",\"name\":\"Edhe n\u00eb muajin korrik vazhdojn\u00eb shfaqjet e filmave italian\u00eb n\u00eb teatrin e Durr\u00ebsit A.Moisiu. - Bashkia Durr\u00ebs\",\"isPartOf\":{\"@id\":\"https:\\\/\\\/durres.gov.al\\\/en\\\/#website\"},\"primaryImageOfPage\":{\"@id\":\"https:\\\/\\\/durres.gov.al\\\/2012\\\/07\\\/10\\\/edhe-ne-muajin-korrik-vazhdojne-shfaqjet-e-filmave-italiane-ne-teatrin-e-durresit-amoisiu\\\/#primaryimage\"},\"image\":{\"@id\":\"https:\\\/\\\/durres.gov.al\\\/2012\\\/07\\\/10\\\/edhe-ne-muajin-korrik-vazhdojne-shfaqjet-e-filmave-italiane-ne-teatrin-e-durresit-amoisiu\\\/#primaryimage\"},\"thumbnailUrl\":\"https:\\\/\\\/durres.gov.al\\\/wp-content\\\/uploads\\\/2012\\\/07\\\/aaaimage.png\",\"datePublished\":\"2012-07-10T21:51:45+00:00\",\"breadcrumb\":{\"@id\":\"https:\\\/\\\/durres.gov.al\\\/2012\\\/07\\\/10\\\/edhe-ne-muajin-korrik-vazhdojne-shfaqjet-e-filmave-italiane-ne-teatrin-e-durresit-amoisiu\\\/#breadcrumb\"},\"inLanguage\":\"en-US\",\"potentialAction\":[{\"@type\":\"ReadAction\",\"target\":[\"https:\\\/\\\/durres.gov.al\\\/2012\\\/07\\\/10\\\/edhe-ne-muajin-korrik-vazhdojne-shfaqjet-e-filmave-italiane-ne-teatrin-e-durresit-amoisiu\\\/\"]}]},{\"@type\":\"ImageObject\",\"inLanguage\":\"en-US\",\"@id\":\"https:\\\/\\\/durres.gov.al\\\/2012\\\/07\\\/10\\\/edhe-ne-muajin-korrik-vazhdojne-shfaqjet-e-filmave-italiane-ne-teatrin-e-durresit-amoisiu\\\/#primaryimage\",\"url\":\"https:\\\/\\\/durres.gov.al\\\/wp-content\\\/uploads\\\/2012\\\/07\\\/aaaimage.png\",\"contentUrl\":\"https:\\\/\\\/durres.gov.al\\\/wp-content\\\/uploads\\\/2012\\\/07\\\/aaaimage.png\",\"width\":849,\"height\":236},{\"@type\":\"BreadcrumbList\",\"@id\":\"https:\\\/\\\/durres.gov.al\\\/2012\\\/07\\\/10\\\/edhe-ne-muajin-korrik-vazhdojne-shfaqjet-e-filmave-italiane-ne-teatrin-e-durresit-amoisiu\\\/#breadcrumb\",\"itemListElement\":[{\"@type\":\"ListItem\",\"position\":1,\"name\":\"Home\",\"item\":\"https:\\\/\\\/durres.gov.al\\\/\"},{\"@type\":\"ListItem\",\"position\":2,\"name\":\"Edhe n\u00eb muajin korrik vazhdojn\u00eb shfaqjet e filmave italian\u00eb n\u00eb teatrin e Durr\u00ebsit A.Moisiu.\"}]},{\"@type\":\"WebSite\",\"@id\":\"https:\\\/\\\/durres.gov.al\\\/en\\\/#website\",\"url\":\"https:\\\/\\\/durres.gov.al\\\/en\\\/\",\"name\":\"Bashkia Durr\u00ebs\",\"description\":\"Faqja Zyrtare n\u00eb Internet\",\"publisher\":{\"@id\":\"https:\\\/\\\/durres.gov.al\\\/en\\\/#organization\"},\"potentialAction\":[{\"@type\":\"SearchAction\",\"target\":{\"@type\":\"EntryPoint\",\"urlTemplate\":\"https:\\\/\\\/durres.gov.al\\\/en\\\/?s={search_term_string}\"},\"query-input\":{\"@type\":\"PropertyValueSpecification\",\"valueRequired\":true,\"valueName\":\"search_term_string\"}}],\"inLanguage\":\"en-US\"},{\"@type\":\"Organization\",\"@id\":\"https:\\\/\\\/durres.gov.al\\\/en\\\/#organization\",\"name\":\"Bashkia Durr\u00ebs\",\"url\":\"https:\\\/\\\/durres.gov.al\\\/en\\\/\",\"logo\":{\"@type\":\"ImageObject\",\"inLanguage\":\"en-US\",\"@id\":\"https:\\\/\\\/durres.gov.al\\\/en\\\/#\\\/schema\\\/logo\\\/image\\\/\",\"url\":\"https:\\\/\\\/durres.gov.al\\\/wp-content\\\/uploads\\\/2023\\\/01\\\/cropped-logo.png\",\"contentUrl\":\"https:\\\/\\\/durres.gov.al\\\/wp-content\\\/uploads\\\/2023\\\/01\\\/cropped-logo.png\",\"width\":512,\"height\":512,\"caption\":\"Bashkia Durr\u00ebs\"},\"image\":{\"@id\":\"https:\\\/\\\/durres.gov.al\\\/en\\\/#\\\/schema\\\/logo\\\/image\\\/\"}},{\"@type\":\"Person\",\"@id\":\"https:\\\/\\\/durres.gov.al\\\/en\\\/#\\\/schema\\\/person\\\/b635fa3d3fcab493eb6efe564996a856\",\"name\":\"admin\",\"sameAs\":[\"https:\\\/\\\/durres.gov.al\"],\"url\":\"https:\\\/\\\/durres.gov.al\\\/en\\\/author\\\/admin\\\/\"}]}<\/script>\n<!-- \/ Yoast SEO plugin. -->","yoast_head_json":{"title":"Edhe n\u00eb muajin korrik vazhdojn\u00eb shfaqjet e filmave italian\u00eb n\u00eb teatrin e Durr\u00ebsit A.Moisiu. - Bashkia Durr\u00ebs","robots":{"index":"index","follow":"follow","max-snippet":"max-snippet:-1","max-image-preview":"max-image-preview:large","max-video-preview":"max-video-preview:-1"},"canonical":"https:\/\/durres.gov.al\/en\/2012\/07\/10\/edhe-ne-muajin-korrik-vazhdojne-shfaqjet-e-filmave-italiane-ne-teatrin-e-durresit-amoisiu\/","og_locale":"en_US","og_type":"article","og_title":"Edhe n\u00eb muajin korrik vazhdojn\u00eb shfaqjet e filmave italian\u00eb n\u00eb teatrin e Durr\u00ebsit A.Moisiu. - Bashkia Durr\u00ebs","og_description":"\u00a0 Edhe n\u00eb muajin korrik vazhdojn\u00eb shfaqjet e filmave italian\u00eb n\u00eb teatrin e Durr\u00ebsit A.Moisiu. Me mb\u00ebshtetjen\u00a0e\u00a0Bashkis\u00eb s\u00eb Durr\u00ebsit cdo t\u00eb m\u00ebrkur\u00eb n\u00eb teatrin A.Moisiu t\u00eb Durr\u00ebsit n\u00eb p\u00ebrputhje me t\u00eb gjitha kushtet bashk\u00ebkohore do t\u00eb vazhdojn\u00eb t\u00eb shfaqen produksionet kinematografike q\u00eb do t\u00eb vazhdojn\u00eb deri n\u00eb muajin\u00a0dhjetor t\u00eb k\u00ebtij viti n\u00eb teatrin A.Moisiu ku [&hellip;]","og_url":"https:\/\/durres.gov.al\/en\/2012\/07\/10\/edhe-ne-muajin-korrik-vazhdojne-shfaqjet-e-filmave-italiane-ne-teatrin-e-durresit-amoisiu\/","og_site_name":"Bashkia Durr\u00ebs","article_published_time":"2012-07-10T21:51:45+00:00","og_image":[{"width":849,"height":236,"url":"https:\/\/durres.gov.al\/wp-content\/uploads\/2012\/07\/aaaimage.png","type":"image\/png"}],"author":"admin","twitter_card":"summary_large_image","twitter_misc":{"Written by":"admin","Est. reading time":"1 minute"},"schema":{"@context":"https:\/\/schema.org","@graph":[{"@type":"Article","@id":"https:\/\/durres.gov.al\/2012\/07\/10\/edhe-ne-muajin-korrik-vazhdojne-shfaqjet-e-filmave-italiane-ne-teatrin-e-durresit-amoisiu\/#article","isPartOf":{"@id":"https:\/\/durres.gov.al\/2012\/07\/10\/edhe-ne-muajin-korrik-vazhdojne-shfaqjet-e-filmave-italiane-ne-teatrin-e-durresit-amoisiu\/"},"author":{"name":"admin","@id":"https:\/\/durres.gov.al\/en\/#\/schema\/person\/b635fa3d3fcab493eb6efe564996a856"},"headline":"Edhe n\u00eb muajin korrik vazhdojn\u00eb shfaqjet e filmave italian\u00eb n\u00eb teatrin e Durr\u00ebsit A.Moisiu.","datePublished":"2012-07-10T21:51:45+00:00","mainEntityOfPage":{"@id":"https:\/\/durres.gov.al\/2012\/07\/10\/edhe-ne-muajin-korrik-vazhdojne-shfaqjet-e-filmave-italiane-ne-teatrin-e-durresit-amoisiu\/"},"wordCount":203,"commentCount":0,"publisher":{"@id":"https:\/\/durres.gov.al\/en\/#organization"},"image":{"@id":"https:\/\/durres.gov.al\/2012\/07\/10\/edhe-ne-muajin-korrik-vazhdojne-shfaqjet-e-filmave-italiane-ne-teatrin-e-durresit-amoisiu\/#primaryimage"},"thumbnailUrl":"https:\/\/durres.gov.al\/wp-content\/uploads\/2012\/07\/aaaimage.png","articleSection":["Njoftime"],"inLanguage":"en-US","potentialAction":[{"@type":"CommentAction","name":"Comment","target":["https:\/\/durres.gov.al\/2012\/07\/10\/edhe-ne-muajin-korrik-vazhdojne-shfaqjet-e-filmave-italiane-ne-teatrin-e-durresit-amoisiu\/#respond"]}]},{"@type":"WebPage","@id":"https:\/\/durres.gov.al\/2012\/07\/10\/edhe-ne-muajin-korrik-vazhdojne-shfaqjet-e-filmave-italiane-ne-teatrin-e-durresit-amoisiu\/","url":"https:\/\/durres.gov.al\/2012\/07\/10\/edhe-ne-muajin-korrik-vazhdojne-shfaqjet-e-filmave-italiane-ne-teatrin-e-durresit-amoisiu\/","name":"Edhe n\u00eb muajin korrik vazhdojn\u00eb shfaqjet e filmave italian\u00eb n\u00eb teatrin e Durr\u00ebsit A.Moisiu. - Bashkia Durr\u00ebs","isPartOf":{"@id":"https:\/\/durres.gov.al\/en\/#website"},"primaryImageOfPage":{"@id":"https:\/\/durres.gov.al\/2012\/07\/10\/edhe-ne-muajin-korrik-vazhdojne-shfaqjet-e-filmave-italiane-ne-teatrin-e-durresit-amoisiu\/#primaryimage"},"image":{"@id":"https:\/\/durres.gov.al\/2012\/07\/10\/edhe-ne-muajin-korrik-vazhdojne-shfaqjet-e-filmave-italiane-ne-teatrin-e-durresit-amoisiu\/#primaryimage"},"thumbnailUrl":"https:\/\/durres.gov.al\/wp-content\/uploads\/2012\/07\/aaaimage.png","datePublished":"2012-07-10T21:51:45+00:00","breadcrumb":{"@id":"https:\/\/durres.gov.al\/2012\/07\/10\/edhe-ne-muajin-korrik-vazhdojne-shfaqjet-e-filmave-italiane-ne-teatrin-e-durresit-amoisiu\/#breadcrumb"},"inLanguage":"en-US","potentialAction":[{"@type":"ReadAction","target":["https:\/\/durres.gov.al\/2012\/07\/10\/edhe-ne-muajin-korrik-vazhdojne-shfaqjet-e-filmave-italiane-ne-teatrin-e-durresit-amoisiu\/"]}]},{"@type":"ImageObject","inLanguage":"en-US","@id":"https:\/\/durres.gov.al\/2012\/07\/10\/edhe-ne-muajin-korrik-vazhdojne-shfaqjet-e-filmave-italiane-ne-teatrin-e-durresit-amoisiu\/#primaryimage","url":"https:\/\/durres.gov.al\/wp-content\/uploads\/2012\/07\/aaaimage.png","contentUrl":"https:\/\/durres.gov.al\/wp-content\/uploads\/2012\/07\/aaaimage.png","width":849,"height":236},{"@type":"BreadcrumbList","@id":"https:\/\/durres.gov.al\/2012\/07\/10\/edhe-ne-muajin-korrik-vazhdojne-shfaqjet-e-filmave-italiane-ne-teatrin-e-durresit-amoisiu\/#breadcrumb","itemListElement":[{"@type":"ListItem","position":1,"name":"Home","item":"https:\/\/durres.gov.al\/"},{"@type":"ListItem","position":2,"name":"Edhe n\u00eb muajin korrik vazhdojn\u00eb shfaqjet e filmave italian\u00eb n\u00eb teatrin e Durr\u00ebsit A.Moisiu."}]},{"@type":"WebSite","@id":"https:\/\/durres.gov.al\/en\/#website","url":"https:\/\/durres.gov.al\/en\/","name":"Municipality of Durr\u00ebs","description":"Faqja Zyrtare n\u00eb Internet","publisher":{"@id":"https:\/\/durres.gov.al\/en\/#organization"},"potentialAction":[{"@type":"SearchAction","target":{"@type":"EntryPoint","urlTemplate":"https:\/\/durres.gov.al\/en\/?s={search_term_string}"},"query-input":{"@type":"PropertyValueSpecification","valueRequired":true,"valueName":"search_term_string"}}],"inLanguage":"en-US"},{"@type":"Organization","@id":"https:\/\/durres.gov.al\/en\/#organization","name":"Municipality of Durr\u00ebs","url":"https:\/\/durres.gov.al\/en\/","logo":{"@type":"ImageObject","inLanguage":"en-US","@id":"https:\/\/durres.gov.al\/en\/#\/schema\/logo\/image\/","url":"https:\/\/durres.gov.al\/wp-content\/uploads\/2023\/01\/cropped-logo.png","contentUrl":"https:\/\/durres.gov.al\/wp-content\/uploads\/2023\/01\/cropped-logo.png","width":512,"height":512,"caption":"Bashkia Durr\u00ebs"},"image":{"@id":"https:\/\/durres.gov.al\/en\/#\/schema\/logo\/image\/"}},{"@type":"Person","@id":"https:\/\/durres.gov.al\/en\/#\/schema\/person\/b635fa3d3fcab493eb6efe564996a856","name":"admin","sameAs":["https:\/\/durres.gov.al"],"url":"https:\/\/durres.gov.al\/en\/author\/admin\/"}]}},"_links":{"self":[{"href":"https:\/\/durres.gov.al\/en\/wp-json\/wp\/v2\/posts\/15365","targetHints":{"allow":["GET"]}}],"collection":[{"href":"https:\/\/durres.gov.al\/en\/wp-json\/wp\/v2\/posts"}],"about":[{"href":"https:\/\/durres.gov.al\/en\/wp-json\/wp\/v2\/types\/post"}],"author":[{"embeddable":true,"href":"https:\/\/durres.gov.al\/en\/wp-json\/wp\/v2\/users\/4"}],"replies":[{"embeddable":true,"href":"https:\/\/durres.gov.al\/en\/wp-json\/wp\/v2\/comments?post=15365"}],"version-history":[{"count":0,"href":"https:\/\/durres.gov.al\/en\/wp-json\/wp\/v2\/posts\/15365\/revisions"}],"wp:featuredmedia":[{"embeddable":true,"href":"https:\/\/durres.gov.al\/en\/wp-json\/wp\/v2\/media\/15364"}],"wp:attachment":[{"href":"https:\/\/durres.gov.al\/en\/wp-json\/wp\/v2\/media?parent=15365"}],"wp:term":[{"taxonomy":"category","embeddable":true,"href":"https:\/\/durres.gov.al\/en\/wp-json\/wp\/v2\/categories?post=15365"},{"taxonomy":"post_tag","embeddable":true,"href":"https:\/\/durres.gov.al\/en\/wp-json\/wp\/v2\/tags?post=15365"}],"curies":[{"name":"wp","href":"https:\/\/api.w.org\/{rel}","templated":true}]}}