{"id":15367,"date":"2011-10-03T08:04:09","date_gmt":"2011-10-03T08:04:09","guid":{"rendered":"https:\/\/durres.gov.al\/projekt-buxheti-per-vitin-2012\/"},"modified":"2011-10-03T08:04:09","modified_gmt":"2011-10-03T08:04:09","slug":"projekt-buxheti-per-vitin-2012","status":"publish","type":"post","link":"https:\/\/durres.gov.al\/en\/2011\/10\/03\/projekt-buxheti-per-vitin-2012\/","title":{"rendered":"Buxheti per vitin 2012"},"content":{"rendered":"<p>N\u00eb vijim t\u00eb pun\u00ebs pesevjecare dhe eksperienc\u00ebs s\u00eb akumuluar tashm\u00eb, kam k\u00ebnaq\u00ebsin\u00eb t\u00eb prezantoj projektin e t\u00eb ardhurave dhe shpenzimeve t\u00eb Qytetit t\u00eb Durr\u00ebsit p\u00ebr vitin 2012 . Puna e disa muajve p\u00ebr t\u00eb p\u00ebrcaktuar nd\u00ebrhyrjet n\u00eb qytet ka filluar me vler\u00ebsimin e nevojave , por edhe t\u00eb pritshm\u00ebrise s\u00eb komunitetit p\u00ebrsa i takon prioriteteve p\u00ebr t\u00eb p\u00ebrmir\u00ebsuar cil\u00ebsin\u00eb e jetes s\u00eb qytetar\u00ebve. Pavar\u00ebsisht p\u00ebrballjes me nj\u00eb reduktim t\u00eb ndjesh\u00ebm t\u00eb t\u00eb ardhurave t\u00eb Qytetit t\u00eb Durr\u00ebsit , vazhojm\u00eb me t\u00eb njejt\u00ebn ambicje t\u00eb jet\u00ebsimit t\u00eb prioriteteve sipas t\u00eb nj\u00ebjt\u00ebs p\u00ebrqasje at\u00eb t\u00eb buxhetimit me pjesmarrje, i cili eshte bere nje model qe vjen e permiresohet nga viti ne vit .<br \/>\n<!--more--><\/p>\n<p>K\u00ebndv\u00ebshtrimi qytetar i shprehur n\u00eb form\u00ebn e opinioneve apo perceptimeve p\u00ebr vitin 2011 apo n\u00ebp\u00ebrmjet t\u00eb gjith\u00eb formave apo mekanizmave te tjer\u00eb t\u00eb thithjes s\u00eb k\u00ebtij mendimi na orientuan n\u00eb hartimin e k\u00ebtij projekt buxheti p\u00ebr vitin n\u00eb vijim , profili i t\u00eb cilit jepet si m\u00eb posht\u00eb: <\/p>\n<p>\u00a0&#8211; P\u00ebrafrim i m\u00ebtejsh\u00ebm i kapaciteteve tona planifikuese dhe menaxhuese n\u00eb drejtim t\u00eb investimeve n\u00eb pun\u00eb publike i kordinuar jovet\u00ebm me pritshm\u00ebrin\u00eb n\u00eb rritje te komunitetit , por edhe me politikat e zhvillimit t\u00eb qytetit sipas nj\u00eb kuadri t\u00eb integruar politikash t\u00eb rregullimit t\u00eb territorit ; <\/p>\n<p>\u00a0&#8211; Vazhdimin e p\u00ebrmir\u00ebsimit t\u00eb ndjesh\u00ebm t\u00eb infrastruktur\u00ebs rrugore <\/p>\n<p>\u00a0&#8211; Perdorim t\u00eb mjeteve alternative t\u00eb financimit me kredi p\u00ebr projektet e Banesave Sociale me qera. <\/p>\n<p>\u00a0&#8211; Bashkefinancimin ne projekte ne kuader te bashkepunimit nderkufitar te programit te paraaderimit ne BE . <\/p>\n<p>\u00a0&#8211; Vijimin e investimeve p\u00ebr shtimin sasior dhe cil\u00ebsor t\u00eb hap\u00ebsirave t\u00eb gjelb\u00ebrta , si dhe p\u00ebrmir\u00ebsimin e sh\u00ebrbimeve t\u00eb tjera publike , q\u00eb ndikojn\u00eb pozitivisht p\u00ebr nj\u00eb rritje cil\u00ebsore t\u00eb jet\u00ebs n\u00eb qytet. <\/p>\n<p>\u00a0&#8211; Vijohet me nj\u00eb kontribut n\u00eb rritje t\u00eb shpenzimeve p\u00ebr sh\u00ebrbimet sociale , duke synuar nj\u00eb rritje cil\u00ebsore dhe sasiore t\u00eb tyre , por edhe n\u00eb zgjerim sh\u00ebrbimesh. <\/p>\n<p>\u00a0&#8211; Vijohet me nj\u00eb rritje progresive t\u00eb shpenzimeve n\u00eb mir\u00ebmbajtjen e infrastruktur\u00ebs s\u00eb qytetit, kryesisht p\u00ebr rrug\u00ebt e nd\u00ebrtuara , objektetet arsimore , si dhe sh\u00ebrbimet e tjera publike. <\/p>\n<p>\u00a0&#8211; Plani i investimeve kapitale vazhdon me nj\u00eb shp\u00ebrndarje ekualizuese drejt zonave informale dhe atyre n\u00eb nevoj\u00eb , p\u00ebrkundrejt atyre formale dhe kontribuese n\u00eb buxhetin e bashkis\u00eb , duke i dh\u00ebn\u00eb nj\u00eb natyr\u00eb sociale rishp\u00ebrndarjes s\u00eb kontributeve t\u00eb komunitetit. <\/p>\n<p>\u00a0&#8211; Prezantimi i buxhetit me programe sektoriale dhe prioritare t\u00eb mb\u00ebshtetura n\u00eb kostot reale, ku p\u00ebrcaktohen qart\u00eb objektivat p\u00ebr \u00e7do sektor si dhe raporti produkt\/rezultat. <\/p>\n<p>Duke e mbyllur do t\u2019ju ftoja ta miratojme te gjithe se bashku kete projekt \u2010buxhet si nje pergjigje qytetare dhe pergjegjshmeri politike te votuesve tane per te ofruar sherbimet publike dhe percaktuar politikat e zhvillimit te qytetit tone.<\/p>\n<p>   <a href=\"https:\/\/durres.gov.al\/wp-content\/uploads\/2011\/10\/buxheti_2012-.pdf\">Shkarko  dokumentin e plote te Buxhetit 2012<\/a> <\/p>\n<p>\u00a0<\/p>","protected":false},"excerpt":{"rendered":"<p>N\u00eb vijim t\u00eb pun\u00ebs pesevjecare dhe eksperienc\u00ebs s\u00eb akumuluar tashm\u00eb, kam k\u00ebnaq\u00ebsin\u00eb t\u00eb prezantoj projektin e t\u00eb ardhurave dhe shpenzimeve t\u00eb Qytetit t\u00eb Durr\u00ebsit p\u00ebr vitin 2012 . Puna e disa muajve p\u00ebr t\u00eb p\u00ebrcaktuar nd\u00ebrhyrjet n\u00eb qytet ka filluar me vler\u00ebsimin e nevojave , por edhe t\u00eb pritshm\u00ebrise s\u00eb komunitetit p\u00ebrsa i takon prioriteteve [&hellip;]<\/p>\n","protected":false},"author":4,"featured_media":0,"comment_status":"open","ping_status":"open","sticky":false,"template":"","format":"standard","meta":{"_acf_changed":false,"footnotes":""},"categories":[37],"tags":[],"class_list":["post-15367","post","type-post","status-publish","format-standard","hentry","category-njoftime"],"acf":[],"yoast_head":"<!-- This site is optimized with the Yoast SEO plugin v27.4 - https:\/\/yoast.com\/product\/yoast-seo-wordpress\/ -->\n<title>Buxheti per vitin 2012 - Bashkia Durr\u00ebs<\/title>\n<meta name=\"robots\" content=\"index, follow, max-snippet:-1, max-image-preview:large, max-video-preview:-1\" \/>\n<link rel=\"canonical\" href=\"https:\/\/durres.gov.al\/en\/2011\/10\/03\/projekt-buxheti-per-vitin-2012\/\" \/>\n<meta property=\"og:locale\" content=\"en_US\" \/>\n<meta property=\"og:type\" content=\"article\" \/>\n<meta property=\"og:title\" content=\"Buxheti per vitin 2012 - Bashkia Durr\u00ebs\" \/>\n<meta property=\"og:description\" content=\"N\u00eb vijim t\u00eb pun\u00ebs pesevjecare dhe eksperienc\u00ebs s\u00eb akumuluar tashm\u00eb, kam k\u00ebnaq\u00ebsin\u00eb t\u00eb prezantoj projektin e t\u00eb ardhurave dhe shpenzimeve t\u00eb Qytetit t\u00eb Durr\u00ebsit p\u00ebr vitin 2012 . Puna e disa muajve p\u00ebr t\u00eb p\u00ebrcaktuar nd\u00ebrhyrjet n\u00eb qytet ka filluar me vler\u00ebsimin e nevojave , por edhe t\u00eb pritshm\u00ebrise s\u00eb komunitetit p\u00ebrsa i takon prioriteteve [&hellip;]\" \/>\n<meta property=\"og:url\" content=\"https:\/\/durres.gov.al\/en\/2011\/10\/03\/projekt-buxheti-per-vitin-2012\/\" \/>\n<meta property=\"og:site_name\" content=\"Bashkia Durr\u00ebs\" \/>\n<meta property=\"article:published_time\" content=\"2011-10-03T08:04:09+00:00\" \/>\n<meta name=\"author\" content=\"admin\" \/>\n<meta name=\"twitter:card\" content=\"summary_large_image\" \/>\n<meta name=\"twitter:label1\" content=\"Written by\" \/>\n\t<meta name=\"twitter:data1\" content=\"admin\" \/>\n\t<meta name=\"twitter:label2\" content=\"Est. reading time\" \/>\n\t<meta name=\"twitter:data2\" content=\"3 minutes\" \/>\n<script type=\"application\/ld+json\" class=\"yoast-schema-graph\">{\"@context\":\"https:\\\/\\\/schema.org\",\"@graph\":[{\"@type\":\"Article\",\"@id\":\"https:\\\/\\\/durres.gov.al\\\/2011\\\/10\\\/03\\\/projekt-buxheti-per-vitin-2012\\\/#article\",\"isPartOf\":{\"@id\":\"https:\\\/\\\/durres.gov.al\\\/2011\\\/10\\\/03\\\/projekt-buxheti-per-vitin-2012\\\/\"},\"author\":{\"name\":\"admin\",\"@id\":\"https:\\\/\\\/durres.gov.al\\\/en\\\/#\\\/schema\\\/person\\\/b635fa3d3fcab493eb6efe564996a856\"},\"headline\":\"Buxheti per vitin 2012\",\"datePublished\":\"2011-10-03T08:04:09+00:00\",\"mainEntityOfPage\":{\"@id\":\"https:\\\/\\\/durres.gov.al\\\/2011\\\/10\\\/03\\\/projekt-buxheti-per-vitin-2012\\\/\"},\"wordCount\":504,\"commentCount\":0,\"publisher\":{\"@id\":\"https:\\\/\\\/durres.gov.al\\\/en\\\/#organization\"},\"articleSection\":[\"Njoftime\"],\"inLanguage\":\"en-US\",\"potentialAction\":[{\"@type\":\"CommentAction\",\"name\":\"Comment\",\"target\":[\"https:\\\/\\\/durres.gov.al\\\/2011\\\/10\\\/03\\\/projekt-buxheti-per-vitin-2012\\\/#respond\"]}]},{\"@type\":\"WebPage\",\"@id\":\"https:\\\/\\\/durres.gov.al\\\/2011\\\/10\\\/03\\\/projekt-buxheti-per-vitin-2012\\\/\",\"url\":\"https:\\\/\\\/durres.gov.al\\\/2011\\\/10\\\/03\\\/projekt-buxheti-per-vitin-2012\\\/\",\"name\":\"Buxheti per vitin 2012 - Bashkia Durr\u00ebs\",\"isPartOf\":{\"@id\":\"https:\\\/\\\/durres.gov.al\\\/en\\\/#website\"},\"datePublished\":\"2011-10-03T08:04:09+00:00\",\"breadcrumb\":{\"@id\":\"https:\\\/\\\/durres.gov.al\\\/2011\\\/10\\\/03\\\/projekt-buxheti-per-vitin-2012\\\/#breadcrumb\"},\"inLanguage\":\"en-US\",\"potentialAction\":[{\"@type\":\"ReadAction\",\"target\":[\"https:\\\/\\\/durres.gov.al\\\/2011\\\/10\\\/03\\\/projekt-buxheti-per-vitin-2012\\\/\"]}]},{\"@type\":\"BreadcrumbList\",\"@id\":\"https:\\\/\\\/durres.gov.al\\\/2011\\\/10\\\/03\\\/projekt-buxheti-per-vitin-2012\\\/#breadcrumb\",\"itemListElement\":[{\"@type\":\"ListItem\",\"position\":1,\"name\":\"Home\",\"item\":\"https:\\\/\\\/durres.gov.al\\\/\"},{\"@type\":\"ListItem\",\"position\":2,\"name\":\"Buxheti per vitin 2012\"}]},{\"@type\":\"WebSite\",\"@id\":\"https:\\\/\\\/durres.gov.al\\\/en\\\/#website\",\"url\":\"https:\\\/\\\/durres.gov.al\\\/en\\\/\",\"name\":\"Bashkia Durr\u00ebs\",\"description\":\"Faqja Zyrtare n\u00eb Internet\",\"publisher\":{\"@id\":\"https:\\\/\\\/durres.gov.al\\\/en\\\/#organization\"},\"potentialAction\":[{\"@type\":\"SearchAction\",\"target\":{\"@type\":\"EntryPoint\",\"urlTemplate\":\"https:\\\/\\\/durres.gov.al\\\/en\\\/?s={search_term_string}\"},\"query-input\":{\"@type\":\"PropertyValueSpecification\",\"valueRequired\":true,\"valueName\":\"search_term_string\"}}],\"inLanguage\":\"en-US\"},{\"@type\":\"Organization\",\"@id\":\"https:\\\/\\\/durres.gov.al\\\/en\\\/#organization\",\"name\":\"Bashkia Durr\u00ebs\",\"url\":\"https:\\\/\\\/durres.gov.al\\\/en\\\/\",\"logo\":{\"@type\":\"ImageObject\",\"inLanguage\":\"en-US\",\"@id\":\"https:\\\/\\\/durres.gov.al\\\/en\\\/#\\\/schema\\\/logo\\\/image\\\/\",\"url\":\"https:\\\/\\\/durres.gov.al\\\/wp-content\\\/uploads\\\/2023\\\/01\\\/cropped-logo.png\",\"contentUrl\":\"https:\\\/\\\/durres.gov.al\\\/wp-content\\\/uploads\\\/2023\\\/01\\\/cropped-logo.png\",\"width\":512,\"height\":512,\"caption\":\"Bashkia Durr\u00ebs\"},\"image\":{\"@id\":\"https:\\\/\\\/durres.gov.al\\\/en\\\/#\\\/schema\\\/logo\\\/image\\\/\"}},{\"@type\":\"Person\",\"@id\":\"https:\\\/\\\/durres.gov.al\\\/en\\\/#\\\/schema\\\/person\\\/b635fa3d3fcab493eb6efe564996a856\",\"name\":\"admin\",\"sameAs\":[\"https:\\\/\\\/durres.gov.al\"],\"url\":\"https:\\\/\\\/durres.gov.al\\\/en\\\/author\\\/admin\\\/\"}]}<\/script>\n<!-- \/ Yoast SEO plugin. -->","yoast_head_json":{"title":"Buxheti per vitin 2012 - Bashkia Durr\u00ebs","robots":{"index":"index","follow":"follow","max-snippet":"max-snippet:-1","max-image-preview":"max-image-preview:large","max-video-preview":"max-video-preview:-1"},"canonical":"https:\/\/durres.gov.al\/en\/2011\/10\/03\/projekt-buxheti-per-vitin-2012\/","og_locale":"en_US","og_type":"article","og_title":"Buxheti per vitin 2012 - Bashkia Durr\u00ebs","og_description":"N\u00eb vijim t\u00eb pun\u00ebs pesevjecare dhe eksperienc\u00ebs s\u00eb akumuluar tashm\u00eb, kam k\u00ebnaq\u00ebsin\u00eb t\u00eb prezantoj projektin e t\u00eb ardhurave dhe shpenzimeve t\u00eb Qytetit t\u00eb Durr\u00ebsit p\u00ebr vitin 2012 . Puna e disa muajve p\u00ebr t\u00eb p\u00ebrcaktuar nd\u00ebrhyrjet n\u00eb qytet ka filluar me vler\u00ebsimin e nevojave , por edhe t\u00eb pritshm\u00ebrise s\u00eb komunitetit p\u00ebrsa i takon prioriteteve [&hellip;]","og_url":"https:\/\/durres.gov.al\/en\/2011\/10\/03\/projekt-buxheti-per-vitin-2012\/","og_site_name":"Bashkia Durr\u00ebs","article_published_time":"2011-10-03T08:04:09+00:00","author":"admin","twitter_card":"summary_large_image","twitter_misc":{"Written by":"admin","Est. reading time":"3 minutes"},"schema":{"@context":"https:\/\/schema.org","@graph":[{"@type":"Article","@id":"https:\/\/durres.gov.al\/2011\/10\/03\/projekt-buxheti-per-vitin-2012\/#article","isPartOf":{"@id":"https:\/\/durres.gov.al\/2011\/10\/03\/projekt-buxheti-per-vitin-2012\/"},"author":{"name":"admin","@id":"https:\/\/durres.gov.al\/en\/#\/schema\/person\/b635fa3d3fcab493eb6efe564996a856"},"headline":"Buxheti per vitin 2012","datePublished":"2011-10-03T08:04:09+00:00","mainEntityOfPage":{"@id":"https:\/\/durres.gov.al\/2011\/10\/03\/projekt-buxheti-per-vitin-2012\/"},"wordCount":504,"commentCount":0,"publisher":{"@id":"https:\/\/durres.gov.al\/en\/#organization"},"articleSection":["Njoftime"],"inLanguage":"en-US","potentialAction":[{"@type":"CommentAction","name":"Comment","target":["https:\/\/durres.gov.al\/2011\/10\/03\/projekt-buxheti-per-vitin-2012\/#respond"]}]},{"@type":"WebPage","@id":"https:\/\/durres.gov.al\/2011\/10\/03\/projekt-buxheti-per-vitin-2012\/","url":"https:\/\/durres.gov.al\/2011\/10\/03\/projekt-buxheti-per-vitin-2012\/","name":"Buxheti per vitin 2012 - Bashkia Durr\u00ebs","isPartOf":{"@id":"https:\/\/durres.gov.al\/en\/#website"},"datePublished":"2011-10-03T08:04:09+00:00","breadcrumb":{"@id":"https:\/\/durres.gov.al\/2011\/10\/03\/projekt-buxheti-per-vitin-2012\/#breadcrumb"},"inLanguage":"en-US","potentialAction":[{"@type":"ReadAction","target":["https:\/\/durres.gov.al\/2011\/10\/03\/projekt-buxheti-per-vitin-2012\/"]}]},{"@type":"BreadcrumbList","@id":"https:\/\/durres.gov.al\/2011\/10\/03\/projekt-buxheti-per-vitin-2012\/#breadcrumb","itemListElement":[{"@type":"ListItem","position":1,"name":"Home","item":"https:\/\/durres.gov.al\/"},{"@type":"ListItem","position":2,"name":"Buxheti per vitin 2012"}]},{"@type":"WebSite","@id":"https:\/\/durres.gov.al\/en\/#website","url":"https:\/\/durres.gov.al\/en\/","name":"Municipality of Durr\u00ebs","description":"Faqja Zyrtare n\u00eb Internet","publisher":{"@id":"https:\/\/durres.gov.al\/en\/#organization"},"potentialAction":[{"@type":"SearchAction","target":{"@type":"EntryPoint","urlTemplate":"https:\/\/durres.gov.al\/en\/?s={search_term_string}"},"query-input":{"@type":"PropertyValueSpecification","valueRequired":true,"valueName":"search_term_string"}}],"inLanguage":"en-US"},{"@type":"Organization","@id":"https:\/\/durres.gov.al\/en\/#organization","name":"Municipality of Durr\u00ebs","url":"https:\/\/durres.gov.al\/en\/","logo":{"@type":"ImageObject","inLanguage":"en-US","@id":"https:\/\/durres.gov.al\/en\/#\/schema\/logo\/image\/","url":"https:\/\/durres.gov.al\/wp-content\/uploads\/2023\/01\/cropped-logo.png","contentUrl":"https:\/\/durres.gov.al\/wp-content\/uploads\/2023\/01\/cropped-logo.png","width":512,"height":512,"caption":"Bashkia Durr\u00ebs"},"image":{"@id":"https:\/\/durres.gov.al\/en\/#\/schema\/logo\/image\/"}},{"@type":"Person","@id":"https:\/\/durres.gov.al\/en\/#\/schema\/person\/b635fa3d3fcab493eb6efe564996a856","name":"admin","sameAs":["https:\/\/durres.gov.al"],"url":"https:\/\/durres.gov.al\/en\/author\/admin\/"}]}},"_links":{"self":[{"href":"https:\/\/durres.gov.al\/en\/wp-json\/wp\/v2\/posts\/15367","targetHints":{"allow":["GET"]}}],"collection":[{"href":"https:\/\/durres.gov.al\/en\/wp-json\/wp\/v2\/posts"}],"about":[{"href":"https:\/\/durres.gov.al\/en\/wp-json\/wp\/v2\/types\/post"}],"author":[{"embeddable":true,"href":"https:\/\/durres.gov.al\/en\/wp-json\/wp\/v2\/users\/4"}],"replies":[{"embeddable":true,"href":"https:\/\/durres.gov.al\/en\/wp-json\/wp\/v2\/comments?post=15367"}],"version-history":[{"count":0,"href":"https:\/\/durres.gov.al\/en\/wp-json\/wp\/v2\/posts\/15367\/revisions"}],"wp:attachment":[{"href":"https:\/\/durres.gov.al\/en\/wp-json\/wp\/v2\/media?parent=15367"}],"wp:term":[{"taxonomy":"category","embeddable":true,"href":"https:\/\/durres.gov.al\/en\/wp-json\/wp\/v2\/categories?post=15367"},{"taxonomy":"post_tag","embeddable":true,"href":"https:\/\/durres.gov.al\/en\/wp-json\/wp\/v2\/tags?post=15367"}],"curies":[{"name":"wp","href":"https:\/\/api.w.org\/{rel}","templated":true}]}}