{"id":15654,"date":"2009-06-16T14:50:12","date_gmt":"2009-06-16T14:50:12","guid":{"rendered":"https:\/\/durres.gov.al\/historiku-i-qytetit\/"},"modified":"2009-06-16T14:50:12","modified_gmt":"2009-06-16T14:50:12","slug":"historiku-i-qytetit","status":"publish","type":"post","link":"https:\/\/durres.gov.al\/en\/2009\/06\/16\/historiku-i-qytetit\/","title":{"rendered":"Historiku i Qytetit"},"content":{"rendered":"<p><span style=\"font-size: 12.16px;\">Durr\u00ebsi mund t\u00eb krahasohet me qytetet m\u00eb t\u00eb m\u00ebdhenj t\u00eb Mesdheut antik dhe mesjetar. Qyteti Epidamn &#8211; Dyrrah u nd\u00ebrtua nga Ilir\u00ebt Taulant\u00eb, dall\u00ebndyshasit n\u00eb shekujt Xlll-XI p K. N\u00eb kushtet e nj\u00eb klime mesdhetare, zona m\u00eb e p\u00ebrshtatshme p\u00ebr banim ishte ajo e lumit Erzen si dhe Ult\u00ebsira Per\u00ebndimore p\u00ebrreth saj. N\u00eb bregdetin e Gjirit t\u00eb Durr\u00ebsit u vendos qendra e par\u00eb apo Limani me emrin Dyrrah. Sipas autor\u00ebve antik\u00eb, ky qytet u themelua nga dy mbret\u00ebr me origjin\u00eb ilire t\u00eb quajtur Dyrah dhe Epidamn. N\u00eb koh\u00ebn e Perandorit Anastasi I (491-519) dhe Justianani I [527-565), qyteti p\u00ebsoi transformime t\u00eb ndjeshme n\u00eb struktur\u00ebn urbane duke marr\u00eb tiparet e nj\u00eb qyteti tipik bizantino-kristian.<\/span><\/p>\n<p><span style=\"font-size: 12.16px;\">N\u00eb shek. Xl-XV, Shteti Shqiptar njihet me emrin Shteti iArbrit. Ky shtet, kulmin e tij e arriti n\u00eb periudh\u00ebn e mbret\u00ebrimit t\u00eb Gjergj Kastriotit. Sipas kronikaneve Osmane t\u00eb shek. XVl, Durr\u00ebsi apo si\u00e7 e cil\u00ebsojn\u00eb ata &#8220;Kostandinopoja e Dyt\u00eb&#8221;, u pushtua nga turqit me 13 Gusht1501. Vet\u00ebm n\u00eb shek XVll, qyteti filloi t\u00eb rimarr\u00eb veten duke u b\u00ebr\u00eb qend\u00ebr e tregtis\u00eb tranzite dhe skela kryesore e Shqip\u00ebris\u00eb s\u00eb Mesme. M \u00eb 26 N\u00ebntor n\u00eb Durr\u00ebs ngrihet flamuri i Pavar\u00ebsis\u00eb, nga nj\u00eb grup patriot\u00ebsh t\u00eb kryesuar nga atdhetari Ismail Qemali. Sundimit turk i kishte ardhur fundi, por duket se qytetin e lakmonin invazione t\u00eb tjera: pushtimi serb (1913), ai austro-hungarez (1916) dhe pushtimi italian (1918).<\/span><\/p>\n<p><span style=\"font-size: 12.16px;\">Gjat\u00eb viteve t\u00eb monarkis\u00eb shqiptare (1924-1939), Durr\u00ebsi fitoi nj\u00eb frym\u00ebmarrje t\u00eb re dhe qytetaria fisnike durrsake e b\u00ebri qytetin e vet model t\u00eb zhvillimit ekonomik kapitalist. M\u00eb 7 Prill 1939 qyteti dhe rrethinat e tij u pushtuan nga trupat e ushtris\u00eb italiane dhe gjermane dhe m\u00eb 14 N\u00ebntor 1944, Durr\u00ebsi u \u00e7lirua. Periudh\u00ebs s\u00eb sistemit socialist (1945-1990), i p\u00ebrkasin investimet n\u00eb disa deg\u00eb t\u00eb industris\u00eb, kolektivizimi i bujq\u00ebsis\u00eb, masivizimi i arsimit, ngritja e nj\u00eb seri objektesh social-kulturore. N\u00eb fillim t\u00eb viteve &#8217;90 zun\u00eb fill normat e para t\u00eb sistemit demokratik me shum\u00eb probleme p\u00ebr faz\u00ebn e tranzicionit, por me perspektiv\u00eb p\u00ebr t\u00eb ardhmen. Sistemi i ri dhe reformat ekonomike q\u00eb u zbatuan n\u00eb Shqip\u00ebri dhe n\u00eb Durr\u00ebs pas vitit 1990, soll\u00ebn transformime t\u00eb ndjeshme n\u00eb jet\u00ebn ekonomike.<\/span><\/p>\n<p><span style=\"font-size: 12.16px;\"><strong>Culture and Ethnography<\/strong><\/span><\/p>\n<p><span style=\"font-size: 12.16px;\">Durr\u00ebsi \u00ebsht\u00eb nj\u00eb qytet me kultur\u00eb t\u00eb hershme, p\u00ebr vet\u00eb origjin\u00ebn e tij t\u00eb lasht\u00eb.<\/span><\/p>\n<p><span style=\"font-size: 12.16px;\">Qyteti ka trash\u00ebguar mjaft vlera t\u00eb s\u00eb kaluar\u00ebs, qendra historike dhe arkeologjike si Amfiteatri, Rrethoja Bizantine, Torra veneciane, Muri rrethues i Kalas\u00eb, por edhe qendra kulturore e fetare si rr\u00ebnojat e Bazilik\u00ebs n\u00eb Arapaj, K\u00ebshtjella e Rodonit etj.<\/span><\/p>\n<p><span style=\"font-size: 12.16px;\">Qyteti ruan sot plot gjurm\u00eb edhe nga kultura m\u00eb e von\u00eb, duke kontribuar edhe n\u00eb dh\u00ebnien e personaliteteve me vler\u00eb nd\u00ebrkomb\u00ebtare si Aleksand\u00ebr Moisiu, q\u00eb lindi n\u00eb Kavaj\u00eb dhe u rrit e u formua n\u00eb Durr\u00ebs. Qyteti ka patur institucione kulturore t\u00eb konsoliduara, si teat\u00ebr estrade, ansambel k\u00ebng\u00ebsh e vallesh popullore, teat\u00ebr profesionist, i cili edhe sot jep shfaqe p\u00ebr publikun, trup muzikore profesionist\u00ebsh etj. Gjithashtu n\u00eb Durr\u00ebs organizohen aktivitete n\u00eb rang komb\u00ebtar e nd\u00ebrkomb\u00ebtar si, festivali nd\u00ebrkomb\u00ebtar i filmit, festivali muzikor i jazz-it, konkursi i poezis\u00eb poeteka etj.<\/span><\/p>\n<p><span style=\"font-size: 12.16px;\">Etnografia e Durr\u00ebsit, i p\u00ebrket kultur\u00ebs s\u00eb Shqip\u00ebris\u00eb s\u00eb Mesme, ku grat\u00eb vishen me dimi e me jelek\u00eb, n\u00eb kok\u00eb mbajn\u00eb nj\u00eb feste t\u00eb vogel zbukuruar me imitime monedhash, kurse burrat veshin brekushe, xhoka t\u00eb zeza prej Leshi ose jelek\u00eb t\u00eb kuq, dhe n\u00eb kok\u00eb mbajn\u00eb qeleshe me male t\u00eb shesht\u00eb. Gjithashtu edhe k\u00ebng\u00ebt e vallet i p\u00ebrkasin kultur\u00ebs dhe traditave t\u00eb Shqip\u00ebris\u00eb s\u00eb Mesme.<\/span><\/p>","protected":false},"excerpt":{"rendered":"<p>Durr\u00ebsi mund t\u00eb krahasohet me qytetet m\u00eb t\u00eb m\u00ebdhenj t\u00eb Mesdheut antik dhe mesjetar. Qyteti Epidamn &#8211; Dyrrah u nd\u00ebrtua nga Ilir\u00ebt Taulant\u00eb, dall\u00ebndyshasit n\u00eb shekujt Xlll-XI p K. N\u00eb kushtet e nj\u00eb klime mesdhetare, zona m\u00eb e p\u00ebrshtatshme p\u00ebr banim ishte ajo e lumit Erzen si dhe Ult\u00ebsira Per\u00ebndimore p\u00ebrreth saj. N\u00eb bregdetin e [&hellip;]<\/p>\n","protected":false},"author":4,"featured_media":0,"comment_status":"open","ping_status":"open","sticky":false,"template":"","format":"standard","meta":{"_acf_changed":false,"footnotes":""},"categories":[41],"tags":[],"class_list":["post-15654","post","type-post","status-publish","format-standard","hentry","category-vizitoret"],"acf":[],"yoast_head":"<!-- This site is optimized with the Yoast SEO plugin v27.4 - https:\/\/yoast.com\/product\/yoast-seo-wordpress\/ -->\n<title>Historiku i Qytetit - Bashkia Durr\u00ebs<\/title>\n<meta name=\"robots\" content=\"index, follow, max-snippet:-1, max-image-preview:large, max-video-preview:-1\" \/>\n<link rel=\"canonical\" href=\"https:\/\/durres.gov.al\/en\/2009\/06\/16\/historiku-i-qytetit\/\" \/>\n<meta property=\"og:locale\" content=\"en_US\" \/>\n<meta property=\"og:type\" content=\"article\" \/>\n<meta property=\"og:title\" content=\"Historiku i Qytetit - Bashkia Durr\u00ebs\" \/>\n<meta property=\"og:description\" content=\"Durr\u00ebsi mund t\u00eb krahasohet me qytetet m\u00eb t\u00eb m\u00ebdhenj t\u00eb Mesdheut antik dhe mesjetar. Qyteti Epidamn &#8211; Dyrrah u nd\u00ebrtua nga Ilir\u00ebt Taulant\u00eb, dall\u00ebndyshasit n\u00eb shekujt Xlll-XI p K. N\u00eb kushtet e nj\u00eb klime mesdhetare, zona m\u00eb e p\u00ebrshtatshme p\u00ebr banim ishte ajo e lumit Erzen si dhe Ult\u00ebsira Per\u00ebndimore p\u00ebrreth saj. N\u00eb bregdetin e [&hellip;]\" \/>\n<meta property=\"og:url\" content=\"https:\/\/durres.gov.al\/en\/2009\/06\/16\/historiku-i-qytetit\/\" \/>\n<meta property=\"og:site_name\" content=\"Bashkia Durr\u00ebs\" \/>\n<meta property=\"article:published_time\" content=\"2009-06-16T14:50:12+00:00\" \/>\n<meta name=\"author\" content=\"admin\" \/>\n<meta name=\"twitter:card\" content=\"summary_large_image\" \/>\n<meta name=\"twitter:label1\" content=\"Written by\" \/>\n\t<meta name=\"twitter:data1\" content=\"admin\" \/>\n\t<meta name=\"twitter:label2\" content=\"Est. reading time\" \/>\n\t<meta name=\"twitter:data2\" content=\"3 minutes\" \/>\n<script type=\"application\/ld+json\" class=\"yoast-schema-graph\">{\"@context\":\"https:\\\/\\\/schema.org\",\"@graph\":[{\"@type\":\"Article\",\"@id\":\"https:\\\/\\\/durres.gov.al\\\/2009\\\/06\\\/16\\\/historiku-i-qytetit\\\/#article\",\"isPartOf\":{\"@id\":\"https:\\\/\\\/durres.gov.al\\\/2009\\\/06\\\/16\\\/historiku-i-qytetit\\\/\"},\"author\":{\"name\":\"admin\",\"@id\":\"https:\\\/\\\/durres.gov.al\\\/en\\\/#\\\/schema\\\/person\\\/b635fa3d3fcab493eb6efe564996a856\"},\"headline\":\"Historiku i Qytetit\",\"datePublished\":\"2009-06-16T14:50:12+00:00\",\"mainEntityOfPage\":{\"@id\":\"https:\\\/\\\/durres.gov.al\\\/2009\\\/06\\\/16\\\/historiku-i-qytetit\\\/\"},\"wordCount\":632,\"commentCount\":0,\"publisher\":{\"@id\":\"https:\\\/\\\/durres.gov.al\\\/en\\\/#organization\"},\"articleSection\":[\"Vizitoret\"],\"inLanguage\":\"en-US\",\"potentialAction\":[{\"@type\":\"CommentAction\",\"name\":\"Comment\",\"target\":[\"https:\\\/\\\/durres.gov.al\\\/2009\\\/06\\\/16\\\/historiku-i-qytetit\\\/#respond\"]}]},{\"@type\":\"WebPage\",\"@id\":\"https:\\\/\\\/durres.gov.al\\\/2009\\\/06\\\/16\\\/historiku-i-qytetit\\\/\",\"url\":\"https:\\\/\\\/durres.gov.al\\\/2009\\\/06\\\/16\\\/historiku-i-qytetit\\\/\",\"name\":\"Historiku i Qytetit - Bashkia Durr\u00ebs\",\"isPartOf\":{\"@id\":\"https:\\\/\\\/durres.gov.al\\\/en\\\/#website\"},\"datePublished\":\"2009-06-16T14:50:12+00:00\",\"breadcrumb\":{\"@id\":\"https:\\\/\\\/durres.gov.al\\\/2009\\\/06\\\/16\\\/historiku-i-qytetit\\\/#breadcrumb\"},\"inLanguage\":\"en-US\",\"potentialAction\":[{\"@type\":\"ReadAction\",\"target\":[\"https:\\\/\\\/durres.gov.al\\\/2009\\\/06\\\/16\\\/historiku-i-qytetit\\\/\"]}]},{\"@type\":\"BreadcrumbList\",\"@id\":\"https:\\\/\\\/durres.gov.al\\\/2009\\\/06\\\/16\\\/historiku-i-qytetit\\\/#breadcrumb\",\"itemListElement\":[{\"@type\":\"ListItem\",\"position\":1,\"name\":\"Home\",\"item\":\"https:\\\/\\\/durres.gov.al\\\/\"},{\"@type\":\"ListItem\",\"position\":2,\"name\":\"Historiku i Qytetit\"}]},{\"@type\":\"WebSite\",\"@id\":\"https:\\\/\\\/durres.gov.al\\\/en\\\/#website\",\"url\":\"https:\\\/\\\/durres.gov.al\\\/en\\\/\",\"name\":\"Bashkia Durr\u00ebs\",\"description\":\"Faqja Zyrtare n\u00eb Internet\",\"publisher\":{\"@id\":\"https:\\\/\\\/durres.gov.al\\\/en\\\/#organization\"},\"potentialAction\":[{\"@type\":\"SearchAction\",\"target\":{\"@type\":\"EntryPoint\",\"urlTemplate\":\"https:\\\/\\\/durres.gov.al\\\/en\\\/?s={search_term_string}\"},\"query-input\":{\"@type\":\"PropertyValueSpecification\",\"valueRequired\":true,\"valueName\":\"search_term_string\"}}],\"inLanguage\":\"en-US\"},{\"@type\":\"Organization\",\"@id\":\"https:\\\/\\\/durres.gov.al\\\/en\\\/#organization\",\"name\":\"Bashkia Durr\u00ebs\",\"url\":\"https:\\\/\\\/durres.gov.al\\\/en\\\/\",\"logo\":{\"@type\":\"ImageObject\",\"inLanguage\":\"en-US\",\"@id\":\"https:\\\/\\\/durres.gov.al\\\/en\\\/#\\\/schema\\\/logo\\\/image\\\/\",\"url\":\"https:\\\/\\\/durres.gov.al\\\/wp-content\\\/uploads\\\/2023\\\/01\\\/cropped-logo.png\",\"contentUrl\":\"https:\\\/\\\/durres.gov.al\\\/wp-content\\\/uploads\\\/2023\\\/01\\\/cropped-logo.png\",\"width\":512,\"height\":512,\"caption\":\"Bashkia Durr\u00ebs\"},\"image\":{\"@id\":\"https:\\\/\\\/durres.gov.al\\\/en\\\/#\\\/schema\\\/logo\\\/image\\\/\"}},{\"@type\":\"Person\",\"@id\":\"https:\\\/\\\/durres.gov.al\\\/en\\\/#\\\/schema\\\/person\\\/b635fa3d3fcab493eb6efe564996a856\",\"name\":\"admin\",\"sameAs\":[\"https:\\\/\\\/durres.gov.al\"],\"url\":\"https:\\\/\\\/durres.gov.al\\\/en\\\/author\\\/admin\\\/\"}]}<\/script>\n<!-- \/ Yoast SEO plugin. -->","yoast_head_json":{"title":"Historiku i Qytetit - Bashkia Durr\u00ebs","robots":{"index":"index","follow":"follow","max-snippet":"max-snippet:-1","max-image-preview":"max-image-preview:large","max-video-preview":"max-video-preview:-1"},"canonical":"https:\/\/durres.gov.al\/en\/2009\/06\/16\/historiku-i-qytetit\/","og_locale":"en_US","og_type":"article","og_title":"Historiku i Qytetit - Bashkia Durr\u00ebs","og_description":"Durr\u00ebsi mund t\u00eb krahasohet me qytetet m\u00eb t\u00eb m\u00ebdhenj t\u00eb Mesdheut antik dhe mesjetar. Qyteti Epidamn &#8211; Dyrrah u nd\u00ebrtua nga Ilir\u00ebt Taulant\u00eb, dall\u00ebndyshasit n\u00eb shekujt Xlll-XI p K. N\u00eb kushtet e nj\u00eb klime mesdhetare, zona m\u00eb e p\u00ebrshtatshme p\u00ebr banim ishte ajo e lumit Erzen si dhe Ult\u00ebsira Per\u00ebndimore p\u00ebrreth saj. N\u00eb bregdetin e [&hellip;]","og_url":"https:\/\/durres.gov.al\/en\/2009\/06\/16\/historiku-i-qytetit\/","og_site_name":"Bashkia Durr\u00ebs","article_published_time":"2009-06-16T14:50:12+00:00","author":"admin","twitter_card":"summary_large_image","twitter_misc":{"Written by":"admin","Est. reading time":"3 minutes"},"schema":{"@context":"https:\/\/schema.org","@graph":[{"@type":"Article","@id":"https:\/\/durres.gov.al\/2009\/06\/16\/historiku-i-qytetit\/#article","isPartOf":{"@id":"https:\/\/durres.gov.al\/2009\/06\/16\/historiku-i-qytetit\/"},"author":{"name":"admin","@id":"https:\/\/durres.gov.al\/en\/#\/schema\/person\/b635fa3d3fcab493eb6efe564996a856"},"headline":"Historiku i Qytetit","datePublished":"2009-06-16T14:50:12+00:00","mainEntityOfPage":{"@id":"https:\/\/durres.gov.al\/2009\/06\/16\/historiku-i-qytetit\/"},"wordCount":632,"commentCount":0,"publisher":{"@id":"https:\/\/durres.gov.al\/en\/#organization"},"articleSection":["Vizitoret"],"inLanguage":"en-US","potentialAction":[{"@type":"CommentAction","name":"Comment","target":["https:\/\/durres.gov.al\/2009\/06\/16\/historiku-i-qytetit\/#respond"]}]},{"@type":"WebPage","@id":"https:\/\/durres.gov.al\/2009\/06\/16\/historiku-i-qytetit\/","url":"https:\/\/durres.gov.al\/2009\/06\/16\/historiku-i-qytetit\/","name":"Historiku i Qytetit - Bashkia Durr\u00ebs","isPartOf":{"@id":"https:\/\/durres.gov.al\/en\/#website"},"datePublished":"2009-06-16T14:50:12+00:00","breadcrumb":{"@id":"https:\/\/durres.gov.al\/2009\/06\/16\/historiku-i-qytetit\/#breadcrumb"},"inLanguage":"en-US","potentialAction":[{"@type":"ReadAction","target":["https:\/\/durres.gov.al\/2009\/06\/16\/historiku-i-qytetit\/"]}]},{"@type":"BreadcrumbList","@id":"https:\/\/durres.gov.al\/2009\/06\/16\/historiku-i-qytetit\/#breadcrumb","itemListElement":[{"@type":"ListItem","position":1,"name":"Home","item":"https:\/\/durres.gov.al\/"},{"@type":"ListItem","position":2,"name":"Historiku i Qytetit"}]},{"@type":"WebSite","@id":"https:\/\/durres.gov.al\/en\/#website","url":"https:\/\/durres.gov.al\/en\/","name":"Municipality of Durr\u00ebs","description":"Faqja Zyrtare n\u00eb Internet","publisher":{"@id":"https:\/\/durres.gov.al\/en\/#organization"},"potentialAction":[{"@type":"SearchAction","target":{"@type":"EntryPoint","urlTemplate":"https:\/\/durres.gov.al\/en\/?s={search_term_string}"},"query-input":{"@type":"PropertyValueSpecification","valueRequired":true,"valueName":"search_term_string"}}],"inLanguage":"en-US"},{"@type":"Organization","@id":"https:\/\/durres.gov.al\/en\/#organization","name":"Municipality of Durr\u00ebs","url":"https:\/\/durres.gov.al\/en\/","logo":{"@type":"ImageObject","inLanguage":"en-US","@id":"https:\/\/durres.gov.al\/en\/#\/schema\/logo\/image\/","url":"https:\/\/durres.gov.al\/wp-content\/uploads\/2023\/01\/cropped-logo.png","contentUrl":"https:\/\/durres.gov.al\/wp-content\/uploads\/2023\/01\/cropped-logo.png","width":512,"height":512,"caption":"Bashkia Durr\u00ebs"},"image":{"@id":"https:\/\/durres.gov.al\/en\/#\/schema\/logo\/image\/"}},{"@type":"Person","@id":"https:\/\/durres.gov.al\/en\/#\/schema\/person\/b635fa3d3fcab493eb6efe564996a856","name":"admin","sameAs":["https:\/\/durres.gov.al"],"url":"https:\/\/durres.gov.al\/en\/author\/admin\/"}]}},"_links":{"self":[{"href":"https:\/\/durres.gov.al\/en\/wp-json\/wp\/v2\/posts\/15654","targetHints":{"allow":["GET"]}}],"collection":[{"href":"https:\/\/durres.gov.al\/en\/wp-json\/wp\/v2\/posts"}],"about":[{"href":"https:\/\/durres.gov.al\/en\/wp-json\/wp\/v2\/types\/post"}],"author":[{"embeddable":true,"href":"https:\/\/durres.gov.al\/en\/wp-json\/wp\/v2\/users\/4"}],"replies":[{"embeddable":true,"href":"https:\/\/durres.gov.al\/en\/wp-json\/wp\/v2\/comments?post=15654"}],"version-history":[{"count":0,"href":"https:\/\/durres.gov.al\/en\/wp-json\/wp\/v2\/posts\/15654\/revisions"}],"wp:attachment":[{"href":"https:\/\/durres.gov.al\/en\/wp-json\/wp\/v2\/media?parent=15654"}],"wp:term":[{"taxonomy":"category","embeddable":true,"href":"https:\/\/durres.gov.al\/en\/wp-json\/wp\/v2\/categories?post=15654"},{"taxonomy":"post_tag","embeddable":true,"href":"https:\/\/durres.gov.al\/en\/wp-json\/wp\/v2\/tags?post=15654"}],"curies":[{"name":"wp","href":"https:\/\/api.w.org\/{rel}","templated":true}]}}