{"id":15853,"date":"2014-05-23T08:49:52","date_gmt":"2014-05-23T08:49:52","guid":{"rendered":"https:\/\/durres.gov.al\/aftesia-e-kufizuar\/"},"modified":"2014-05-23T08:49:52","modified_gmt":"2014-05-23T08:49:52","slug":"aftesia-e-kufizuar","status":"publish","type":"post","link":"https:\/\/durres.gov.al\/en\/2014\/05\/23\/aftesia-e-kufizuar\/","title":{"rendered":"Limited Ability"},"content":{"rendered":"<p>In the city of Durr\u00ebs, there is only one public sector residential center for the provision of services for people with disabilities. This covers the education system and some services for this category. Meanwhile, the promotion of employment and vocational training, the expansion and improvement of services, the construction of adapted public and non-public environments, became the goal of the local strategy for disability.<\/p>\n<p>Within the framework of the Local Strategy for people with disabilities, a series of awareness-raising activities have been organized with local businesses and service providers. The Municipality of Durr\u00ebs, in cooperation with the Vocational Training Center, has set up several groups of courses for people with disabilities. Meetings have been continuously organized in job centers and with business representatives to promote the employment of this category.<\/p>\n<p>Meetings with donors have also been organized to promote the establishment of a multifunctional information, guidance and counseling center for people with disabilities and their families.<\/p>","protected":false},"excerpt":{"rendered":"<p>N\u00eb qytetin e Durr\u00ebsit vepron vet\u00ebm nj\u00eb qend\u00ebr rezidenciale e sektorit publik p\u00ebr ofrimin e sh\u00ebrbimeve p\u00ebr personat me aft\u00ebsi t\u00eb kufizuar. Kjo mbulon sistemin arsimor dhe nj\u00eb pjes\u00eb sh\u00ebrbimesh p\u00ebr k\u00ebt\u00eb kategori. Nd\u00ebrkoh\u00eb q\u00eb nxitja e pun\u00ebsimit dhe formimit profesional, zgjerimi dhe p\u00ebrmir\u00ebsimi i sh\u00ebrbimeve, nd\u00ebrtimi i ambjenteve t\u00eb p\u00ebrshtatura publike e jopublike, u [&hellip;]<\/p>\n","protected":false},"author":4,"featured_media":0,"comment_status":"open","ping_status":"open","sticky":false,"template":"","format":"standard","meta":{"_acf_changed":false,"footnotes":""},"categories":[43],"tags":[],"class_list":["post-15853","post","type-post","status-publish","format-standard","hentry","category-sherbime-publike"],"acf":[],"yoast_head":"<!-- This site is optimized with the Yoast SEO plugin v27.4 - https:\/\/yoast.com\/product\/yoast-seo-wordpress\/ -->\n<title>Aftesia e Kufizuar - Bashkia Durr\u00ebs<\/title>\n<meta name=\"robots\" content=\"index, follow, max-snippet:-1, max-image-preview:large, max-video-preview:-1\" \/>\n<link rel=\"canonical\" href=\"https:\/\/durres.gov.al\/en\/2014\/05\/23\/aftesia-e-kufizuar\/\" \/>\n<meta property=\"og:locale\" content=\"en_US\" \/>\n<meta property=\"og:type\" content=\"article\" \/>\n<meta property=\"og:title\" content=\"Aftesia e Kufizuar - Bashkia Durr\u00ebs\" \/>\n<meta property=\"og:description\" content=\"N\u00eb qytetin e Durr\u00ebsit vepron vet\u00ebm nj\u00eb qend\u00ebr rezidenciale e sektorit publik p\u00ebr ofrimin e sh\u00ebrbimeve p\u00ebr personat me aft\u00ebsi t\u00eb kufizuar. Kjo mbulon sistemin arsimor dhe nj\u00eb pjes\u00eb sh\u00ebrbimesh p\u00ebr k\u00ebt\u00eb kategori. Nd\u00ebrkoh\u00eb q\u00eb nxitja e pun\u00ebsimit dhe formimit profesional, zgjerimi dhe p\u00ebrmir\u00ebsimi i sh\u00ebrbimeve, nd\u00ebrtimi i ambjenteve t\u00eb p\u00ebrshtatura publike e jopublike, u [&hellip;]\" \/>\n<meta property=\"og:url\" content=\"https:\/\/durres.gov.al\/en\/2014\/05\/23\/aftesia-e-kufizuar\/\" \/>\n<meta property=\"og:site_name\" content=\"Bashkia Durr\u00ebs\" \/>\n<meta property=\"article:published_time\" content=\"2014-05-23T08:49:52+00:00\" \/>\n<meta name=\"author\" content=\"admin\" \/>\n<meta name=\"twitter:card\" content=\"summary_large_image\" \/>\n<meta name=\"twitter:label1\" content=\"Written by\" \/>\n\t<meta name=\"twitter:data1\" content=\"admin\" \/>\n\t<meta name=\"twitter:label2\" content=\"Est. reading time\" \/>\n\t<meta name=\"twitter:data2\" content=\"1 minute\" \/>\n<script type=\"application\/ld+json\" class=\"yoast-schema-graph\">{\"@context\":\"https:\\\/\\\/schema.org\",\"@graph\":[{\"@type\":\"Article\",\"@id\":\"https:\\\/\\\/durres.gov.al\\\/2014\\\/05\\\/23\\\/aftesia-e-kufizuar\\\/#article\",\"isPartOf\":{\"@id\":\"https:\\\/\\\/durres.gov.al\\\/2014\\\/05\\\/23\\\/aftesia-e-kufizuar\\\/\"},\"author\":{\"name\":\"admin\",\"@id\":\"https:\\\/\\\/durres.gov.al\\\/en\\\/#\\\/schema\\\/person\\\/b635fa3d3fcab493eb6efe564996a856\"},\"headline\":\"Aftesia e Kufizuar\",\"datePublished\":\"2014-05-23T08:49:52+00:00\",\"mainEntityOfPage\":{\"@id\":\"https:\\\/\\\/durres.gov.al\\\/2014\\\/05\\\/23\\\/aftesia-e-kufizuar\\\/\"},\"wordCount\":197,\"commentCount\":0,\"publisher\":{\"@id\":\"https:\\\/\\\/durres.gov.al\\\/en\\\/#organization\"},\"articleSection\":[\"Sherbime Publike\"],\"inLanguage\":\"en-US\",\"potentialAction\":[{\"@type\":\"CommentAction\",\"name\":\"Comment\",\"target\":[\"https:\\\/\\\/durres.gov.al\\\/2014\\\/05\\\/23\\\/aftesia-e-kufizuar\\\/#respond\"]}]},{\"@type\":\"WebPage\",\"@id\":\"https:\\\/\\\/durres.gov.al\\\/2014\\\/05\\\/23\\\/aftesia-e-kufizuar\\\/\",\"url\":\"https:\\\/\\\/durres.gov.al\\\/2014\\\/05\\\/23\\\/aftesia-e-kufizuar\\\/\",\"name\":\"Aftesia e Kufizuar - Bashkia Durr\u00ebs\",\"isPartOf\":{\"@id\":\"https:\\\/\\\/durres.gov.al\\\/en\\\/#website\"},\"datePublished\":\"2014-05-23T08:49:52+00:00\",\"breadcrumb\":{\"@id\":\"https:\\\/\\\/durres.gov.al\\\/2014\\\/05\\\/23\\\/aftesia-e-kufizuar\\\/#breadcrumb\"},\"inLanguage\":\"en-US\",\"potentialAction\":[{\"@type\":\"ReadAction\",\"target\":[\"https:\\\/\\\/durres.gov.al\\\/2014\\\/05\\\/23\\\/aftesia-e-kufizuar\\\/\"]}]},{\"@type\":\"BreadcrumbList\",\"@id\":\"https:\\\/\\\/durres.gov.al\\\/2014\\\/05\\\/23\\\/aftesia-e-kufizuar\\\/#breadcrumb\",\"itemListElement\":[{\"@type\":\"ListItem\",\"position\":1,\"name\":\"Home\",\"item\":\"https:\\\/\\\/durres.gov.al\\\/\"},{\"@type\":\"ListItem\",\"position\":2,\"name\":\"Aftesia e Kufizuar\"}]},{\"@type\":\"WebSite\",\"@id\":\"https:\\\/\\\/durres.gov.al\\\/en\\\/#website\",\"url\":\"https:\\\/\\\/durres.gov.al\\\/en\\\/\",\"name\":\"Bashkia Durr\u00ebs\",\"description\":\"Faqja Zyrtare n\u00eb Internet\",\"publisher\":{\"@id\":\"https:\\\/\\\/durres.gov.al\\\/en\\\/#organization\"},\"potentialAction\":[{\"@type\":\"SearchAction\",\"target\":{\"@type\":\"EntryPoint\",\"urlTemplate\":\"https:\\\/\\\/durres.gov.al\\\/en\\\/?s={search_term_string}\"},\"query-input\":{\"@type\":\"PropertyValueSpecification\",\"valueRequired\":true,\"valueName\":\"search_term_string\"}}],\"inLanguage\":\"en-US\"},{\"@type\":\"Organization\",\"@id\":\"https:\\\/\\\/durres.gov.al\\\/en\\\/#organization\",\"name\":\"Bashkia Durr\u00ebs\",\"url\":\"https:\\\/\\\/durres.gov.al\\\/en\\\/\",\"logo\":{\"@type\":\"ImageObject\",\"inLanguage\":\"en-US\",\"@id\":\"https:\\\/\\\/durres.gov.al\\\/en\\\/#\\\/schema\\\/logo\\\/image\\\/\",\"url\":\"https:\\\/\\\/durres.gov.al\\\/wp-content\\\/uploads\\\/2023\\\/01\\\/cropped-logo.png\",\"contentUrl\":\"https:\\\/\\\/durres.gov.al\\\/wp-content\\\/uploads\\\/2023\\\/01\\\/cropped-logo.png\",\"width\":512,\"height\":512,\"caption\":\"Bashkia Durr\u00ebs\"},\"image\":{\"@id\":\"https:\\\/\\\/durres.gov.al\\\/en\\\/#\\\/schema\\\/logo\\\/image\\\/\"}},{\"@type\":\"Person\",\"@id\":\"https:\\\/\\\/durres.gov.al\\\/en\\\/#\\\/schema\\\/person\\\/b635fa3d3fcab493eb6efe564996a856\",\"name\":\"admin\",\"sameAs\":[\"https:\\\/\\\/durres.gov.al\"],\"url\":\"https:\\\/\\\/durres.gov.al\\\/en\\\/author\\\/admin\\\/\"}]}<\/script>\n<!-- \/ Yoast SEO plugin. -->","yoast_head_json":{"title":"Aftesia e Kufizuar - Bashkia Durr\u00ebs","robots":{"index":"index","follow":"follow","max-snippet":"max-snippet:-1","max-image-preview":"max-image-preview:large","max-video-preview":"max-video-preview:-1"},"canonical":"https:\/\/durres.gov.al\/en\/2014\/05\/23\/aftesia-e-kufizuar\/","og_locale":"en_US","og_type":"article","og_title":"Aftesia e Kufizuar - Bashkia Durr\u00ebs","og_description":"N\u00eb qytetin e Durr\u00ebsit vepron vet\u00ebm nj\u00eb qend\u00ebr rezidenciale e sektorit publik p\u00ebr ofrimin e sh\u00ebrbimeve p\u00ebr personat me aft\u00ebsi t\u00eb kufizuar. Kjo mbulon sistemin arsimor dhe nj\u00eb pjes\u00eb sh\u00ebrbimesh p\u00ebr k\u00ebt\u00eb kategori. Nd\u00ebrkoh\u00eb q\u00eb nxitja e pun\u00ebsimit dhe formimit profesional, zgjerimi dhe p\u00ebrmir\u00ebsimi i sh\u00ebrbimeve, nd\u00ebrtimi i ambjenteve t\u00eb p\u00ebrshtatura publike e jopublike, u [&hellip;]","og_url":"https:\/\/durres.gov.al\/en\/2014\/05\/23\/aftesia-e-kufizuar\/","og_site_name":"Bashkia Durr\u00ebs","article_published_time":"2014-05-23T08:49:52+00:00","author":"admin","twitter_card":"summary_large_image","twitter_misc":{"Written by":"admin","Est. reading time":"1 minute"},"schema":{"@context":"https:\/\/schema.org","@graph":[{"@type":"Article","@id":"https:\/\/durres.gov.al\/2014\/05\/23\/aftesia-e-kufizuar\/#article","isPartOf":{"@id":"https:\/\/durres.gov.al\/2014\/05\/23\/aftesia-e-kufizuar\/"},"author":{"name":"admin","@id":"https:\/\/durres.gov.al\/en\/#\/schema\/person\/b635fa3d3fcab493eb6efe564996a856"},"headline":"Aftesia e Kufizuar","datePublished":"2014-05-23T08:49:52+00:00","mainEntityOfPage":{"@id":"https:\/\/durres.gov.al\/2014\/05\/23\/aftesia-e-kufizuar\/"},"wordCount":197,"commentCount":0,"publisher":{"@id":"https:\/\/durres.gov.al\/en\/#organization"},"articleSection":["Sherbime Publike"],"inLanguage":"en-US","potentialAction":[{"@type":"CommentAction","name":"Comment","target":["https:\/\/durres.gov.al\/2014\/05\/23\/aftesia-e-kufizuar\/#respond"]}]},{"@type":"WebPage","@id":"https:\/\/durres.gov.al\/2014\/05\/23\/aftesia-e-kufizuar\/","url":"https:\/\/durres.gov.al\/2014\/05\/23\/aftesia-e-kufizuar\/","name":"Aftesia e Kufizuar - Bashkia Durr\u00ebs","isPartOf":{"@id":"https:\/\/durres.gov.al\/en\/#website"},"datePublished":"2014-05-23T08:49:52+00:00","breadcrumb":{"@id":"https:\/\/durres.gov.al\/2014\/05\/23\/aftesia-e-kufizuar\/#breadcrumb"},"inLanguage":"en-US","potentialAction":[{"@type":"ReadAction","target":["https:\/\/durres.gov.al\/2014\/05\/23\/aftesia-e-kufizuar\/"]}]},{"@type":"BreadcrumbList","@id":"https:\/\/durres.gov.al\/2014\/05\/23\/aftesia-e-kufizuar\/#breadcrumb","itemListElement":[{"@type":"ListItem","position":1,"name":"Home","item":"https:\/\/durres.gov.al\/"},{"@type":"ListItem","position":2,"name":"Aftesia e Kufizuar"}]},{"@type":"WebSite","@id":"https:\/\/durres.gov.al\/en\/#website","url":"https:\/\/durres.gov.al\/en\/","name":"Municipality of Durr\u00ebs","description":"Faqja Zyrtare n\u00eb Internet","publisher":{"@id":"https:\/\/durres.gov.al\/en\/#organization"},"potentialAction":[{"@type":"SearchAction","target":{"@type":"EntryPoint","urlTemplate":"https:\/\/durres.gov.al\/en\/?s={search_term_string}"},"query-input":{"@type":"PropertyValueSpecification","valueRequired":true,"valueName":"search_term_string"}}],"inLanguage":"en-US"},{"@type":"Organization","@id":"https:\/\/durres.gov.al\/en\/#organization","name":"Municipality of Durr\u00ebs","url":"https:\/\/durres.gov.al\/en\/","logo":{"@type":"ImageObject","inLanguage":"en-US","@id":"https:\/\/durres.gov.al\/en\/#\/schema\/logo\/image\/","url":"https:\/\/durres.gov.al\/wp-content\/uploads\/2023\/01\/cropped-logo.png","contentUrl":"https:\/\/durres.gov.al\/wp-content\/uploads\/2023\/01\/cropped-logo.png","width":512,"height":512,"caption":"Bashkia Durr\u00ebs"},"image":{"@id":"https:\/\/durres.gov.al\/en\/#\/schema\/logo\/image\/"}},{"@type":"Person","@id":"https:\/\/durres.gov.al\/en\/#\/schema\/person\/b635fa3d3fcab493eb6efe564996a856","name":"admin","sameAs":["https:\/\/durres.gov.al"],"url":"https:\/\/durres.gov.al\/en\/author\/admin\/"}]}},"_links":{"self":[{"href":"https:\/\/durres.gov.al\/en\/wp-json\/wp\/v2\/posts\/15853","targetHints":{"allow":["GET"]}}],"collection":[{"href":"https:\/\/durres.gov.al\/en\/wp-json\/wp\/v2\/posts"}],"about":[{"href":"https:\/\/durres.gov.al\/en\/wp-json\/wp\/v2\/types\/post"}],"author":[{"embeddable":true,"href":"https:\/\/durres.gov.al\/en\/wp-json\/wp\/v2\/users\/4"}],"replies":[{"embeddable":true,"href":"https:\/\/durres.gov.al\/en\/wp-json\/wp\/v2\/comments?post=15853"}],"version-history":[{"count":0,"href":"https:\/\/durres.gov.al\/en\/wp-json\/wp\/v2\/posts\/15853\/revisions"}],"wp:attachment":[{"href":"https:\/\/durres.gov.al\/en\/wp-json\/wp\/v2\/media?parent=15853"}],"wp:term":[{"taxonomy":"category","embeddable":true,"href":"https:\/\/durres.gov.al\/en\/wp-json\/wp\/v2\/categories?post=15853"},{"taxonomy":"post_tag","embeddable":true,"href":"https:\/\/durres.gov.al\/en\/wp-json\/wp\/v2\/tags?post=15853"}],"curies":[{"name":"wp","href":"https:\/\/api.w.org\/{rel}","templated":true}]}}