{"id":15907,"date":"2014-06-03T10:54:53","date_gmt":"2014-06-03T10:54:53","guid":{"rendered":"https:\/\/durres.gov.al\/rikonstruksion-morfologjik-bregdeti-currila-2\/"},"modified":"2014-06-03T10:54:53","modified_gmt":"2014-06-03T10:54:53","slug":"rikonstruksion-morfologjik-bregdeti-currila-2","status":"publish","type":"post","link":"https:\/\/durres.gov.al\/en\/2014\/06\/03\/rikonstruksion-morfologjik-bregdeti-currila-2\/","title":{"rendered":"Rikonstruksion morfologjik bregdeti Currila"},"content":{"rendered":"<p>Mbushja artificiale e zones se plazhit dhe realizimi i nje serie te caktuar te strukturave nen nivelin e detit te distancuara nga bregu per ta mbrojtur kete siperfaqe nga dallget, jane dy procese te rendesishme rreth te cilave zhvillohet projekti. Aktualisht ne ate zone nuk ka siperfaqe te mjaftueshme per tu shfrytezuar si plazh publik, nuk ka hapesire urbane ku mund te shtrihet nje shetitore pergjate bregut te detit.<br \/>Qellim i rendesishem i projektit eshte vleresimi i prezences se jashtezakonshme te mureve antike romane ne zonen e projektit. Kjo prezence mund te kthehet ne vlere te rralle per turizmin, per nje aspekt te tij qe eshte ende pazhvilluar ne Shqiperi sic eshte ai i zhytjes dhe i arkeologjise nenujore.<br \/>Ne detaj projekti parashikon:<br \/>\u2022\u00a0\u00a0\u00a0 Realizimin e nje brezi shkembor ne distance nga bregu, pertej mureve romane, e pershtatshme per te garantuar shperndarje te energjise se dallgeve. Eshte zgjedhur nje forme e harkuar, me elemente te shkeputur per t\u2019i dhene perparesi ambjentit.<br \/>\u2022\u00a0\u00a0\u00a0 Midis ketyre brezave shkembore eshte projektuar nje kalim per te lejuar imbarkimet e vogla, varka, qe lidhin kete zone me bregun<br \/>\u2022\u00a0\u00a0\u00a0 Realizimin e nje strukture te dyte te zhytur nen uje e cila do te beje edhe kontrollin e zones me rere por gjithashtu do te mbaje materialin dhe te ruaje muret arkeologjike nga mbulimi.<br \/>\u2022\u00a0\u00a0\u00a0 Mbushjen artificiale e zones se bregut duke siguruar nje gjeresi minimale per kryerjen e punimeve, rreth 50m (Faza I)<br \/>Pikat e forta mbi te cilat eshte mbeshtetur ky projekt:<\/p>\n<p>\u2022\u00a0\u00a0\u00a0 Terheqja e turizmit komb\u00ebtar dhe nd\u00ebrkomb\u00ebtar. Zhvillimi i nje turizmi ende te padegjuar ne Shqiperi sic eshte ai i arkeologjise nenujore.<br \/>\u2022\u00a0\u00a0\u00a0 Rivleresimi i hapesirave publike dhe shtimi i tyre.<br \/>\u2022\u00a0\u00a0\u00a0 Impakt socio-ekonomik te madh nepermjet rritjes se turizmit.<\/p>\n<p>Mbushja artificiale e zones se plazhit dhe realizimi i nje serie te caktuar te strukturave nen nivelin e detit te distancuara nga bregu per ta mbrojtur kete siperfaqe nga dallget, jane dy procese te rendesishme rreth te cilave zhvillohet projekti. Aktualisht ne ate zone nuk ka siperfaqe te mjaftueshme per tu shfrytezuar si plazh publik, nuk ka hapesire urbane ku mund te shtrihet nje shetitore pergjate bregut te detit.<br \/>Qellim i rendesishem i projektit eshte vleresimi i prezences se jashtezakonshme te mureve antike romane ne zonen e projektit. Kjo prezence mund te kthehet ne vlere te rralle per turizmin, per nje aspekt te tij qe eshte ende pazhvilluar ne Shqiperi sic eshte ai i zhytjes dhe i arkeologjise nenujore.<br \/>Ne detaj projekti parashikon:<br \/>\u2022\u00a0\u00a0\u00a0 Realizimin e nje brezi shkembor ne distance nga bregu, pertej mureve romane, e pershtatshme per te garantuar shperndarje te energjise se dallgeve. Eshte zgjedhur nje forme e harkuar, me elemente te shkeputur per t\u2019i dhene perparesi ambjentit.<br \/>\u2022\u00a0\u00a0\u00a0 Midis ketyre brezave shkembore eshte projektuar nje kalim per te lejuar imbarkimet e vogla, varka, qe lidhin kete zone me bregun<br \/>\u2022\u00a0\u00a0\u00a0 Realizimin e nje strukture te dyte te zhytur nen uje e cila do te beje edhe kontrollin e zones me rere por gjithashtu do te mbaje materialin dhe te ruaje muret arkeologjike nga mbulimi.<br \/>\u2022\u00a0\u00a0\u00a0 Mbushjen artificiale e zones se bregut duke siguruar nje gjeresi minimale per kryerjen e punimeve, rreth 50m (Faza I)<br \/>Pikat e forta mbi te cilat eshte mbeshtetur ky projekt:<\/p>\n<p>\u2022\u00a0\u00a0\u00a0 Terheqja e turizmit komb\u00ebtar dhe nd\u00ebrkomb\u00ebtar. Zhvillimi i nje turizmi ende te padegjuar ne Shqiperi sic eshte ai i arkeologjise nenujore.<br \/>\u2022\u00a0\u00a0\u00a0 Rivleresimi i hapesirave publike dhe shtimi i tyre.<br \/>\u2022\u00a0\u00a0\u00a0 Impakt socio-ekonomik te madh nepermjet rritjes se turizmit.<\/p>","protected":false},"excerpt":{"rendered":"<p>Mbushja artificiale e zones se plazhit dhe realizimi i nje serie te caktuar te strukturave nen nivelin e detit te distancuara nga bregu per ta mbrojtur kete siperfaqe nga dallget, jane dy procese te rendesishme rreth te cilave zhvillohet projekti. Aktualisht ne ate zone nuk ka siperfaqe te mjaftueshme per tu shfrytezuar si plazh publik, [&hellip;]<\/p>\n","protected":false},"author":4,"featured_media":15906,"comment_status":"open","ping_status":"open","sticky":false,"template":"","format":"standard","meta":{"_acf_changed":false,"footnotes":""},"categories":[49],"tags":[],"class_list":["post-15907","post","type-post","status-publish","format-standard","has-post-thumbnail","hentry","category-projekte-per-zhvillimin-urban"],"acf":[],"yoast_head":"<!-- This site is optimized with the Yoast SEO plugin v27.4 - https:\/\/yoast.com\/product\/yoast-seo-wordpress\/ -->\n<title>Rikonstruksion morfologjik bregdeti Currila - Bashkia Durr\u00ebs<\/title>\n<meta name=\"robots\" content=\"index, follow, max-snippet:-1, max-image-preview:large, max-video-preview:-1\" \/>\n<link rel=\"canonical\" href=\"https:\/\/durres.gov.al\/en\/2014\/06\/03\/rikonstruksion-morfologjik-bregdeti-currila-2\/\" \/>\n<meta property=\"og:locale\" content=\"en_US\" \/>\n<meta property=\"og:type\" content=\"article\" \/>\n<meta property=\"og:title\" content=\"Rikonstruksion morfologjik bregdeti Currila - Bashkia Durr\u00ebs\" \/>\n<meta property=\"og:description\" content=\"Mbushja artificiale e zones se plazhit dhe realizimi i nje serie te caktuar te strukturave nen nivelin e detit te distancuara nga bregu per ta mbrojtur kete siperfaqe nga dallget, jane dy procese te rendesishme rreth te cilave zhvillohet projekti. Aktualisht ne ate zone nuk ka siperfaqe te mjaftueshme per tu shfrytezuar si plazh publik, [&hellip;]\" \/>\n<meta property=\"og:url\" content=\"https:\/\/durres.gov.al\/en\/2014\/06\/03\/rikonstruksion-morfologjik-bregdeti-currila-2\/\" \/>\n<meta property=\"og:site_name\" content=\"Bashkia Durr\u00ebs\" \/>\n<meta property=\"article:published_time\" content=\"2014-06-03T10:54:53+00:00\" \/>\n<meta property=\"og:image\" content=\"https:\/\/durres.gov.al\/wp-content\/uploads\/2014\/06\/currila.JPG\" \/>\n\t<meta property=\"og:image:width\" content=\"770\" \/>\n\t<meta property=\"og:image:height\" content=\"487\" \/>\n\t<meta property=\"og:image:type\" content=\"image\/jpeg\" \/>\n<meta name=\"author\" content=\"admin\" \/>\n<meta name=\"twitter:card\" content=\"summary_large_image\" \/>\n<meta name=\"twitter:label1\" content=\"Written by\" \/>\n\t<meta name=\"twitter:data1\" content=\"admin\" \/>\n\t<meta name=\"twitter:label2\" content=\"Est. reading time\" \/>\n\t<meta name=\"twitter:data2\" content=\"3 minutes\" \/>\n<script type=\"application\/ld+json\" class=\"yoast-schema-graph\">{\"@context\":\"https:\\\/\\\/schema.org\",\"@graph\":[{\"@type\":\"Article\",\"@id\":\"https:\\\/\\\/durres.gov.al\\\/2014\\\/06\\\/03\\\/rikonstruksion-morfologjik-bregdeti-currila-2\\\/#article\",\"isPartOf\":{\"@id\":\"https:\\\/\\\/durres.gov.al\\\/2014\\\/06\\\/03\\\/rikonstruksion-morfologjik-bregdeti-currila-2\\\/\"},\"author\":{\"name\":\"admin\",\"@id\":\"https:\\\/\\\/durres.gov.al\\\/en\\\/#\\\/schema\\\/person\\\/b635fa3d3fcab493eb6efe564996a856\"},\"headline\":\"Rikonstruksion morfologjik bregdeti Currila\",\"datePublished\":\"2014-06-03T10:54:53+00:00\",\"mainEntityOfPage\":{\"@id\":\"https:\\\/\\\/durres.gov.al\\\/2014\\\/06\\\/03\\\/rikonstruksion-morfologjik-bregdeti-currila-2\\\/\"},\"wordCount\":574,\"commentCount\":0,\"publisher\":{\"@id\":\"https:\\\/\\\/durres.gov.al\\\/en\\\/#organization\"},\"image\":{\"@id\":\"https:\\\/\\\/durres.gov.al\\\/2014\\\/06\\\/03\\\/rikonstruksion-morfologjik-bregdeti-currila-2\\\/#primaryimage\"},\"thumbnailUrl\":\"https:\\\/\\\/durres.gov.al\\\/wp-content\\\/uploads\\\/2014\\\/06\\\/currila.JPG\",\"articleSection\":[\"Projekte per zhvillimin urban\"],\"inLanguage\":\"en-US\",\"potentialAction\":[{\"@type\":\"CommentAction\",\"name\":\"Comment\",\"target\":[\"https:\\\/\\\/durres.gov.al\\\/2014\\\/06\\\/03\\\/rikonstruksion-morfologjik-bregdeti-currila-2\\\/#respond\"]}]},{\"@type\":\"WebPage\",\"@id\":\"https:\\\/\\\/durres.gov.al\\\/2014\\\/06\\\/03\\\/rikonstruksion-morfologjik-bregdeti-currila-2\\\/\",\"url\":\"https:\\\/\\\/durres.gov.al\\\/2014\\\/06\\\/03\\\/rikonstruksion-morfologjik-bregdeti-currila-2\\\/\",\"name\":\"Rikonstruksion morfologjik bregdeti Currila - Bashkia Durr\u00ebs\",\"isPartOf\":{\"@id\":\"https:\\\/\\\/durres.gov.al\\\/en\\\/#website\"},\"primaryImageOfPage\":{\"@id\":\"https:\\\/\\\/durres.gov.al\\\/2014\\\/06\\\/03\\\/rikonstruksion-morfologjik-bregdeti-currila-2\\\/#primaryimage\"},\"image\":{\"@id\":\"https:\\\/\\\/durres.gov.al\\\/2014\\\/06\\\/03\\\/rikonstruksion-morfologjik-bregdeti-currila-2\\\/#primaryimage\"},\"thumbnailUrl\":\"https:\\\/\\\/durres.gov.al\\\/wp-content\\\/uploads\\\/2014\\\/06\\\/currila.JPG\",\"datePublished\":\"2014-06-03T10:54:53+00:00\",\"breadcrumb\":{\"@id\":\"https:\\\/\\\/durres.gov.al\\\/2014\\\/06\\\/03\\\/rikonstruksion-morfologjik-bregdeti-currila-2\\\/#breadcrumb\"},\"inLanguage\":\"en-US\",\"potentialAction\":[{\"@type\":\"ReadAction\",\"target\":[\"https:\\\/\\\/durres.gov.al\\\/2014\\\/06\\\/03\\\/rikonstruksion-morfologjik-bregdeti-currila-2\\\/\"]}]},{\"@type\":\"ImageObject\",\"inLanguage\":\"en-US\",\"@id\":\"https:\\\/\\\/durres.gov.al\\\/2014\\\/06\\\/03\\\/rikonstruksion-morfologjik-bregdeti-currila-2\\\/#primaryimage\",\"url\":\"https:\\\/\\\/durres.gov.al\\\/wp-content\\\/uploads\\\/2014\\\/06\\\/currila.JPG\",\"contentUrl\":\"https:\\\/\\\/durres.gov.al\\\/wp-content\\\/uploads\\\/2014\\\/06\\\/currila.JPG\",\"width\":770,\"height\":487},{\"@type\":\"BreadcrumbList\",\"@id\":\"https:\\\/\\\/durres.gov.al\\\/2014\\\/06\\\/03\\\/rikonstruksion-morfologjik-bregdeti-currila-2\\\/#breadcrumb\",\"itemListElement\":[{\"@type\":\"ListItem\",\"position\":1,\"name\":\"Home\",\"item\":\"https:\\\/\\\/durres.gov.al\\\/\"},{\"@type\":\"ListItem\",\"position\":2,\"name\":\"Rikonstruksion morfologjik bregdeti Currila\"}]},{\"@type\":\"WebSite\",\"@id\":\"https:\\\/\\\/durres.gov.al\\\/en\\\/#website\",\"url\":\"https:\\\/\\\/durres.gov.al\\\/en\\\/\",\"name\":\"Bashkia Durr\u00ebs\",\"description\":\"Faqja Zyrtare n\u00eb Internet\",\"publisher\":{\"@id\":\"https:\\\/\\\/durres.gov.al\\\/en\\\/#organization\"},\"potentialAction\":[{\"@type\":\"SearchAction\",\"target\":{\"@type\":\"EntryPoint\",\"urlTemplate\":\"https:\\\/\\\/durres.gov.al\\\/en\\\/?s={search_term_string}\"},\"query-input\":{\"@type\":\"PropertyValueSpecification\",\"valueRequired\":true,\"valueName\":\"search_term_string\"}}],\"inLanguage\":\"en-US\"},{\"@type\":\"Organization\",\"@id\":\"https:\\\/\\\/durres.gov.al\\\/en\\\/#organization\",\"name\":\"Bashkia Durr\u00ebs\",\"url\":\"https:\\\/\\\/durres.gov.al\\\/en\\\/\",\"logo\":{\"@type\":\"ImageObject\",\"inLanguage\":\"en-US\",\"@id\":\"https:\\\/\\\/durres.gov.al\\\/en\\\/#\\\/schema\\\/logo\\\/image\\\/\",\"url\":\"https:\\\/\\\/durres.gov.al\\\/wp-content\\\/uploads\\\/2023\\\/01\\\/cropped-logo.png\",\"contentUrl\":\"https:\\\/\\\/durres.gov.al\\\/wp-content\\\/uploads\\\/2023\\\/01\\\/cropped-logo.png\",\"width\":512,\"height\":512,\"caption\":\"Bashkia Durr\u00ebs\"},\"image\":{\"@id\":\"https:\\\/\\\/durres.gov.al\\\/en\\\/#\\\/schema\\\/logo\\\/image\\\/\"}},{\"@type\":\"Person\",\"@id\":\"https:\\\/\\\/durres.gov.al\\\/en\\\/#\\\/schema\\\/person\\\/b635fa3d3fcab493eb6efe564996a856\",\"name\":\"admin\",\"sameAs\":[\"https:\\\/\\\/durres.gov.al\"],\"url\":\"https:\\\/\\\/durres.gov.al\\\/en\\\/author\\\/admin\\\/\"}]}<\/script>\n<!-- \/ Yoast SEO plugin. -->","yoast_head_json":{"title":"Rikonstruksion morfologjik bregdeti Currila - Bashkia Durr\u00ebs","robots":{"index":"index","follow":"follow","max-snippet":"max-snippet:-1","max-image-preview":"max-image-preview:large","max-video-preview":"max-video-preview:-1"},"canonical":"https:\/\/durres.gov.al\/en\/2014\/06\/03\/rikonstruksion-morfologjik-bregdeti-currila-2\/","og_locale":"en_US","og_type":"article","og_title":"Rikonstruksion morfologjik bregdeti Currila - Bashkia Durr\u00ebs","og_description":"Mbushja artificiale e zones se plazhit dhe realizimi i nje serie te caktuar te strukturave nen nivelin e detit te distancuara nga bregu per ta mbrojtur kete siperfaqe nga dallget, jane dy procese te rendesishme rreth te cilave zhvillohet projekti. Aktualisht ne ate zone nuk ka siperfaqe te mjaftueshme per tu shfrytezuar si plazh publik, [&hellip;]","og_url":"https:\/\/durres.gov.al\/en\/2014\/06\/03\/rikonstruksion-morfologjik-bregdeti-currila-2\/","og_site_name":"Bashkia Durr\u00ebs","article_published_time":"2014-06-03T10:54:53+00:00","og_image":[{"width":770,"height":487,"url":"https:\/\/durres.gov.al\/wp-content\/uploads\/2014\/06\/currila.JPG","type":"image\/jpeg"}],"author":"admin","twitter_card":"summary_large_image","twitter_misc":{"Written by":"admin","Est. reading time":"3 minutes"},"schema":{"@context":"https:\/\/schema.org","@graph":[{"@type":"Article","@id":"https:\/\/durres.gov.al\/2014\/06\/03\/rikonstruksion-morfologjik-bregdeti-currila-2\/#article","isPartOf":{"@id":"https:\/\/durres.gov.al\/2014\/06\/03\/rikonstruksion-morfologjik-bregdeti-currila-2\/"},"author":{"name":"admin","@id":"https:\/\/durres.gov.al\/en\/#\/schema\/person\/b635fa3d3fcab493eb6efe564996a856"},"headline":"Rikonstruksion morfologjik bregdeti Currila","datePublished":"2014-06-03T10:54:53+00:00","mainEntityOfPage":{"@id":"https:\/\/durres.gov.al\/2014\/06\/03\/rikonstruksion-morfologjik-bregdeti-currila-2\/"},"wordCount":574,"commentCount":0,"publisher":{"@id":"https:\/\/durres.gov.al\/en\/#organization"},"image":{"@id":"https:\/\/durres.gov.al\/2014\/06\/03\/rikonstruksion-morfologjik-bregdeti-currila-2\/#primaryimage"},"thumbnailUrl":"https:\/\/durres.gov.al\/wp-content\/uploads\/2014\/06\/currila.JPG","articleSection":["Projekte per zhvillimin urban"],"inLanguage":"en-US","potentialAction":[{"@type":"CommentAction","name":"Comment","target":["https:\/\/durres.gov.al\/2014\/06\/03\/rikonstruksion-morfologjik-bregdeti-currila-2\/#respond"]}]},{"@type":"WebPage","@id":"https:\/\/durres.gov.al\/2014\/06\/03\/rikonstruksion-morfologjik-bregdeti-currila-2\/","url":"https:\/\/durres.gov.al\/2014\/06\/03\/rikonstruksion-morfologjik-bregdeti-currila-2\/","name":"Rikonstruksion morfologjik bregdeti Currila - Bashkia Durr\u00ebs","isPartOf":{"@id":"https:\/\/durres.gov.al\/en\/#website"},"primaryImageOfPage":{"@id":"https:\/\/durres.gov.al\/2014\/06\/03\/rikonstruksion-morfologjik-bregdeti-currila-2\/#primaryimage"},"image":{"@id":"https:\/\/durres.gov.al\/2014\/06\/03\/rikonstruksion-morfologjik-bregdeti-currila-2\/#primaryimage"},"thumbnailUrl":"https:\/\/durres.gov.al\/wp-content\/uploads\/2014\/06\/currila.JPG","datePublished":"2014-06-03T10:54:53+00:00","breadcrumb":{"@id":"https:\/\/durres.gov.al\/2014\/06\/03\/rikonstruksion-morfologjik-bregdeti-currila-2\/#breadcrumb"},"inLanguage":"en-US","potentialAction":[{"@type":"ReadAction","target":["https:\/\/durres.gov.al\/2014\/06\/03\/rikonstruksion-morfologjik-bregdeti-currila-2\/"]}]},{"@type":"ImageObject","inLanguage":"en-US","@id":"https:\/\/durres.gov.al\/2014\/06\/03\/rikonstruksion-morfologjik-bregdeti-currila-2\/#primaryimage","url":"https:\/\/durres.gov.al\/wp-content\/uploads\/2014\/06\/currila.JPG","contentUrl":"https:\/\/durres.gov.al\/wp-content\/uploads\/2014\/06\/currila.JPG","width":770,"height":487},{"@type":"BreadcrumbList","@id":"https:\/\/durres.gov.al\/2014\/06\/03\/rikonstruksion-morfologjik-bregdeti-currila-2\/#breadcrumb","itemListElement":[{"@type":"ListItem","position":1,"name":"Home","item":"https:\/\/durres.gov.al\/"},{"@type":"ListItem","position":2,"name":"Rikonstruksion morfologjik bregdeti Currila"}]},{"@type":"WebSite","@id":"https:\/\/durres.gov.al\/en\/#website","url":"https:\/\/durres.gov.al\/en\/","name":"Municipality of Durr\u00ebs","description":"Faqja Zyrtare n\u00eb Internet","publisher":{"@id":"https:\/\/durres.gov.al\/en\/#organization"},"potentialAction":[{"@type":"SearchAction","target":{"@type":"EntryPoint","urlTemplate":"https:\/\/durres.gov.al\/en\/?s={search_term_string}"},"query-input":{"@type":"PropertyValueSpecification","valueRequired":true,"valueName":"search_term_string"}}],"inLanguage":"en-US"},{"@type":"Organization","@id":"https:\/\/durres.gov.al\/en\/#organization","name":"Municipality of Durr\u00ebs","url":"https:\/\/durres.gov.al\/en\/","logo":{"@type":"ImageObject","inLanguage":"en-US","@id":"https:\/\/durres.gov.al\/en\/#\/schema\/logo\/image\/","url":"https:\/\/durres.gov.al\/wp-content\/uploads\/2023\/01\/cropped-logo.png","contentUrl":"https:\/\/durres.gov.al\/wp-content\/uploads\/2023\/01\/cropped-logo.png","width":512,"height":512,"caption":"Bashkia Durr\u00ebs"},"image":{"@id":"https:\/\/durres.gov.al\/en\/#\/schema\/logo\/image\/"}},{"@type":"Person","@id":"https:\/\/durres.gov.al\/en\/#\/schema\/person\/b635fa3d3fcab493eb6efe564996a856","name":"admin","sameAs":["https:\/\/durres.gov.al"],"url":"https:\/\/durres.gov.al\/en\/author\/admin\/"}]}},"_links":{"self":[{"href":"https:\/\/durres.gov.al\/en\/wp-json\/wp\/v2\/posts\/15907","targetHints":{"allow":["GET"]}}],"collection":[{"href":"https:\/\/durres.gov.al\/en\/wp-json\/wp\/v2\/posts"}],"about":[{"href":"https:\/\/durres.gov.al\/en\/wp-json\/wp\/v2\/types\/post"}],"author":[{"embeddable":true,"href":"https:\/\/durres.gov.al\/en\/wp-json\/wp\/v2\/users\/4"}],"replies":[{"embeddable":true,"href":"https:\/\/durres.gov.al\/en\/wp-json\/wp\/v2\/comments?post=15907"}],"version-history":[{"count":0,"href":"https:\/\/durres.gov.al\/en\/wp-json\/wp\/v2\/posts\/15907\/revisions"}],"wp:featuredmedia":[{"embeddable":true,"href":"https:\/\/durres.gov.al\/en\/wp-json\/wp\/v2\/media\/15906"}],"wp:attachment":[{"href":"https:\/\/durres.gov.al\/en\/wp-json\/wp\/v2\/media?parent=15907"}],"wp:term":[{"taxonomy":"category","embeddable":true,"href":"https:\/\/durres.gov.al\/en\/wp-json\/wp\/v2\/categories?post=15907"},{"taxonomy":"post_tag","embeddable":true,"href":"https:\/\/durres.gov.al\/en\/wp-json\/wp\/v2\/tags?post=15907"}],"curies":[{"name":"wp","href":"https:\/\/api.w.org\/{rel}","templated":true}]}}