{"id":15908,"date":"2014-06-03T10:55:14","date_gmt":"2014-06-03T10:55:14","guid":{"rendered":"https:\/\/durres.gov.al\/rikonstruksion-sheshi-liria-f-ii-f-iii-2\/"},"modified":"2014-06-03T10:55:14","modified_gmt":"2014-06-03T10:55:14","slug":"rikonstruksion-sheshi-liria-f-ii-f-iii-2","status":"publish","type":"post","link":"https:\/\/durres.gov.al\/en\/2014\/06\/03\/rikonstruksion-sheshi-liria-f-ii-f-iii-2\/","title":{"rendered":"Rikonstruksion sheshi Liria, F.II, F.III"},"content":{"rendered":"<p>{gallery slider=boxplus.transition animation=3000 count=1 width=770 height=500 counter=1 links=0 alignment=right navigation=bottom orientation=horizontal}sheshi_iliria{\/gallery}<\/p>\n<p>Sheshi shfaqet sot si nj\u00eb hap\u00ebsir\u00eb e madhe, e cop\u00ebzuar, kundrejt nevoj\u00ebs p\u00ebr funksione q\u00eb sot i k\u00ebrkohet t\u00eb ket\u00eb nj\u00eb shesh i madh bashk\u00ebkohor. Projekti i ri, q\u00eb do t\u00eb rivler\u00ebsonte identitetet e shkuara p\u00ebrmes\u00a0\u00a0 nj\u00eb imazhi t\u00eb ri, t\u00eb nj\u00eb peizazhi t\u00eb ri urban.<br \/>Riprojektimi i Sheshit qendror \u2013 sheshi Liria \u2013 prej shum\u00eb koh\u00ebsh nj\u00eb hap\u00ebsir\u00eb ku zhvillohet jeta publike, p\u00ebrb\u00ebn nj\u00eb rast t\u00eb favorsh\u00ebm p\u00ebr konsolidimin e nj\u00eb procesi t\u00eb nisur dhe destinuar p\u00ebr kualifikimin e nj\u00eb organizmi t\u00eb t\u00ebr\u00eb urban e metropolitan. N\u00ebp\u00ebrmjet k\u00ebtij aktiviteti qyteti i Durr\u00ebsit k\u00ebrkon t\u00eb komunikoj\u00eb imazhin e nj\u00eb qyteti n\u00eb l\u00ebvizje, aktiv.<br \/>Kesaj teme i shtohet edhe ajo q\u00eb rrjedh nga kushti i nj\u00eb sheshi q\u00eb \u00ebsht\u00eb pashmangshm\u00ebrisht hap\u00ebsir\u00eb p\u00ebrfaq\u00ebsimi funksional dhe simbolik i nj\u00eb shoq\u00ebrie multikulturore, p\u00ebrve\u00e7se multifetare, ku shfaqen gjurm\u00ebt e nj\u00eb t\u00eb kaluare dhe t\u00eb nj\u00eb t\u00eb tashmeje t\u00eb pasur e komplekse, shprehje e nj\u00eb bashk\u00ebsie t\u00eb ndryshme e t\u00eb gjer\u00eb, si n\u00eb stilet e jet\u00ebs ashtu dhe n\u00eb sjelljet individuale e kolektive. <br \/>Ky projekt i jep k\u00ebsaj hap\u00ebsire rolin e rivendosjes s\u00eb lidhjes mes pjes\u00ebve t\u00eb ndryshme t\u00eb qytetit, p\u00ebrmes rikuperimit t\u00eb trajtave t\u00eb kujtes\u00ebs urbane, pa harruar t\u00eb tashmen por duke e p\u00ebrqendruar v\u00ebmendjen n\u00eb vendet q\u00eb p\u00ebrb\u00ebjn\u00eb imazhin e aksit e t\u00eb vet\u00eb qytetit.<br \/>Qellimi i\u00a0 pergjithshem eshte: <br \/>\u2022\u00a0\u00a0\u00a0 Rivendosja e nj\u00eb lidhje t\u00eb re me historin\u00eb urbane t\u00eb Durr\u00ebsit, duke nd\u00ebrmarr\u00eb nj\u00eb vep\u00ebr rivitalizimi dhe rikuperimi t\u00eb trash\u00ebgimis\u00eb s\u00eb madhe kulturore. <br \/>\u2022\u00a0\u00a0\u00a0 Rivleresimi i sheshit nga nje siperfaqe parkimi masive ne nje spot te rendesishem urban. <br \/>\u2022\u00a0\u00a0\u00a0 Nxitja e qytetareve drejt nje t\u00eb transporti i q\u00ebndruesh\u00ebm Kombinim i mire i menyrave te trasportit publik me ate te bicikletave.<br \/>\u2022\u00a0\u00a0\u00a0 Shnderrimi i sheshit ne nje pol urban.<br \/>\u2022\u00a0\u00a0\u00a0 Pozicionimi i ketij sheshi ne qender te kryqezimit te aksit te hyrjes ne port, zones se bregdetit si dhe terminalit te autobuzeve (platforma logjistike ne 10 vitet e ardhshme, projekt ne strategjine urbane te PPV) do te sjelle rrise impaktin socio-ekonomik.<br \/>Me gjere disa nga pritshmerite pas zbatmit te projektit, jane:<br \/>\u2022\u00a0\u00a0\u00a0 Krijimi i rrjeteve aktive t\u00eb transportit te qendrueshme .<br \/>\u2022\u00a0\u00a0\u00a0 Krijimi i korridoreve multi &#8211; modale te levizjes dhe p\u00ebrdorimit t\u00eb p\u00ebrziera .<br \/>\u2022\u00a0\u00a0\u00a0 Integrimi i p\u00ebrdorimit t\u00eb tok\u00ebs dhe planifikimin e levizjes\u00a0 n\u00eb m\u00ebnyr\u00eb q\u00eb t\u00eb promovoj\u00eb komunitetin e\u00a0 p\u00ebr t\u00eb zvog\u00ebluar ndotjen e klim\u00ebs.<br \/>\u2022\u00a0\u00a0\u00a0 Nd\u00ebrtimin e infrastruktur\u00ebs elektrike me ndricim me konsum te ulet energjie (led-ulje rreth 60% te konsumit te energjise nga llampat e perdorura ne disa\u00a0 zona te tjera te qytetit).<br \/>\u2022\u00a0\u00a0\u00a0 Nd\u00ebrtimin e infrastruktur\u00ebs gjelb\u00ebr<br \/>\u2022\u00a0\u00a0\u00a0 Krijimi i &#8220;ekodistrikteve &#8220;ose \u201cmikroklima\u201d\u00a0 me karakteristika t\u00eb tilla si ngrohje dhe ftohje\u00a0 natyrale nepermjet vendosjes se\u00a0 gjelb\u00ebrimit e infrastruktur\u00ebs ujore (shatervani ne qender te sheshit)<br \/>\u2022\u00a0\u00a0\u00a0 Reduktim i mbeturinave dhe ndotjeve te ajrit nga trafiku i automjeteve. Etj.<\/p>","protected":false},"excerpt":{"rendered":"<p>{gallery slider=boxplus.transition animation=3000 count=1 width=770 height=500 counter=1 links=0 alignment=right navigation=bottom orientation=horizontal}sheshi_iliria{\/gallery} Sheshi shfaqet sot si nj\u00eb hap\u00ebsir\u00eb e madhe, e cop\u00ebzuar, kundrejt nevoj\u00ebs p\u00ebr funksione q\u00eb sot i k\u00ebrkohet t\u00eb ket\u00eb nj\u00eb shesh i madh bashk\u00ebkohor. Projekti i ri, q\u00eb do t\u00eb rivler\u00ebsonte identitetet e shkuara p\u00ebrmes\u00a0\u00a0 nj\u00eb imazhi t\u00eb ri, t\u00eb nj\u00eb peizazhi t\u00eb [&hellip;]<\/p>\n","protected":false},"author":4,"featured_media":0,"comment_status":"open","ping_status":"open","sticky":false,"template":"","format":"standard","meta":{"_acf_changed":false,"footnotes":""},"categories":[49],"tags":[],"class_list":["post-15908","post","type-post","status-publish","format-standard","hentry","category-projekte-per-zhvillimin-urban"],"acf":[],"yoast_head":"<!-- This site is optimized with the Yoast SEO plugin v27.4 - https:\/\/yoast.com\/product\/yoast-seo-wordpress\/ -->\n<title>Rikonstruksion sheshi Liria, F.II, F.III - Bashkia Durr\u00ebs<\/title>\n<meta name=\"robots\" content=\"index, follow, max-snippet:-1, max-image-preview:large, max-video-preview:-1\" \/>\n<link rel=\"canonical\" href=\"https:\/\/durres.gov.al\/en\/2014\/06\/03\/rikonstruksion-sheshi-liria-f-ii-f-iii-2\/\" \/>\n<meta property=\"og:locale\" content=\"en_US\" \/>\n<meta property=\"og:type\" content=\"article\" \/>\n<meta property=\"og:title\" content=\"Rikonstruksion sheshi Liria, F.II, F.III - Bashkia Durr\u00ebs\" \/>\n<meta property=\"og:description\" content=\"{gallery slider=boxplus.transition animation=3000 count=1 width=770 height=500 counter=1 links=0 alignment=right navigation=bottom orientation=horizontal}sheshi_iliria{\/gallery} Sheshi shfaqet sot si nj\u00eb hap\u00ebsir\u00eb e madhe, e cop\u00ebzuar, kundrejt nevoj\u00ebs p\u00ebr funksione q\u00eb sot i k\u00ebrkohet t\u00eb ket\u00eb nj\u00eb shesh i madh bashk\u00ebkohor. Projekti i ri, q\u00eb do t\u00eb rivler\u00ebsonte identitetet e shkuara p\u00ebrmes\u00a0\u00a0 nj\u00eb imazhi t\u00eb ri, t\u00eb nj\u00eb peizazhi t\u00eb [&hellip;]\" \/>\n<meta property=\"og:url\" content=\"https:\/\/durres.gov.al\/en\/2014\/06\/03\/rikonstruksion-sheshi-liria-f-ii-f-iii-2\/\" \/>\n<meta property=\"og:site_name\" content=\"Bashkia Durr\u00ebs\" \/>\n<meta property=\"article:published_time\" content=\"2014-06-03T10:55:14+00:00\" \/>\n<meta name=\"author\" content=\"admin\" \/>\n<meta name=\"twitter:card\" content=\"summary_large_image\" \/>\n<meta name=\"twitter:label1\" content=\"Written by\" \/>\n\t<meta name=\"twitter:data1\" content=\"admin\" \/>\n\t<meta name=\"twitter:label2\" content=\"Est. reading time\" \/>\n\t<meta name=\"twitter:data2\" content=\"3 minutes\" \/>\n<script type=\"application\/ld+json\" class=\"yoast-schema-graph\">{\"@context\":\"https:\\\/\\\/schema.org\",\"@graph\":[{\"@type\":\"Article\",\"@id\":\"https:\\\/\\\/durres.gov.al\\\/2014\\\/06\\\/03\\\/rikonstruksion-sheshi-liria-f-ii-f-iii-2\\\/#article\",\"isPartOf\":{\"@id\":\"https:\\\/\\\/durres.gov.al\\\/2014\\\/06\\\/03\\\/rikonstruksion-sheshi-liria-f-ii-f-iii-2\\\/\"},\"author\":{\"name\":\"admin\",\"@id\":\"https:\\\/\\\/durres.gov.al\\\/en\\\/#\\\/schema\\\/person\\\/b635fa3d3fcab493eb6efe564996a856\"},\"headline\":\"Rikonstruksion sheshi Liria, F.II, F.III\",\"datePublished\":\"2014-06-03T10:55:14+00:00\",\"mainEntityOfPage\":{\"@id\":\"https:\\\/\\\/durres.gov.al\\\/2014\\\/06\\\/03\\\/rikonstruksion-sheshi-liria-f-ii-f-iii-2\\\/\"},\"wordCount\":528,\"commentCount\":0,\"publisher\":{\"@id\":\"https:\\\/\\\/durres.gov.al\\\/en\\\/#organization\"},\"articleSection\":[\"Projekte per zhvillimin urban\"],\"inLanguage\":\"en-US\",\"potentialAction\":[{\"@type\":\"CommentAction\",\"name\":\"Comment\",\"target\":[\"https:\\\/\\\/durres.gov.al\\\/2014\\\/06\\\/03\\\/rikonstruksion-sheshi-liria-f-ii-f-iii-2\\\/#respond\"]}]},{\"@type\":\"WebPage\",\"@id\":\"https:\\\/\\\/durres.gov.al\\\/2014\\\/06\\\/03\\\/rikonstruksion-sheshi-liria-f-ii-f-iii-2\\\/\",\"url\":\"https:\\\/\\\/durres.gov.al\\\/2014\\\/06\\\/03\\\/rikonstruksion-sheshi-liria-f-ii-f-iii-2\\\/\",\"name\":\"Rikonstruksion sheshi Liria, F.II, F.III - Bashkia Durr\u00ebs\",\"isPartOf\":{\"@id\":\"https:\\\/\\\/durres.gov.al\\\/en\\\/#website\"},\"datePublished\":\"2014-06-03T10:55:14+00:00\",\"breadcrumb\":{\"@id\":\"https:\\\/\\\/durres.gov.al\\\/2014\\\/06\\\/03\\\/rikonstruksion-sheshi-liria-f-ii-f-iii-2\\\/#breadcrumb\"},\"inLanguage\":\"en-US\",\"potentialAction\":[{\"@type\":\"ReadAction\",\"target\":[\"https:\\\/\\\/durres.gov.al\\\/2014\\\/06\\\/03\\\/rikonstruksion-sheshi-liria-f-ii-f-iii-2\\\/\"]}]},{\"@type\":\"BreadcrumbList\",\"@id\":\"https:\\\/\\\/durres.gov.al\\\/2014\\\/06\\\/03\\\/rikonstruksion-sheshi-liria-f-ii-f-iii-2\\\/#breadcrumb\",\"itemListElement\":[{\"@type\":\"ListItem\",\"position\":1,\"name\":\"Home\",\"item\":\"https:\\\/\\\/durres.gov.al\\\/\"},{\"@type\":\"ListItem\",\"position\":2,\"name\":\"Rikonstruksion sheshi Liria, F.II, F.III\"}]},{\"@type\":\"WebSite\",\"@id\":\"https:\\\/\\\/durres.gov.al\\\/en\\\/#website\",\"url\":\"https:\\\/\\\/durres.gov.al\\\/en\\\/\",\"name\":\"Bashkia Durr\u00ebs\",\"description\":\"Faqja Zyrtare n\u00eb Internet\",\"publisher\":{\"@id\":\"https:\\\/\\\/durres.gov.al\\\/en\\\/#organization\"},\"potentialAction\":[{\"@type\":\"SearchAction\",\"target\":{\"@type\":\"EntryPoint\",\"urlTemplate\":\"https:\\\/\\\/durres.gov.al\\\/en\\\/?s={search_term_string}\"},\"query-input\":{\"@type\":\"PropertyValueSpecification\",\"valueRequired\":true,\"valueName\":\"search_term_string\"}}],\"inLanguage\":\"en-US\"},{\"@type\":\"Organization\",\"@id\":\"https:\\\/\\\/durres.gov.al\\\/en\\\/#organization\",\"name\":\"Bashkia Durr\u00ebs\",\"url\":\"https:\\\/\\\/durres.gov.al\\\/en\\\/\",\"logo\":{\"@type\":\"ImageObject\",\"inLanguage\":\"en-US\",\"@id\":\"https:\\\/\\\/durres.gov.al\\\/en\\\/#\\\/schema\\\/logo\\\/image\\\/\",\"url\":\"https:\\\/\\\/durres.gov.al\\\/wp-content\\\/uploads\\\/2023\\\/01\\\/cropped-logo.png\",\"contentUrl\":\"https:\\\/\\\/durres.gov.al\\\/wp-content\\\/uploads\\\/2023\\\/01\\\/cropped-logo.png\",\"width\":512,\"height\":512,\"caption\":\"Bashkia Durr\u00ebs\"},\"image\":{\"@id\":\"https:\\\/\\\/durres.gov.al\\\/en\\\/#\\\/schema\\\/logo\\\/image\\\/\"}},{\"@type\":\"Person\",\"@id\":\"https:\\\/\\\/durres.gov.al\\\/en\\\/#\\\/schema\\\/person\\\/b635fa3d3fcab493eb6efe564996a856\",\"name\":\"admin\",\"sameAs\":[\"https:\\\/\\\/durres.gov.al\"],\"url\":\"https:\\\/\\\/durres.gov.al\\\/en\\\/author\\\/admin\\\/\"}]}<\/script>\n<!-- \/ Yoast SEO plugin. -->","yoast_head_json":{"title":"Rikonstruksion sheshi Liria, F.II, F.III - Bashkia Durr\u00ebs","robots":{"index":"index","follow":"follow","max-snippet":"max-snippet:-1","max-image-preview":"max-image-preview:large","max-video-preview":"max-video-preview:-1"},"canonical":"https:\/\/durres.gov.al\/en\/2014\/06\/03\/rikonstruksion-sheshi-liria-f-ii-f-iii-2\/","og_locale":"en_US","og_type":"article","og_title":"Rikonstruksion sheshi Liria, F.II, F.III - Bashkia Durr\u00ebs","og_description":"{gallery slider=boxplus.transition animation=3000 count=1 width=770 height=500 counter=1 links=0 alignment=right navigation=bottom orientation=horizontal}sheshi_iliria{\/gallery} Sheshi shfaqet sot si nj\u00eb hap\u00ebsir\u00eb e madhe, e cop\u00ebzuar, kundrejt nevoj\u00ebs p\u00ebr funksione q\u00eb sot i k\u00ebrkohet t\u00eb ket\u00eb nj\u00eb shesh i madh bashk\u00ebkohor. Projekti i ri, q\u00eb do t\u00eb rivler\u00ebsonte identitetet e shkuara p\u00ebrmes\u00a0\u00a0 nj\u00eb imazhi t\u00eb ri, t\u00eb nj\u00eb peizazhi t\u00eb [&hellip;]","og_url":"https:\/\/durres.gov.al\/en\/2014\/06\/03\/rikonstruksion-sheshi-liria-f-ii-f-iii-2\/","og_site_name":"Bashkia Durr\u00ebs","article_published_time":"2014-06-03T10:55:14+00:00","author":"admin","twitter_card":"summary_large_image","twitter_misc":{"Written by":"admin","Est. reading time":"3 minutes"},"schema":{"@context":"https:\/\/schema.org","@graph":[{"@type":"Article","@id":"https:\/\/durres.gov.al\/2014\/06\/03\/rikonstruksion-sheshi-liria-f-ii-f-iii-2\/#article","isPartOf":{"@id":"https:\/\/durres.gov.al\/2014\/06\/03\/rikonstruksion-sheshi-liria-f-ii-f-iii-2\/"},"author":{"name":"admin","@id":"https:\/\/durres.gov.al\/en\/#\/schema\/person\/b635fa3d3fcab493eb6efe564996a856"},"headline":"Rikonstruksion sheshi Liria, F.II, F.III","datePublished":"2014-06-03T10:55:14+00:00","mainEntityOfPage":{"@id":"https:\/\/durres.gov.al\/2014\/06\/03\/rikonstruksion-sheshi-liria-f-ii-f-iii-2\/"},"wordCount":528,"commentCount":0,"publisher":{"@id":"https:\/\/durres.gov.al\/en\/#organization"},"articleSection":["Projekte per zhvillimin urban"],"inLanguage":"en-US","potentialAction":[{"@type":"CommentAction","name":"Comment","target":["https:\/\/durres.gov.al\/2014\/06\/03\/rikonstruksion-sheshi-liria-f-ii-f-iii-2\/#respond"]}]},{"@type":"WebPage","@id":"https:\/\/durres.gov.al\/2014\/06\/03\/rikonstruksion-sheshi-liria-f-ii-f-iii-2\/","url":"https:\/\/durres.gov.al\/2014\/06\/03\/rikonstruksion-sheshi-liria-f-ii-f-iii-2\/","name":"Rikonstruksion sheshi Liria, F.II, F.III - Bashkia Durr\u00ebs","isPartOf":{"@id":"https:\/\/durres.gov.al\/en\/#website"},"datePublished":"2014-06-03T10:55:14+00:00","breadcrumb":{"@id":"https:\/\/durres.gov.al\/2014\/06\/03\/rikonstruksion-sheshi-liria-f-ii-f-iii-2\/#breadcrumb"},"inLanguage":"en-US","potentialAction":[{"@type":"ReadAction","target":["https:\/\/durres.gov.al\/2014\/06\/03\/rikonstruksion-sheshi-liria-f-ii-f-iii-2\/"]}]},{"@type":"BreadcrumbList","@id":"https:\/\/durres.gov.al\/2014\/06\/03\/rikonstruksion-sheshi-liria-f-ii-f-iii-2\/#breadcrumb","itemListElement":[{"@type":"ListItem","position":1,"name":"Home","item":"https:\/\/durres.gov.al\/"},{"@type":"ListItem","position":2,"name":"Rikonstruksion sheshi Liria, F.II, F.III"}]},{"@type":"WebSite","@id":"https:\/\/durres.gov.al\/en\/#website","url":"https:\/\/durres.gov.al\/en\/","name":"Municipality of Durr\u00ebs","description":"Faqja Zyrtare n\u00eb Internet","publisher":{"@id":"https:\/\/durres.gov.al\/en\/#organization"},"potentialAction":[{"@type":"SearchAction","target":{"@type":"EntryPoint","urlTemplate":"https:\/\/durres.gov.al\/en\/?s={search_term_string}"},"query-input":{"@type":"PropertyValueSpecification","valueRequired":true,"valueName":"search_term_string"}}],"inLanguage":"en-US"},{"@type":"Organization","@id":"https:\/\/durres.gov.al\/en\/#organization","name":"Municipality of Durr\u00ebs","url":"https:\/\/durres.gov.al\/en\/","logo":{"@type":"ImageObject","inLanguage":"en-US","@id":"https:\/\/durres.gov.al\/en\/#\/schema\/logo\/image\/","url":"https:\/\/durres.gov.al\/wp-content\/uploads\/2023\/01\/cropped-logo.png","contentUrl":"https:\/\/durres.gov.al\/wp-content\/uploads\/2023\/01\/cropped-logo.png","width":512,"height":512,"caption":"Bashkia Durr\u00ebs"},"image":{"@id":"https:\/\/durres.gov.al\/en\/#\/schema\/logo\/image\/"}},{"@type":"Person","@id":"https:\/\/durres.gov.al\/en\/#\/schema\/person\/b635fa3d3fcab493eb6efe564996a856","name":"admin","sameAs":["https:\/\/durres.gov.al"],"url":"https:\/\/durres.gov.al\/en\/author\/admin\/"}]}},"_links":{"self":[{"href":"https:\/\/durres.gov.al\/en\/wp-json\/wp\/v2\/posts\/15908","targetHints":{"allow":["GET"]}}],"collection":[{"href":"https:\/\/durres.gov.al\/en\/wp-json\/wp\/v2\/posts"}],"about":[{"href":"https:\/\/durres.gov.al\/en\/wp-json\/wp\/v2\/types\/post"}],"author":[{"embeddable":true,"href":"https:\/\/durres.gov.al\/en\/wp-json\/wp\/v2\/users\/4"}],"replies":[{"embeddable":true,"href":"https:\/\/durres.gov.al\/en\/wp-json\/wp\/v2\/comments?post=15908"}],"version-history":[{"count":0,"href":"https:\/\/durres.gov.al\/en\/wp-json\/wp\/v2\/posts\/15908\/revisions"}],"wp:attachment":[{"href":"https:\/\/durres.gov.al\/en\/wp-json\/wp\/v2\/media?parent=15908"}],"wp:term":[{"taxonomy":"category","embeddable":true,"href":"https:\/\/durres.gov.al\/en\/wp-json\/wp\/v2\/categories?post=15908"},{"taxonomy":"post_tag","embeddable":true,"href":"https:\/\/durres.gov.al\/en\/wp-json\/wp\/v2\/tags?post=15908"}],"curies":[{"name":"wp","href":"https:\/\/api.w.org\/{rel}","templated":true}]}}