{"id":15910,"date":"2014-06-03T10:55:44","date_gmt":"2014-06-03T10:55:44","guid":{"rendered":"https:\/\/durres.gov.al\/projekti-per-korsite-e-bicikletave-ne-plazh-2\/"},"modified":"2014-06-03T10:55:44","modified_gmt":"2014-06-03T10:55:44","slug":"projekti-per-korsite-e-bicikletave-ne-plazh-2","status":"publish","type":"post","link":"https:\/\/durres.gov.al\/en\/2014\/06\/03\/projekti-per-korsite-e-bicikletave-ne-plazh-2\/","title":{"rendered":"Projekti per korsite e bicikletave ne Plazh"},"content":{"rendered":"<p>{gallery slider=boxplus.transition animation=3000 count=1 width=770 height=500 counter=1 links=0 alignment=right navigation=bottom orientation=horizontal}korsi_bicikleta{\/gallery}<\/p>\n<p>Realizmi i korsive te bicikletave ne rrugen ekzistuese te Plazhit eshte nje projekt i cili behet per te permiresuar cilesine e transportit te qendrueshem, rritjen e mundesise per perzgjedhjen e\u00a0 transportit publik, si dhe rritjen e cilesise se jeteses nepermjet shtimit te hapesirave publike te nje cilesie bashkekohore.<br \/>Rikonceptimi i rruges se plazhit duke zvogeluar brenda standarteve ne fuqi dimenisonin e karrexhates (ne kete menyre ulet dhe shpejtesia e levizjes se makinave, duke qene se plazhi ka nje intensitet te larte te levizjes se kembesoreve) e kjo siperfaqe e hequr nga rruga i ka kaluar ne funksion vendosjes se korsise se bicikletave ne te dyja anet e rruges. <br \/>Ne keto projekt jane trajtuar ujrat e bardha,gjelberimi ,ndri\u00e7imi rrugor,sinjalistikat horizontale e vertikale dhe shtresat rrugore jane projektuar sipas standarteve Europiane.<\/p>\n<p>Objektiva e qellime te ketij projekti jane: <br \/>\u2022\u00a0\u00a0\u00a0 Promovimi i transportit urban te integruar<br \/>\u2022\u00a0\u00a0\u00a0 Rikualifikimi i\u00a0 hapesires urbane ne nenkalime, rikompozimin i shesheve dhe riperdorimin i tyre. Aksesi dhe organizimi\u00a0 te kalimit te kembesoreve <br \/>\u2022\u00a0\u00a0\u00a0 Administrimi me efektiv i territorit krijimi i spoteve te integruara ne hyrje te qytetit gjate gjithe rruges se plazhit e ne fund te saj ne nenkalimin e plepave <br \/>\u2022\u00a0\u00a0\u00a0 Nxitja e qytetareve drejt nje t\u00eb transporti i q\u00ebndruesh\u00ebm Kombinim i mire i menyrave te trasportit publik me ate te bicikletave.<br \/>\u2022\u00a0\u00a0\u00a0 Mbrojtja e kembesoreve dhe prioriteti i levizjes se tyre, <\/p>\n<p>Disa nga pritshmerite pas zbatimit te projektit, jane:<br \/>\u2022\u00a0\u00a0\u00a0 Shtimi i linjave te transportit publik dhe rritja e sherbimit ndaj qytetareve<br \/>\u2022\u00a0\u00a0\u00a0 Promovimi i levizjes se qendrueshme nepermjet vendosjes se korsise se bilickletave ne projekt<br \/>\u2022\u00a0\u00a0\u00a0 Integrimi i p\u00ebrdorimit t\u00eb transporteve te ndryshem<br \/>\u2022\u00a0\u00a0\u00a0 Zevendesimi i infrastruktures ekzistuese elektrike teknologji\u00a0 me konsum te ulet energjie (led-ulje rreth 60% te konsumit te energjise nga llampat e perdorura gjeresisht sot ne zona te tjera te qytetit).<br \/>\u2022\u00a0\u00a0\u00a0 Nd\u00ebrtimin e infrastruktur\u00ebs gjelb\u00ebr<br \/>\u2022\u00a0\u00a0\u00a0 Krijimi i mikroklimave ne nenkalime me kombinimin e zonave te hijezuara me ato te diellezuara<br \/>\u2022\u00a0\u00a0\u00a0 Reduktim i mbeturinave te akumuluara ne zone si pasoje e keqperdorimit te hapesires, mungeses se organizimit e kaosit ne levizje midis kembesoreve e mjeteve. <br \/>\u2022\u00a0\u00a0\u00a0 Prioritet i ketij projekti e impakt pas mbarimit te zbatimit eshte edhe terheqja e investimeve te reja e zhvillimit ekonomik ne zone.<\/p>","protected":false},"excerpt":{"rendered":"<p>{gallery slider=boxplus.transition animation=3000 count=1 width=770 height=500 counter=1 links=0 alignment=right navigation=bottom orientation=horizontal}korsi_bicikleta{\/gallery} Realizmi i korsive te bicikletave ne rrugen ekzistuese te Plazhit eshte nje projekt i cili behet per te permiresuar cilesine e transportit te qendrueshem, rritjen e mundesise per perzgjedhjen e\u00a0 transportit publik, si dhe rritjen e cilesise se jeteses nepermjet shtimit te hapesirave publike [&hellip;]<\/p>\n","protected":false},"author":4,"featured_media":0,"comment_status":"open","ping_status":"open","sticky":false,"template":"","format":"standard","meta":{"_acf_changed":false,"footnotes":""},"categories":[49],"tags":[],"class_list":["post-15910","post","type-post","status-publish","format-standard","hentry","category-projekte-per-zhvillimin-urban"],"acf":[],"yoast_head":"<!-- This site is optimized with the Yoast SEO plugin v27.4 - https:\/\/yoast.com\/product\/yoast-seo-wordpress\/ -->\n<title>Projekti per korsite e bicikletave ne Plazh - Bashkia Durr\u00ebs<\/title>\n<meta name=\"robots\" content=\"index, follow, max-snippet:-1, max-image-preview:large, max-video-preview:-1\" \/>\n<link rel=\"canonical\" href=\"https:\/\/durres.gov.al\/en\/2014\/06\/03\/projekti-per-korsite-e-bicikletave-ne-plazh-2\/\" \/>\n<meta property=\"og:locale\" content=\"en_US\" \/>\n<meta property=\"og:type\" content=\"article\" \/>\n<meta property=\"og:title\" content=\"Projekti per korsite e bicikletave ne Plazh - Bashkia Durr\u00ebs\" \/>\n<meta property=\"og:description\" content=\"{gallery slider=boxplus.transition animation=3000 count=1 width=770 height=500 counter=1 links=0 alignment=right navigation=bottom orientation=horizontal}korsi_bicikleta{\/gallery} Realizmi i korsive te bicikletave ne rrugen ekzistuese te Plazhit eshte nje projekt i cili behet per te permiresuar cilesine e transportit te qendrueshem, rritjen e mundesise per perzgjedhjen e\u00a0 transportit publik, si dhe rritjen e cilesise se jeteses nepermjet shtimit te hapesirave publike [&hellip;]\" \/>\n<meta property=\"og:url\" content=\"https:\/\/durres.gov.al\/en\/2014\/06\/03\/projekti-per-korsite-e-bicikletave-ne-plazh-2\/\" \/>\n<meta property=\"og:site_name\" content=\"Bashkia Durr\u00ebs\" \/>\n<meta property=\"article:published_time\" content=\"2014-06-03T10:55:44+00:00\" \/>\n<meta name=\"author\" content=\"admin\" \/>\n<meta name=\"twitter:card\" content=\"summary_large_image\" \/>\n<meta name=\"twitter:label1\" content=\"Written by\" \/>\n\t<meta name=\"twitter:data1\" content=\"admin\" \/>\n\t<meta name=\"twitter:label2\" content=\"Est. reading time\" \/>\n\t<meta name=\"twitter:data2\" content=\"2 minutes\" \/>\n<script type=\"application\/ld+json\" class=\"yoast-schema-graph\">{\"@context\":\"https:\\\/\\\/schema.org\",\"@graph\":[{\"@type\":\"Article\",\"@id\":\"https:\\\/\\\/durres.gov.al\\\/en\\\/2014\\\/06\\\/03\\\/projekti-per-korsite-e-bicikletave-ne-plazh-2\\\/#article\",\"isPartOf\":{\"@id\":\"https:\\\/\\\/durres.gov.al\\\/en\\\/2014\\\/06\\\/03\\\/projekti-per-korsite-e-bicikletave-ne-plazh-2\\\/\"},\"author\":{\"name\":\"admin\",\"@id\":\"https:\\\/\\\/durres.gov.al\\\/en\\\/#\\\/schema\\\/person\\\/b635fa3d3fcab493eb6efe564996a856\"},\"headline\":\"Projekti per korsite e bicikletave ne Plazh\",\"datePublished\":\"2014-06-03T10:55:44+00:00\",\"mainEntityOfPage\":{\"@id\":\"https:\\\/\\\/durres.gov.al\\\/en\\\/2014\\\/06\\\/03\\\/projekti-per-korsite-e-bicikletave-ne-plazh-2\\\/\"},\"wordCount\":389,\"commentCount\":0,\"publisher\":{\"@id\":\"https:\\\/\\\/durres.gov.al\\\/en\\\/#organization\"},\"articleSection\":[\"Projekte per zhvillimin urban\"],\"inLanguage\":\"en-US\",\"potentialAction\":[{\"@type\":\"CommentAction\",\"name\":\"Comment\",\"target\":[\"https:\\\/\\\/durres.gov.al\\\/en\\\/2014\\\/06\\\/03\\\/projekti-per-korsite-e-bicikletave-ne-plazh-2\\\/#respond\"]}]},{\"@type\":\"WebPage\",\"@id\":\"https:\\\/\\\/durres.gov.al\\\/en\\\/2014\\\/06\\\/03\\\/projekti-per-korsite-e-bicikletave-ne-plazh-2\\\/\",\"url\":\"https:\\\/\\\/durres.gov.al\\\/en\\\/2014\\\/06\\\/03\\\/projekti-per-korsite-e-bicikletave-ne-plazh-2\\\/\",\"name\":\"Projekti per korsite e bicikletave ne Plazh - Bashkia Durr\u00ebs\",\"isPartOf\":{\"@id\":\"https:\\\/\\\/durres.gov.al\\\/en\\\/#website\"},\"datePublished\":\"2014-06-03T10:55:44+00:00\",\"breadcrumb\":{\"@id\":\"https:\\\/\\\/durres.gov.al\\\/en\\\/2014\\\/06\\\/03\\\/projekti-per-korsite-e-bicikletave-ne-plazh-2\\\/#breadcrumb\"},\"inLanguage\":\"en-US\",\"potentialAction\":[{\"@type\":\"ReadAction\",\"target\":[\"https:\\\/\\\/durres.gov.al\\\/en\\\/2014\\\/06\\\/03\\\/projekti-per-korsite-e-bicikletave-ne-plazh-2\\\/\"]}]},{\"@type\":\"BreadcrumbList\",\"@id\":\"https:\\\/\\\/durres.gov.al\\\/en\\\/2014\\\/06\\\/03\\\/projekti-per-korsite-e-bicikletave-ne-plazh-2\\\/#breadcrumb\",\"itemListElement\":[{\"@type\":\"ListItem\",\"position\":1,\"name\":\"Home\",\"item\":\"https:\\\/\\\/durres.gov.al\\\/\"},{\"@type\":\"ListItem\",\"position\":2,\"name\":\"Projekti per korsite e bicikletave ne Plazh\"}]},{\"@type\":\"WebSite\",\"@id\":\"https:\\\/\\\/durres.gov.al\\\/en\\\/#website\",\"url\":\"https:\\\/\\\/durres.gov.al\\\/en\\\/\",\"name\":\"Bashkia Durr\u00ebs\",\"description\":\"Faqja Zyrtare n\u00eb Internet\",\"publisher\":{\"@id\":\"https:\\\/\\\/durres.gov.al\\\/en\\\/#organization\"},\"potentialAction\":[{\"@type\":\"SearchAction\",\"target\":{\"@type\":\"EntryPoint\",\"urlTemplate\":\"https:\\\/\\\/durres.gov.al\\\/en\\\/?s={search_term_string}\"},\"query-input\":{\"@type\":\"PropertyValueSpecification\",\"valueRequired\":true,\"valueName\":\"search_term_string\"}}],\"inLanguage\":\"en-US\"},{\"@type\":\"Organization\",\"@id\":\"https:\\\/\\\/durres.gov.al\\\/en\\\/#organization\",\"name\":\"Bashkia Durr\u00ebs\",\"url\":\"https:\\\/\\\/durres.gov.al\\\/en\\\/\",\"logo\":{\"@type\":\"ImageObject\",\"inLanguage\":\"en-US\",\"@id\":\"https:\\\/\\\/durres.gov.al\\\/en\\\/#\\\/schema\\\/logo\\\/image\\\/\",\"url\":\"https:\\\/\\\/durres.gov.al\\\/wp-content\\\/uploads\\\/2023\\\/01\\\/cropped-logo.png\",\"contentUrl\":\"https:\\\/\\\/durres.gov.al\\\/wp-content\\\/uploads\\\/2023\\\/01\\\/cropped-logo.png\",\"width\":512,\"height\":512,\"caption\":\"Bashkia Durr\u00ebs\"},\"image\":{\"@id\":\"https:\\\/\\\/durres.gov.al\\\/en\\\/#\\\/schema\\\/logo\\\/image\\\/\"}},{\"@type\":\"Person\",\"@id\":\"https:\\\/\\\/durres.gov.al\\\/en\\\/#\\\/schema\\\/person\\\/b635fa3d3fcab493eb6efe564996a856\",\"name\":\"admin\",\"sameAs\":[\"https:\\\/\\\/durres.gov.al\"],\"url\":\"https:\\\/\\\/durres.gov.al\\\/en\\\/author\\\/admin\\\/\"}]}<\/script>\n<!-- \/ Yoast SEO plugin. -->","yoast_head_json":{"title":"Projekti per korsite e bicikletave ne Plazh - Bashkia Durr\u00ebs","robots":{"index":"index","follow":"follow","max-snippet":"max-snippet:-1","max-image-preview":"max-image-preview:large","max-video-preview":"max-video-preview:-1"},"canonical":"https:\/\/durres.gov.al\/en\/2014\/06\/03\/projekti-per-korsite-e-bicikletave-ne-plazh-2\/","og_locale":"en_US","og_type":"article","og_title":"Projekti per korsite e bicikletave ne Plazh - Bashkia Durr\u00ebs","og_description":"{gallery slider=boxplus.transition animation=3000 count=1 width=770 height=500 counter=1 links=0 alignment=right navigation=bottom orientation=horizontal}korsi_bicikleta{\/gallery} Realizmi i korsive te bicikletave ne rrugen ekzistuese te Plazhit eshte nje projekt i cili behet per te permiresuar cilesine e transportit te qendrueshem, rritjen e mundesise per perzgjedhjen e\u00a0 transportit publik, si dhe rritjen e cilesise se jeteses nepermjet shtimit te hapesirave publike [&hellip;]","og_url":"https:\/\/durres.gov.al\/en\/2014\/06\/03\/projekti-per-korsite-e-bicikletave-ne-plazh-2\/","og_site_name":"Bashkia Durr\u00ebs","article_published_time":"2014-06-03T10:55:44+00:00","author":"admin","twitter_card":"summary_large_image","twitter_misc":{"Written by":"admin","Est. reading time":"2 minutes"},"schema":{"@context":"https:\/\/schema.org","@graph":[{"@type":"Article","@id":"https:\/\/durres.gov.al\/en\/2014\/06\/03\/projekti-per-korsite-e-bicikletave-ne-plazh-2\/#article","isPartOf":{"@id":"https:\/\/durres.gov.al\/en\/2014\/06\/03\/projekti-per-korsite-e-bicikletave-ne-plazh-2\/"},"author":{"name":"admin","@id":"https:\/\/durres.gov.al\/en\/#\/schema\/person\/b635fa3d3fcab493eb6efe564996a856"},"headline":"Projekti per korsite e bicikletave ne Plazh","datePublished":"2014-06-03T10:55:44+00:00","mainEntityOfPage":{"@id":"https:\/\/durres.gov.al\/en\/2014\/06\/03\/projekti-per-korsite-e-bicikletave-ne-plazh-2\/"},"wordCount":389,"commentCount":0,"publisher":{"@id":"https:\/\/durres.gov.al\/en\/#organization"},"articleSection":["Projekte per zhvillimin urban"],"inLanguage":"en-US","potentialAction":[{"@type":"CommentAction","name":"Comment","target":["https:\/\/durres.gov.al\/en\/2014\/06\/03\/projekti-per-korsite-e-bicikletave-ne-plazh-2\/#respond"]}]},{"@type":"WebPage","@id":"https:\/\/durres.gov.al\/en\/2014\/06\/03\/projekti-per-korsite-e-bicikletave-ne-plazh-2\/","url":"https:\/\/durres.gov.al\/en\/2014\/06\/03\/projekti-per-korsite-e-bicikletave-ne-plazh-2\/","name":"Projekti per korsite e bicikletave ne Plazh - Bashkia Durr\u00ebs","isPartOf":{"@id":"https:\/\/durres.gov.al\/en\/#website"},"datePublished":"2014-06-03T10:55:44+00:00","breadcrumb":{"@id":"https:\/\/durres.gov.al\/en\/2014\/06\/03\/projekti-per-korsite-e-bicikletave-ne-plazh-2\/#breadcrumb"},"inLanguage":"en-US","potentialAction":[{"@type":"ReadAction","target":["https:\/\/durres.gov.al\/en\/2014\/06\/03\/projekti-per-korsite-e-bicikletave-ne-plazh-2\/"]}]},{"@type":"BreadcrumbList","@id":"https:\/\/durres.gov.al\/en\/2014\/06\/03\/projekti-per-korsite-e-bicikletave-ne-plazh-2\/#breadcrumb","itemListElement":[{"@type":"ListItem","position":1,"name":"Home","item":"https:\/\/durres.gov.al\/"},{"@type":"ListItem","position":2,"name":"Projekti per korsite e bicikletave ne Plazh"}]},{"@type":"WebSite","@id":"https:\/\/durres.gov.al\/en\/#website","url":"https:\/\/durres.gov.al\/en\/","name":"Municipality of Durr\u00ebs","description":"Faqja Zyrtare n\u00eb Internet","publisher":{"@id":"https:\/\/durres.gov.al\/en\/#organization"},"potentialAction":[{"@type":"SearchAction","target":{"@type":"EntryPoint","urlTemplate":"https:\/\/durres.gov.al\/en\/?s={search_term_string}"},"query-input":{"@type":"PropertyValueSpecification","valueRequired":true,"valueName":"search_term_string"}}],"inLanguage":"en-US"},{"@type":"Organization","@id":"https:\/\/durres.gov.al\/en\/#organization","name":"Municipality of Durr\u00ebs","url":"https:\/\/durres.gov.al\/en\/","logo":{"@type":"ImageObject","inLanguage":"en-US","@id":"https:\/\/durres.gov.al\/en\/#\/schema\/logo\/image\/","url":"https:\/\/durres.gov.al\/wp-content\/uploads\/2023\/01\/cropped-logo.png","contentUrl":"https:\/\/durres.gov.al\/wp-content\/uploads\/2023\/01\/cropped-logo.png","width":512,"height":512,"caption":"Bashkia Durr\u00ebs"},"image":{"@id":"https:\/\/durres.gov.al\/en\/#\/schema\/logo\/image\/"}},{"@type":"Person","@id":"https:\/\/durres.gov.al\/en\/#\/schema\/person\/b635fa3d3fcab493eb6efe564996a856","name":"admin","sameAs":["https:\/\/durres.gov.al"],"url":"https:\/\/durres.gov.al\/en\/author\/admin\/"}]}},"_links":{"self":[{"href":"https:\/\/durres.gov.al\/en\/wp-json\/wp\/v2\/posts\/15910","targetHints":{"allow":["GET"]}}],"collection":[{"href":"https:\/\/durres.gov.al\/en\/wp-json\/wp\/v2\/posts"}],"about":[{"href":"https:\/\/durres.gov.al\/en\/wp-json\/wp\/v2\/types\/post"}],"author":[{"embeddable":true,"href":"https:\/\/durres.gov.al\/en\/wp-json\/wp\/v2\/users\/4"}],"replies":[{"embeddable":true,"href":"https:\/\/durres.gov.al\/en\/wp-json\/wp\/v2\/comments?post=15910"}],"version-history":[{"count":0,"href":"https:\/\/durres.gov.al\/en\/wp-json\/wp\/v2\/posts\/15910\/revisions"}],"wp:attachment":[{"href":"https:\/\/durres.gov.al\/en\/wp-json\/wp\/v2\/media?parent=15910"}],"wp:term":[{"taxonomy":"category","embeddable":true,"href":"https:\/\/durres.gov.al\/en\/wp-json\/wp\/v2\/categories?post=15910"},{"taxonomy":"post_tag","embeddable":true,"href":"https:\/\/durres.gov.al\/en\/wp-json\/wp\/v2\/tags?post=15910"}],"curies":[{"name":"wp","href":"https:\/\/api.w.org\/{rel}","templated":true}]}}