{"id":15920,"date":"2014-06-03T10:57:16","date_gmt":"2014-06-03T10:57:16","guid":{"rendered":"https:\/\/durres.gov.al\/projekti-reagimi-i-koordinuar-kunder-dhunes-ne-familje\/"},"modified":"2014-06-03T10:57:16","modified_gmt":"2014-06-03T10:57:16","slug":"projekti-reagimi-i-koordinuar-kunder-dhunes-ne-familje","status":"publish","type":"post","link":"https:\/\/durres.gov.al\/en\/2014\/06\/03\/projekti-reagimi-i-koordinuar-kunder-dhunes-ne-familje\/","title":{"rendered":"Projekte Sociale"},"content":{"rendered":"<\/p>\n<p>Projekti Reagim i koordinuar kunder dhunes ne familje <br \/>Bashkia Durr\u00ebs n\u00eb bashk\u00ebpunimi me UNDP n\u00eb kuad\u00ebr t\u00eb projektit \u201cZhvillimi i nj\u00eb modeli t\u00eb q\u00ebndruesh\u00ebm t\u00eb sistemit t\u00eb Reagimit t\u00eb Koordinuar t\u00eb Komunitetit kund\u00ebr Dhun\u00ebs n\u00eb Familje n\u00eb Durr\u00ebs, shtrirja e k\u00ebtij modeli n\u00eb disa nga zonat sub-urbane dhe rurale p\u00ebrreth Durr\u00ebsit, si dhe integrimi gjinor n\u00eb planet e zhvillimit lokal\u201d ofron k\u00ebto sh\u00ebrbime falas p\u00ebr viktimat e Dhun\u00ebs n\u00eb Familje:<br \/>1.\u00a0\u00a0\u00a0 Sh\u00ebrbimin Ligjor,<br \/>2.\u00a0\u00a0\u00a0 Sh\u00ebrbimin Psikologjik,<br \/>3.\u00a0\u00a0\u00a0 Linj\u00ebn telefonike 24-or\u00ebshe 0800 98 88,<br \/>4.\u00a0\u00a0\u00a0 Hedhjen\u00a0 n\u00eb sistemin online t\u00eb Rasteve t\u00eb Dhun\u00ebs n\u00eb Familje,<br \/>N\u00eb kuad\u00ebr t\u00eb k\u00ebtij projekti u mund\u00ebsua zgjerimi i Mekanizmit t\u00eb Reagimit t\u00eb Koordinuar n\u00eb 4 zona t\u00eb reja, n\u00eb Komuna Rrashbull, Komuna Maminas dhe n\u00eb Bashkin\u00eb Shijak dhe Bashkin\u00eb Sukth.<\/p>\n<p><strong>Projekti &#8221; Te gjithe se bashku kunder trafikimit te qenieve njerezore&#8221;:<\/strong> Projekt i mbeshtetur nga Terre des Hommes. Eshte ne kuader te mbeshtetjes se vazhdushme nga Terre des homes per fuqizimin e rrjetit te mbrojtjes se femijeve ne Shqiperi i cili se fundmi ka drejtuar vemendjen ne ceshtjet e trafikimit te femijeve dhe financohet nga USAID ne periudhen kohore Gusht 2014- Dhjetor 2015. Ne kete kuader mbeshtetet dhe Qendra ne Nish-Tulla me aktivitete te ndryshme me femijet dhe punen e perditshme.<\/p>\n<p><strong>Projekti &#8220;Mbrojtja e femijeve ne situate rruge&#8221;:<\/strong> mbeshtetur nga Terre des hommes dhe World Vision si dhe Agjensia Shteterore per Mbrojtjen e femijeve. Synon ndermarrjen e perpjekjeve te perbashketa Institucionale parandaluese dhe mbrojtese, si nje garanci per zhvillimin dhe mireqenien e femijeve ne situate rruge,te cilet jane nder grupet me vulnerable dhe qe jetojne ne kushte te papranushme fizike, sociale dhe psikologjike, duke u bere subject i formave te ndryshme te dhunes, abuzimit dhe shfrytezimit. Kohe shtrirja do te jete e vazhdushme per gjate gjithe vitit dhe ne vitet ne vazhdim duke perfshire cdo muaj si partnere organizatat lokale.<\/p>\n<p><strong>Projekti &#8221; Fuqizimi i familjeve per zonat periferike te qytetit si Port Romano, ish Kenete dhe Zona e Nish-Tulles&#8221;:<\/strong> mbeshtetur nga WORLD Vision dhe partneret lokale (Shoqata Grave me probleme Sociale, Qendra per Zhvillim Komunitar Sot per te Ardhmen,Qendra ditore Shprese e Gjalle, WORLD Hope, Qendra Kristiane, Sherbimi Social Rajonal, Qendra Ditore Nehemia dhe vullnetare. Fuqizimi i familjeve ka per qellim forcimin dhe krijimin e nje familje te shendetshme,pasi familja eshte njesia baze e shoqerise. Familjet shqiptare sot po perballen me nje sere veshtiresish dhe problemesh. Nepermjet ketij projekti ne synojme qe nje Familje e shendetshme eshte nje njesi ku njerezit e duan njeri-tjetrin,ku komunikojne,ndertojne marrdhenie dhe kapercejne veshtiresi te ndryshme te hasura ne faza te ndryshme te jetes. Kjo duke trajtuar me familjet sebashku nje sere temash si prinderimi i mire, mirerritja dhe edukimi femijeve, buxheti familjar, mireushqyerja dhe higjena, jeta e perbashket me komunitetin ku jetojme etj. Koheshtrirja eshte nje vit.<\/p>\n<p><strong>Projekti &#8221; Promovimi i vullnetarizmit&#8221;:<\/strong> mbeshtetur nga World Vision. Perqasja e projketit Vizitoret ne familje (vullnetaret) ,kjo krijon mundesi per kombinim me projekte dhe perqasje te tjera si ai i mbrojtjes se femijeve, shendetit dhe edukimit. Ky project adreson ceshtje te gjithanshme te cilat lidhen me mbrojtjen dhe perkujdesin per femijet me te cenushem dhe familjet e tyre. Marrdheniet qe vendosen nga vizitoret ne familje mund te luajne nje rol te rendesishem ne parandalimin e situatave te abuzimit, shfrytezimit dhe neglizhences se femijeve etj. Koheshtrirja eshte gjithe viti qe jemi dhe vitet ne vazhdim.<\/p>","protected":false},"excerpt":{"rendered":"<p>Projekti Reagim i koordinuar kunder dhunes ne familje Bashkia Durr\u00ebs n\u00eb bashk\u00ebpunimi me UNDP n\u00eb kuad\u00ebr t\u00eb projektit \u201cZhvillimi i nj\u00eb modeli t\u00eb q\u00ebndruesh\u00ebm t\u00eb sistemit t\u00eb Reagimit t\u00eb Koordinuar t\u00eb Komunitetit kund\u00ebr Dhun\u00ebs n\u00eb Familje n\u00eb Durr\u00ebs, shtrirja e k\u00ebtij modeli n\u00eb disa nga zonat sub-urbane dhe rurale p\u00ebrreth Durr\u00ebsit, si dhe integrimi gjinor [&hellip;]<\/p>\n","protected":false},"author":4,"featured_media":15919,"comment_status":"open","ping_status":"open","sticky":false,"template":"","format":"standard","meta":{"_acf_changed":false,"footnotes":""},"categories":[51],"tags":[],"class_list":["post-15920","post","type-post","status-publish","format-standard","has-post-thumbnail","hentry","category-projekte-sociale"],"acf":[],"yoast_head":"<!-- This site is optimized with the Yoast SEO plugin v27.4 - https:\/\/yoast.com\/product\/yoast-seo-wordpress\/ -->\n<title>Projekte Sociale - Bashkia Durr\u00ebs<\/title>\n<meta name=\"robots\" content=\"index, follow, max-snippet:-1, max-image-preview:large, max-video-preview:-1\" \/>\n<link rel=\"canonical\" href=\"https:\/\/durres.gov.al\/en\/2014\/06\/03\/projekti-reagimi-i-koordinuar-kunder-dhunes-ne-familje\/\" \/>\n<meta property=\"og:locale\" content=\"en_US\" \/>\n<meta property=\"og:type\" content=\"article\" \/>\n<meta property=\"og:title\" content=\"Projekte Sociale - Bashkia Durr\u00ebs\" \/>\n<meta property=\"og:description\" content=\"Projekti Reagim i koordinuar kunder dhunes ne familje Bashkia Durr\u00ebs n\u00eb bashk\u00ebpunimi me UNDP n\u00eb kuad\u00ebr t\u00eb projektit \u201cZhvillimi i nj\u00eb modeli t\u00eb q\u00ebndruesh\u00ebm t\u00eb sistemit t\u00eb Reagimit t\u00eb Koordinuar t\u00eb Komunitetit kund\u00ebr Dhun\u00ebs n\u00eb Familje n\u00eb Durr\u00ebs, shtrirja e k\u00ebtij modeli n\u00eb disa nga zonat sub-urbane dhe rurale p\u00ebrreth Durr\u00ebsit, si dhe integrimi gjinor [&hellip;]\" \/>\n<meta property=\"og:url\" content=\"https:\/\/durres.gov.al\/en\/2014\/06\/03\/projekti-reagimi-i-koordinuar-kunder-dhunes-ne-familje\/\" \/>\n<meta property=\"og:site_name\" content=\"Bashkia Durr\u00ebs\" \/>\n<meta property=\"article:published_time\" content=\"2014-06-03T10:57:16+00:00\" \/>\n<meta property=\"og:image\" content=\"https:\/\/durres.gov.al\/wp-content\/uploads\/2014\/06\/fotofjongos.jpg\" \/>\n\t<meta property=\"og:image:width\" content=\"800\" \/>\n\t<meta property=\"og:image:height\" content=\"400\" \/>\n\t<meta property=\"og:image:type\" content=\"image\/jpeg\" \/>\n<meta name=\"author\" content=\"admin\" \/>\n<meta name=\"twitter:card\" content=\"summary_large_image\" \/>\n<meta name=\"twitter:label1\" content=\"Written by\" \/>\n\t<meta name=\"twitter:data1\" content=\"admin\" \/>\n\t<meta name=\"twitter:label2\" content=\"Est. reading time\" \/>\n\t<meta name=\"twitter:data2\" content=\"3 minutes\" \/>\n<script type=\"application\/ld+json\" class=\"yoast-schema-graph\">{\"@context\":\"https:\\\/\\\/schema.org\",\"@graph\":[{\"@type\":\"Article\",\"@id\":\"https:\\\/\\\/durres.gov.al\\\/2014\\\/06\\\/03\\\/projekti-reagimi-i-koordinuar-kunder-dhunes-ne-familje\\\/#article\",\"isPartOf\":{\"@id\":\"https:\\\/\\\/durres.gov.al\\\/2014\\\/06\\\/03\\\/projekti-reagimi-i-koordinuar-kunder-dhunes-ne-familje\\\/\"},\"author\":{\"name\":\"admin\",\"@id\":\"https:\\\/\\\/durres.gov.al\\\/en\\\/#\\\/schema\\\/person\\\/b635fa3d3fcab493eb6efe564996a856\"},\"headline\":\"Projekte Sociale\",\"datePublished\":\"2014-06-03T10:57:16+00:00\",\"mainEntityOfPage\":{\"@id\":\"https:\\\/\\\/durres.gov.al\\\/2014\\\/06\\\/03\\\/projekti-reagimi-i-koordinuar-kunder-dhunes-ne-familje\\\/\"},\"wordCount\":570,\"commentCount\":0,\"publisher\":{\"@id\":\"https:\\\/\\\/durres.gov.al\\\/en\\\/#organization\"},\"image\":{\"@id\":\"https:\\\/\\\/durres.gov.al\\\/2014\\\/06\\\/03\\\/projekti-reagimi-i-koordinuar-kunder-dhunes-ne-familje\\\/#primaryimage\"},\"thumbnailUrl\":\"https:\\\/\\\/durres.gov.al\\\/wp-content\\\/uploads\\\/2014\\\/06\\\/fotofjongos.jpg\",\"articleSection\":[\"Projekte Sociale\"],\"inLanguage\":\"en-US\",\"potentialAction\":[{\"@type\":\"CommentAction\",\"name\":\"Comment\",\"target\":[\"https:\\\/\\\/durres.gov.al\\\/2014\\\/06\\\/03\\\/projekti-reagimi-i-koordinuar-kunder-dhunes-ne-familje\\\/#respond\"]}]},{\"@type\":\"WebPage\",\"@id\":\"https:\\\/\\\/durres.gov.al\\\/2014\\\/06\\\/03\\\/projekti-reagimi-i-koordinuar-kunder-dhunes-ne-familje\\\/\",\"url\":\"https:\\\/\\\/durres.gov.al\\\/2014\\\/06\\\/03\\\/projekti-reagimi-i-koordinuar-kunder-dhunes-ne-familje\\\/\",\"name\":\"Projekte Sociale - Bashkia Durr\u00ebs\",\"isPartOf\":{\"@id\":\"https:\\\/\\\/durres.gov.al\\\/en\\\/#website\"},\"primaryImageOfPage\":{\"@id\":\"https:\\\/\\\/durres.gov.al\\\/2014\\\/06\\\/03\\\/projekti-reagimi-i-koordinuar-kunder-dhunes-ne-familje\\\/#primaryimage\"},\"image\":{\"@id\":\"https:\\\/\\\/durres.gov.al\\\/2014\\\/06\\\/03\\\/projekti-reagimi-i-koordinuar-kunder-dhunes-ne-familje\\\/#primaryimage\"},\"thumbnailUrl\":\"https:\\\/\\\/durres.gov.al\\\/wp-content\\\/uploads\\\/2014\\\/06\\\/fotofjongos.jpg\",\"datePublished\":\"2014-06-03T10:57:16+00:00\",\"breadcrumb\":{\"@id\":\"https:\\\/\\\/durres.gov.al\\\/2014\\\/06\\\/03\\\/projekti-reagimi-i-koordinuar-kunder-dhunes-ne-familje\\\/#breadcrumb\"},\"inLanguage\":\"en-US\",\"potentialAction\":[{\"@type\":\"ReadAction\",\"target\":[\"https:\\\/\\\/durres.gov.al\\\/2014\\\/06\\\/03\\\/projekti-reagimi-i-koordinuar-kunder-dhunes-ne-familje\\\/\"]}]},{\"@type\":\"ImageObject\",\"inLanguage\":\"en-US\",\"@id\":\"https:\\\/\\\/durres.gov.al\\\/2014\\\/06\\\/03\\\/projekti-reagimi-i-koordinuar-kunder-dhunes-ne-familje\\\/#primaryimage\",\"url\":\"https:\\\/\\\/durres.gov.al\\\/wp-content\\\/uploads\\\/2014\\\/06\\\/fotofjongos.jpg\",\"contentUrl\":\"https:\\\/\\\/durres.gov.al\\\/wp-content\\\/uploads\\\/2014\\\/06\\\/fotofjongos.jpg\",\"width\":800,\"height\":400},{\"@type\":\"BreadcrumbList\",\"@id\":\"https:\\\/\\\/durres.gov.al\\\/2014\\\/06\\\/03\\\/projekti-reagimi-i-koordinuar-kunder-dhunes-ne-familje\\\/#breadcrumb\",\"itemListElement\":[{\"@type\":\"ListItem\",\"position\":1,\"name\":\"Home\",\"item\":\"https:\\\/\\\/durres.gov.al\\\/\"},{\"@type\":\"ListItem\",\"position\":2,\"name\":\"Projekte Sociale\"}]},{\"@type\":\"WebSite\",\"@id\":\"https:\\\/\\\/durres.gov.al\\\/en\\\/#website\",\"url\":\"https:\\\/\\\/durres.gov.al\\\/en\\\/\",\"name\":\"Bashkia Durr\u00ebs\",\"description\":\"Faqja Zyrtare n\u00eb Internet\",\"publisher\":{\"@id\":\"https:\\\/\\\/durres.gov.al\\\/en\\\/#organization\"},\"potentialAction\":[{\"@type\":\"SearchAction\",\"target\":{\"@type\":\"EntryPoint\",\"urlTemplate\":\"https:\\\/\\\/durres.gov.al\\\/en\\\/?s={search_term_string}\"},\"query-input\":{\"@type\":\"PropertyValueSpecification\",\"valueRequired\":true,\"valueName\":\"search_term_string\"}}],\"inLanguage\":\"en-US\"},{\"@type\":\"Organization\",\"@id\":\"https:\\\/\\\/durres.gov.al\\\/en\\\/#organization\",\"name\":\"Bashkia Durr\u00ebs\",\"url\":\"https:\\\/\\\/durres.gov.al\\\/en\\\/\",\"logo\":{\"@type\":\"ImageObject\",\"inLanguage\":\"en-US\",\"@id\":\"https:\\\/\\\/durres.gov.al\\\/en\\\/#\\\/schema\\\/logo\\\/image\\\/\",\"url\":\"https:\\\/\\\/durres.gov.al\\\/wp-content\\\/uploads\\\/2023\\\/01\\\/cropped-logo.png\",\"contentUrl\":\"https:\\\/\\\/durres.gov.al\\\/wp-content\\\/uploads\\\/2023\\\/01\\\/cropped-logo.png\",\"width\":512,\"height\":512,\"caption\":\"Bashkia Durr\u00ebs\"},\"image\":{\"@id\":\"https:\\\/\\\/durres.gov.al\\\/en\\\/#\\\/schema\\\/logo\\\/image\\\/\"}},{\"@type\":\"Person\",\"@id\":\"https:\\\/\\\/durres.gov.al\\\/en\\\/#\\\/schema\\\/person\\\/b635fa3d3fcab493eb6efe564996a856\",\"name\":\"admin\",\"sameAs\":[\"https:\\\/\\\/durres.gov.al\"],\"url\":\"https:\\\/\\\/durres.gov.al\\\/en\\\/author\\\/admin\\\/\"}]}<\/script>\n<!-- \/ Yoast SEO plugin. -->","yoast_head_json":{"title":"Projekte Sociale - Bashkia Durr\u00ebs","robots":{"index":"index","follow":"follow","max-snippet":"max-snippet:-1","max-image-preview":"max-image-preview:large","max-video-preview":"max-video-preview:-1"},"canonical":"https:\/\/durres.gov.al\/en\/2014\/06\/03\/projekti-reagimi-i-koordinuar-kunder-dhunes-ne-familje\/","og_locale":"en_US","og_type":"article","og_title":"Projekte Sociale - Bashkia Durr\u00ebs","og_description":"Projekti Reagim i koordinuar kunder dhunes ne familje Bashkia Durr\u00ebs n\u00eb bashk\u00ebpunimi me UNDP n\u00eb kuad\u00ebr t\u00eb projektit \u201cZhvillimi i nj\u00eb modeli t\u00eb q\u00ebndruesh\u00ebm t\u00eb sistemit t\u00eb Reagimit t\u00eb Koordinuar t\u00eb Komunitetit kund\u00ebr Dhun\u00ebs n\u00eb Familje n\u00eb Durr\u00ebs, shtrirja e k\u00ebtij modeli n\u00eb disa nga zonat sub-urbane dhe rurale p\u00ebrreth Durr\u00ebsit, si dhe integrimi gjinor [&hellip;]","og_url":"https:\/\/durres.gov.al\/en\/2014\/06\/03\/projekti-reagimi-i-koordinuar-kunder-dhunes-ne-familje\/","og_site_name":"Bashkia Durr\u00ebs","article_published_time":"2014-06-03T10:57:16+00:00","og_image":[{"width":800,"height":400,"url":"https:\/\/durres.gov.al\/wp-content\/uploads\/2014\/06\/fotofjongos.jpg","type":"image\/jpeg"}],"author":"admin","twitter_card":"summary_large_image","twitter_misc":{"Written by":"admin","Est. reading time":"3 minutes"},"schema":{"@context":"https:\/\/schema.org","@graph":[{"@type":"Article","@id":"https:\/\/durres.gov.al\/2014\/06\/03\/projekti-reagimi-i-koordinuar-kunder-dhunes-ne-familje\/#article","isPartOf":{"@id":"https:\/\/durres.gov.al\/2014\/06\/03\/projekti-reagimi-i-koordinuar-kunder-dhunes-ne-familje\/"},"author":{"name":"admin","@id":"https:\/\/durres.gov.al\/en\/#\/schema\/person\/b635fa3d3fcab493eb6efe564996a856"},"headline":"Projekte Sociale","datePublished":"2014-06-03T10:57:16+00:00","mainEntityOfPage":{"@id":"https:\/\/durres.gov.al\/2014\/06\/03\/projekti-reagimi-i-koordinuar-kunder-dhunes-ne-familje\/"},"wordCount":570,"commentCount":0,"publisher":{"@id":"https:\/\/durres.gov.al\/en\/#organization"},"image":{"@id":"https:\/\/durres.gov.al\/2014\/06\/03\/projekti-reagimi-i-koordinuar-kunder-dhunes-ne-familje\/#primaryimage"},"thumbnailUrl":"https:\/\/durres.gov.al\/wp-content\/uploads\/2014\/06\/fotofjongos.jpg","articleSection":["Projekte Sociale"],"inLanguage":"en-US","potentialAction":[{"@type":"CommentAction","name":"Comment","target":["https:\/\/durres.gov.al\/2014\/06\/03\/projekti-reagimi-i-koordinuar-kunder-dhunes-ne-familje\/#respond"]}]},{"@type":"WebPage","@id":"https:\/\/durres.gov.al\/2014\/06\/03\/projekti-reagimi-i-koordinuar-kunder-dhunes-ne-familje\/","url":"https:\/\/durres.gov.al\/2014\/06\/03\/projekti-reagimi-i-koordinuar-kunder-dhunes-ne-familje\/","name":"Projekte Sociale - Bashkia Durr\u00ebs","isPartOf":{"@id":"https:\/\/durres.gov.al\/en\/#website"},"primaryImageOfPage":{"@id":"https:\/\/durres.gov.al\/2014\/06\/03\/projekti-reagimi-i-koordinuar-kunder-dhunes-ne-familje\/#primaryimage"},"image":{"@id":"https:\/\/durres.gov.al\/2014\/06\/03\/projekti-reagimi-i-koordinuar-kunder-dhunes-ne-familje\/#primaryimage"},"thumbnailUrl":"https:\/\/durres.gov.al\/wp-content\/uploads\/2014\/06\/fotofjongos.jpg","datePublished":"2014-06-03T10:57:16+00:00","breadcrumb":{"@id":"https:\/\/durres.gov.al\/2014\/06\/03\/projekti-reagimi-i-koordinuar-kunder-dhunes-ne-familje\/#breadcrumb"},"inLanguage":"en-US","potentialAction":[{"@type":"ReadAction","target":["https:\/\/durres.gov.al\/2014\/06\/03\/projekti-reagimi-i-koordinuar-kunder-dhunes-ne-familje\/"]}]},{"@type":"ImageObject","inLanguage":"en-US","@id":"https:\/\/durres.gov.al\/2014\/06\/03\/projekti-reagimi-i-koordinuar-kunder-dhunes-ne-familje\/#primaryimage","url":"https:\/\/durres.gov.al\/wp-content\/uploads\/2014\/06\/fotofjongos.jpg","contentUrl":"https:\/\/durres.gov.al\/wp-content\/uploads\/2014\/06\/fotofjongos.jpg","width":800,"height":400},{"@type":"BreadcrumbList","@id":"https:\/\/durres.gov.al\/2014\/06\/03\/projekti-reagimi-i-koordinuar-kunder-dhunes-ne-familje\/#breadcrumb","itemListElement":[{"@type":"ListItem","position":1,"name":"Home","item":"https:\/\/durres.gov.al\/"},{"@type":"ListItem","position":2,"name":"Projekte Sociale"}]},{"@type":"WebSite","@id":"https:\/\/durres.gov.al\/en\/#website","url":"https:\/\/durres.gov.al\/en\/","name":"Municipality of Durr\u00ebs","description":"Faqja Zyrtare n\u00eb Internet","publisher":{"@id":"https:\/\/durres.gov.al\/en\/#organization"},"potentialAction":[{"@type":"SearchAction","target":{"@type":"EntryPoint","urlTemplate":"https:\/\/durres.gov.al\/en\/?s={search_term_string}"},"query-input":{"@type":"PropertyValueSpecification","valueRequired":true,"valueName":"search_term_string"}}],"inLanguage":"en-US"},{"@type":"Organization","@id":"https:\/\/durres.gov.al\/en\/#organization","name":"Municipality of Durr\u00ebs","url":"https:\/\/durres.gov.al\/en\/","logo":{"@type":"ImageObject","inLanguage":"en-US","@id":"https:\/\/durres.gov.al\/en\/#\/schema\/logo\/image\/","url":"https:\/\/durres.gov.al\/wp-content\/uploads\/2023\/01\/cropped-logo.png","contentUrl":"https:\/\/durres.gov.al\/wp-content\/uploads\/2023\/01\/cropped-logo.png","width":512,"height":512,"caption":"Bashkia Durr\u00ebs"},"image":{"@id":"https:\/\/durres.gov.al\/en\/#\/schema\/logo\/image\/"}},{"@type":"Person","@id":"https:\/\/durres.gov.al\/en\/#\/schema\/person\/b635fa3d3fcab493eb6efe564996a856","name":"admin","sameAs":["https:\/\/durres.gov.al"],"url":"https:\/\/durres.gov.al\/en\/author\/admin\/"}]}},"_links":{"self":[{"href":"https:\/\/durres.gov.al\/en\/wp-json\/wp\/v2\/posts\/15920","targetHints":{"allow":["GET"]}}],"collection":[{"href":"https:\/\/durres.gov.al\/en\/wp-json\/wp\/v2\/posts"}],"about":[{"href":"https:\/\/durres.gov.al\/en\/wp-json\/wp\/v2\/types\/post"}],"author":[{"embeddable":true,"href":"https:\/\/durres.gov.al\/en\/wp-json\/wp\/v2\/users\/4"}],"replies":[{"embeddable":true,"href":"https:\/\/durres.gov.al\/en\/wp-json\/wp\/v2\/comments?post=15920"}],"version-history":[{"count":0,"href":"https:\/\/durres.gov.al\/en\/wp-json\/wp\/v2\/posts\/15920\/revisions"}],"wp:featuredmedia":[{"embeddable":true,"href":"https:\/\/durres.gov.al\/en\/wp-json\/wp\/v2\/media\/15919"}],"wp:attachment":[{"href":"https:\/\/durres.gov.al\/en\/wp-json\/wp\/v2\/media?parent=15920"}],"wp:term":[{"taxonomy":"category","embeddable":true,"href":"https:\/\/durres.gov.al\/en\/wp-json\/wp\/v2\/categories?post=15920"},{"taxonomy":"post_tag","embeddable":true,"href":"https:\/\/durres.gov.al\/en\/wp-json\/wp\/v2\/tags?post=15920"}],"curies":[{"name":"wp","href":"https:\/\/api.w.org\/{rel}","templated":true}]}}