{"id":15953,"date":"2014-06-19T13:11:51","date_gmt":"2014-06-19T13:11:51","guid":{"rendered":"https:\/\/durres.gov.al\/plani-lokal-i-menaxhimit-te-mbetjeve-per-bashkine-e-durresit\/"},"modified":"2014-06-19T13:11:51","modified_gmt":"2014-06-19T13:11:51","slug":"plani-lokal-i-menaxhimit-te-mbetjeve-per-bashkine-e-durresit","status":"publish","type":"post","link":"https:\/\/durres.gov.al\/en\/2014\/06\/19\/plani-lokal-i-menaxhimit-te-mbetjeve-per-bashkine-e-durresit\/","title":{"rendered":"Plani Lokal i Menaxhimit t\u00eb Mbetjeve p\u00ebr Bashkin\u00eb e Durr\u00ebsit"},"content":{"rendered":"<p>Durr\u00ebsi \u00ebsht\u00eb qyteti i dyt\u00eb m\u00eb i madh n\u00eb vend me nj\u00eb popullsi prej 200,000 banor\u00ebsh, porti kryesor dhe nj\u00eb nga destinacionet turistike m\u00eb popullore (turiz\u00ebm detar dhe kulturor). Rritja e popullsis\u00eb (e dyfishuar q\u00eb nga viti 1992), rritja ekonomike, p\u00ebrmir\u00ebsimi i standarteve t\u00eb jetes\u00ebs, dhe zhvillimi i turizmit kan\u00eb rritur shkall\u00ebn e konsumimit dhe si rrjedhim shkall\u00ebn e gjenerimit t\u00eb mbetjeve dhe v\u00ebllimin e tyre.<\/p>\n<p>Qyteti grumbullon dhe transporton mbetjet me an\u00eb t\u00eb dy nd\u00ebrmarrjeve t\u00eb tij komunale. Qyteti i depoziton mbetjet e tij n\u00eb t\u00eb vetmen fush\u00eb plehrash n\u00eb Porto Romano (q\u00eb \u00ebsht\u00eb vendhedhje p\u00ebr nga standartet), e cila \u00ebsht\u00eb hapur q\u00eb n\u00eb fillim t\u00eb viteve 90 dhe q\u00eb \u00ebsht\u00eb parashikuar t\u00eb ket\u00eb jet\u00ebgjat\u00ebsi p\u00ebr 25 vjet (2015). Kostot p\u00ebr menaxhimin e mbetjeve (pastrimi, grumbullimi, transporti dhe asgjesimi) mbulohen nga buxheti i bashkis\u00eb.<\/p>\n<p>P\u00ebr Durr\u00ebsin \u00ebsht\u00eb prioritet adresimi dhe zgjidhja e \u00e7\u00ebshtjes s\u00eb menaxhimit t\u00eb mbetjeve t\u00eb ngurta n\u00eb m\u00ebnyr\u00eb t\u00eb p\u00ebrballueshme, t\u00eb q\u00ebndrueshme dhe t\u00eb sigurt nga ana mjedisore. P\u00ebr k\u00ebt\u00eb arsye, Durr\u00ebsi ka vendosur q\u00eb t\u00eb b\u00ebj\u00eb hapat e par\u00eb p\u00ebr p\u00ebrmir\u00ebsimin e sh\u00ebrbimeve t\u00eb tij t\u00eb menaxhimit t\u00eb mbetjeve duke p\u00ebrgatitur nj\u00eb Plan Lokal p\u00ebr Menaxhimin e Mbetjeve.<\/p>\n<p>P\u00ebr k\u00ebt\u00eb q\u00ebllim, Bashkia e Durr\u00ebsit \u00ebsht\u00eb mb\u00ebshtetur nga ekipi i IFC* (shikoni Sh\u00ebnimin n\u00eb fund t\u00eb k\u00ebtij seksioni) p\u00ebr t\u00eb p\u00ebrgatitur PLMM e tij. Ekipi i konsulent\u00ebve t\u00eb IFC ka kryer v\u00ebzhgime t\u00eb operacioneve t\u00eb menaxhimit t\u00eb mbetjeve n\u00eb Durr\u00ebs duke vizituar pikat e grumbullimit t\u00eb mbetjeve e vendet e asgjesimit, ka ekzaminuar paisjet e p\u00ebrdorura si edhe ka marr\u00eb n\u00eb intervista qytetar\u00ebt dhe aktor\u00ebt p\u00ebrkat\u00ebs.<\/p>\n<p>During the preparation of the PLMM, the Municipality of Durr\u00ebs (relevant Directorates of the municipality and Municipal Services Enterprises) has contributed by providing data, organizing several meetings and a round table (February 16, 2010), with relevant stakeholders (public institutions, business community, civil society, municipality representatives) to achieve a common vision, goals and objectives for waste management services for a 15-year period (2010-2025).<\/p>\n<p>Objektivi i k\u00ebtij PLMM \u00ebsht\u00eb vet\u00ebm Bashkia e Durr\u00ebsit dhe ky PLMM analizon situat\u00ebn aktuale t\u00eb menaxhimit t\u00eb mbetjeve urbane n\u00eb qytet (organizimi, administrimi, rregulloret, financat, operimi dhe menaxhimi), identifikon \u00e7\u00ebshtjet dhe mang\u00ebsit\u00eb, vler\u00ebson pikat e forta dhe t\u00eb dobta, propozon rekomandime p\u00ebr p\u00ebrmir\u00ebsime dhe p\u00ebrcakton vizione, q\u00ebllime dhe objektiva t\u00eb reja (afatshkurtra, afatmesme dhe afatgjata) si edhe ka hartuar nj\u00eb Plan Veprimi ku p\u00ebrcaktohen afatet kohore, kostot, autoritetet p\u00ebrgjegj\u00ebse si edhe indikator\u00ebt respektiv\u00eb t\u00eb suksesit p\u00ebr q\u00ebllime monitorimi.<\/p>\n<p>Ky PLMM nuk trajton strategjin\u00eb e Durr\u00ebsit p\u00ebr menaxhimin e mbetjeve jo urbane, duke p\u00ebrfshir\u00eb k\u00ebtu mbetjet e rrezikshme, ato nga nd\u00ebrtimet dhe mbetjet portuale. Kjo fush\u00eb e menaxhimit t\u00eb mbetjeve duhet t\u00eb trajtohet n\u00eb strategjit\u00eb dhe planet e nj\u00ebsive q\u00eb jan\u00eb p\u00ebrgjegj\u00ebse p\u00ebr k\u00ebto rryma mbetjesh dhe duhen bashk\u00ebngjitur si Anekse tek PLMM n\u00eb p\u00ebrdit\u00ebsimet e ardhshme.<\/p>\n<p> <a href=\"https:\/\/durres.gov.al\/wp-content\/uploads\/2014\/06\/BASHKIADURRES.pdf\" target=\"_blank\" rel=\"noopener\">Shkarko te plote planin ne formatin pdf. <\/a><\/p>","protected":false},"excerpt":{"rendered":"<p>Durr\u00ebsi \u00ebsht\u00eb qyteti i dyt\u00eb m\u00eb i madh n\u00eb vend me nj\u00eb popullsi prej 200,000 banor\u00ebsh, porti kryesor dhe nj\u00eb nga destinacionet turistike m\u00eb popullore (turiz\u00ebm detar dhe kulturor). Rritja e popullsis\u00eb (e dyfishuar q\u00eb nga viti 1992), rritja ekonomike, p\u00ebrmir\u00ebsimi i standarteve t\u00eb jetes\u00ebs, dhe zhvillimi i turizmit kan\u00eb rritur shkall\u00ebn e konsumimit dhe [&hellip;]<\/p>\n","protected":false},"author":4,"featured_media":15279,"comment_status":"open","ping_status":"open","sticky":false,"template":"","format":"standard","meta":{"_acf_changed":false,"footnotes":""},"categories":[44],"tags":[],"class_list":["post-15953","post","type-post","status-publish","format-standard","has-post-thumbnail","hentry","category-mjedisi"],"acf":[],"yoast_head":"<!-- This site is optimized with the Yoast SEO plugin v27.4 - https:\/\/yoast.com\/product\/yoast-seo-wordpress\/ -->\n<title>Plani Lokal i Menaxhimit t\u00eb Mbetjeve p\u00ebr Bashkin\u00eb e Durr\u00ebsit - Bashkia Durr\u00ebs<\/title>\n<meta name=\"robots\" content=\"index, follow, max-snippet:-1, max-image-preview:large, max-video-preview:-1\" \/>\n<link rel=\"canonical\" href=\"https:\/\/durres.gov.al\/en\/2014\/06\/19\/plani-lokal-i-menaxhimit-te-mbetjeve-per-bashkine-e-durresit\/\" \/>\n<meta property=\"og:locale\" content=\"en_US\" \/>\n<meta property=\"og:type\" content=\"article\" \/>\n<meta property=\"og:title\" content=\"Plani Lokal i Menaxhimit t\u00eb Mbetjeve p\u00ebr Bashkin\u00eb e Durr\u00ebsit - Bashkia Durr\u00ebs\" \/>\n<meta property=\"og:description\" content=\"Durr\u00ebsi \u00ebsht\u00eb qyteti i dyt\u00eb m\u00eb i madh n\u00eb vend me nj\u00eb popullsi prej 200,000 banor\u00ebsh, porti kryesor dhe nj\u00eb nga destinacionet turistike m\u00eb popullore (turiz\u00ebm detar dhe kulturor). Rritja e popullsis\u00eb (e dyfishuar q\u00eb nga viti 1992), rritja ekonomike, p\u00ebrmir\u00ebsimi i standarteve t\u00eb jetes\u00ebs, dhe zhvillimi i turizmit kan\u00eb rritur shkall\u00ebn e konsumimit dhe [&hellip;]\" \/>\n<meta property=\"og:url\" content=\"https:\/\/durres.gov.al\/en\/2014\/06\/19\/plani-lokal-i-menaxhimit-te-mbetjeve-per-bashkine-e-durresit\/\" \/>\n<meta property=\"og:site_name\" content=\"Bashkia Durr\u00ebs\" \/>\n<meta property=\"article:published_time\" content=\"2014-06-19T13:11:51+00:00\" \/>\n<meta property=\"og:image\" content=\"https:\/\/durres.gov.al\/wp-content\/uploads\/2009\/02\/pdf_button.png\" \/>\n\t<meta property=\"og:image:width\" content=\"30\" \/>\n\t<meta property=\"og:image:height\" content=\"30\" \/>\n\t<meta property=\"og:image:type\" content=\"image\/png\" \/>\n<meta name=\"author\" content=\"admin\" \/>\n<meta name=\"twitter:card\" content=\"summary_large_image\" \/>\n<meta name=\"twitter:label1\" content=\"Written by\" \/>\n\t<meta name=\"twitter:data1\" content=\"admin\" \/>\n\t<meta name=\"twitter:label2\" content=\"Est. reading time\" \/>\n\t<meta name=\"twitter:data2\" content=\"3 minutes\" \/>\n<script type=\"application\/ld+json\" class=\"yoast-schema-graph\">{\"@context\":\"https:\\\/\\\/schema.org\",\"@graph\":[{\"@type\":\"Article\",\"@id\":\"https:\\\/\\\/durres.gov.al\\\/2014\\\/06\\\/19\\\/plani-lokal-i-menaxhimit-te-mbetjeve-per-bashkine-e-durresit\\\/#article\",\"isPartOf\":{\"@id\":\"https:\\\/\\\/durres.gov.al\\\/2014\\\/06\\\/19\\\/plani-lokal-i-menaxhimit-te-mbetjeve-per-bashkine-e-durresit\\\/\"},\"author\":{\"name\":\"admin\",\"@id\":\"https:\\\/\\\/durres.gov.al\\\/en\\\/#\\\/schema\\\/person\\\/b635fa3d3fcab493eb6efe564996a856\"},\"headline\":\"Plani Lokal i Menaxhimit t\u00eb Mbetjeve p\u00ebr Bashkin\u00eb e Durr\u00ebsit\",\"datePublished\":\"2014-06-19T13:11:51+00:00\",\"mainEntityOfPage\":{\"@id\":\"https:\\\/\\\/durres.gov.al\\\/2014\\\/06\\\/19\\\/plani-lokal-i-menaxhimit-te-mbetjeve-per-bashkine-e-durresit\\\/\"},\"wordCount\":578,\"commentCount\":0,\"publisher\":{\"@id\":\"https:\\\/\\\/durres.gov.al\\\/en\\\/#organization\"},\"image\":{\"@id\":\"https:\\\/\\\/durres.gov.al\\\/2014\\\/06\\\/19\\\/plani-lokal-i-menaxhimit-te-mbetjeve-per-bashkine-e-durresit\\\/#primaryimage\"},\"thumbnailUrl\":\"https:\\\/\\\/durres.gov.al\\\/wp-content\\\/uploads\\\/2009\\\/02\\\/pdf_button.png\",\"articleSection\":[\"Mjedisi\"],\"inLanguage\":\"en-US\",\"potentialAction\":[{\"@type\":\"CommentAction\",\"name\":\"Comment\",\"target\":[\"https:\\\/\\\/durres.gov.al\\\/2014\\\/06\\\/19\\\/plani-lokal-i-menaxhimit-te-mbetjeve-per-bashkine-e-durresit\\\/#respond\"]}]},{\"@type\":\"WebPage\",\"@id\":\"https:\\\/\\\/durres.gov.al\\\/2014\\\/06\\\/19\\\/plani-lokal-i-menaxhimit-te-mbetjeve-per-bashkine-e-durresit\\\/\",\"url\":\"https:\\\/\\\/durres.gov.al\\\/2014\\\/06\\\/19\\\/plani-lokal-i-menaxhimit-te-mbetjeve-per-bashkine-e-durresit\\\/\",\"name\":\"Plani Lokal i Menaxhimit t\u00eb Mbetjeve p\u00ebr Bashkin\u00eb e Durr\u00ebsit - Bashkia Durr\u00ebs\",\"isPartOf\":{\"@id\":\"https:\\\/\\\/durres.gov.al\\\/en\\\/#website\"},\"primaryImageOfPage\":{\"@id\":\"https:\\\/\\\/durres.gov.al\\\/2014\\\/06\\\/19\\\/plani-lokal-i-menaxhimit-te-mbetjeve-per-bashkine-e-durresit\\\/#primaryimage\"},\"image\":{\"@id\":\"https:\\\/\\\/durres.gov.al\\\/2014\\\/06\\\/19\\\/plani-lokal-i-menaxhimit-te-mbetjeve-per-bashkine-e-durresit\\\/#primaryimage\"},\"thumbnailUrl\":\"https:\\\/\\\/durres.gov.al\\\/wp-content\\\/uploads\\\/2009\\\/02\\\/pdf_button.png\",\"datePublished\":\"2014-06-19T13:11:51+00:00\",\"breadcrumb\":{\"@id\":\"https:\\\/\\\/durres.gov.al\\\/2014\\\/06\\\/19\\\/plani-lokal-i-menaxhimit-te-mbetjeve-per-bashkine-e-durresit\\\/#breadcrumb\"},\"inLanguage\":\"en-US\",\"potentialAction\":[{\"@type\":\"ReadAction\",\"target\":[\"https:\\\/\\\/durres.gov.al\\\/2014\\\/06\\\/19\\\/plani-lokal-i-menaxhimit-te-mbetjeve-per-bashkine-e-durresit\\\/\"]}]},{\"@type\":\"ImageObject\",\"inLanguage\":\"en-US\",\"@id\":\"https:\\\/\\\/durres.gov.al\\\/2014\\\/06\\\/19\\\/plani-lokal-i-menaxhimit-te-mbetjeve-per-bashkine-e-durresit\\\/#primaryimage\",\"url\":\"https:\\\/\\\/durres.gov.al\\\/wp-content\\\/uploads\\\/2009\\\/02\\\/pdf_button.png\",\"contentUrl\":\"https:\\\/\\\/durres.gov.al\\\/wp-content\\\/uploads\\\/2009\\\/02\\\/pdf_button.png\",\"width\":30,\"height\":30},{\"@type\":\"BreadcrumbList\",\"@id\":\"https:\\\/\\\/durres.gov.al\\\/2014\\\/06\\\/19\\\/plani-lokal-i-menaxhimit-te-mbetjeve-per-bashkine-e-durresit\\\/#breadcrumb\",\"itemListElement\":[{\"@type\":\"ListItem\",\"position\":1,\"name\":\"Home\",\"item\":\"https:\\\/\\\/durres.gov.al\\\/\"},{\"@type\":\"ListItem\",\"position\":2,\"name\":\"Plani Lokal i Menaxhimit t\u00eb Mbetjeve p\u00ebr Bashkin\u00eb e Durr\u00ebsit\"}]},{\"@type\":\"WebSite\",\"@id\":\"https:\\\/\\\/durres.gov.al\\\/en\\\/#website\",\"url\":\"https:\\\/\\\/durres.gov.al\\\/en\\\/\",\"name\":\"Bashkia Durr\u00ebs\",\"description\":\"Faqja Zyrtare n\u00eb Internet\",\"publisher\":{\"@id\":\"https:\\\/\\\/durres.gov.al\\\/en\\\/#organization\"},\"potentialAction\":[{\"@type\":\"SearchAction\",\"target\":{\"@type\":\"EntryPoint\",\"urlTemplate\":\"https:\\\/\\\/durres.gov.al\\\/en\\\/?s={search_term_string}\"},\"query-input\":{\"@type\":\"PropertyValueSpecification\",\"valueRequired\":true,\"valueName\":\"search_term_string\"}}],\"inLanguage\":\"en-US\"},{\"@type\":\"Organization\",\"@id\":\"https:\\\/\\\/durres.gov.al\\\/en\\\/#organization\",\"name\":\"Bashkia Durr\u00ebs\",\"url\":\"https:\\\/\\\/durres.gov.al\\\/en\\\/\",\"logo\":{\"@type\":\"ImageObject\",\"inLanguage\":\"en-US\",\"@id\":\"https:\\\/\\\/durres.gov.al\\\/en\\\/#\\\/schema\\\/logo\\\/image\\\/\",\"url\":\"https:\\\/\\\/durres.gov.al\\\/wp-content\\\/uploads\\\/2023\\\/01\\\/cropped-logo.png\",\"contentUrl\":\"https:\\\/\\\/durres.gov.al\\\/wp-content\\\/uploads\\\/2023\\\/01\\\/cropped-logo.png\",\"width\":512,\"height\":512,\"caption\":\"Bashkia Durr\u00ebs\"},\"image\":{\"@id\":\"https:\\\/\\\/durres.gov.al\\\/en\\\/#\\\/schema\\\/logo\\\/image\\\/\"}},{\"@type\":\"Person\",\"@id\":\"https:\\\/\\\/durres.gov.al\\\/en\\\/#\\\/schema\\\/person\\\/b635fa3d3fcab493eb6efe564996a856\",\"name\":\"admin\",\"sameAs\":[\"https:\\\/\\\/durres.gov.al\"],\"url\":\"https:\\\/\\\/durres.gov.al\\\/en\\\/author\\\/admin\\\/\"}]}<\/script>\n<!-- \/ Yoast SEO plugin. -->","yoast_head_json":{"title":"Plani Lokal i Menaxhimit t\u00eb Mbetjeve p\u00ebr Bashkin\u00eb e Durr\u00ebsit - Bashkia Durr\u00ebs","robots":{"index":"index","follow":"follow","max-snippet":"max-snippet:-1","max-image-preview":"max-image-preview:large","max-video-preview":"max-video-preview:-1"},"canonical":"https:\/\/durres.gov.al\/en\/2014\/06\/19\/plani-lokal-i-menaxhimit-te-mbetjeve-per-bashkine-e-durresit\/","og_locale":"en_US","og_type":"article","og_title":"Plani Lokal i Menaxhimit t\u00eb Mbetjeve p\u00ebr Bashkin\u00eb e Durr\u00ebsit - Bashkia Durr\u00ebs","og_description":"Durr\u00ebsi \u00ebsht\u00eb qyteti i dyt\u00eb m\u00eb i madh n\u00eb vend me nj\u00eb popullsi prej 200,000 banor\u00ebsh, porti kryesor dhe nj\u00eb nga destinacionet turistike m\u00eb popullore (turiz\u00ebm detar dhe kulturor). Rritja e popullsis\u00eb (e dyfishuar q\u00eb nga viti 1992), rritja ekonomike, p\u00ebrmir\u00ebsimi i standarteve t\u00eb jetes\u00ebs, dhe zhvillimi i turizmit kan\u00eb rritur shkall\u00ebn e konsumimit dhe [&hellip;]","og_url":"https:\/\/durres.gov.al\/en\/2014\/06\/19\/plani-lokal-i-menaxhimit-te-mbetjeve-per-bashkine-e-durresit\/","og_site_name":"Bashkia Durr\u00ebs","article_published_time":"2014-06-19T13:11:51+00:00","og_image":[{"width":30,"height":30,"url":"https:\/\/durres.gov.al\/wp-content\/uploads\/2009\/02\/pdf_button.png","type":"image\/png"}],"author":"admin","twitter_card":"summary_large_image","twitter_misc":{"Written by":"admin","Est. reading time":"3 minutes"},"schema":{"@context":"https:\/\/schema.org","@graph":[{"@type":"Article","@id":"https:\/\/durres.gov.al\/2014\/06\/19\/plani-lokal-i-menaxhimit-te-mbetjeve-per-bashkine-e-durresit\/#article","isPartOf":{"@id":"https:\/\/durres.gov.al\/2014\/06\/19\/plani-lokal-i-menaxhimit-te-mbetjeve-per-bashkine-e-durresit\/"},"author":{"name":"admin","@id":"https:\/\/durres.gov.al\/en\/#\/schema\/person\/b635fa3d3fcab493eb6efe564996a856"},"headline":"Plani Lokal i Menaxhimit t\u00eb Mbetjeve p\u00ebr Bashkin\u00eb e Durr\u00ebsit","datePublished":"2014-06-19T13:11:51+00:00","mainEntityOfPage":{"@id":"https:\/\/durres.gov.al\/2014\/06\/19\/plani-lokal-i-menaxhimit-te-mbetjeve-per-bashkine-e-durresit\/"},"wordCount":578,"commentCount":0,"publisher":{"@id":"https:\/\/durres.gov.al\/en\/#organization"},"image":{"@id":"https:\/\/durres.gov.al\/2014\/06\/19\/plani-lokal-i-menaxhimit-te-mbetjeve-per-bashkine-e-durresit\/#primaryimage"},"thumbnailUrl":"https:\/\/durres.gov.al\/wp-content\/uploads\/2009\/02\/pdf_button.png","articleSection":["Mjedisi"],"inLanguage":"en-US","potentialAction":[{"@type":"CommentAction","name":"Comment","target":["https:\/\/durres.gov.al\/2014\/06\/19\/plani-lokal-i-menaxhimit-te-mbetjeve-per-bashkine-e-durresit\/#respond"]}]},{"@type":"WebPage","@id":"https:\/\/durres.gov.al\/2014\/06\/19\/plani-lokal-i-menaxhimit-te-mbetjeve-per-bashkine-e-durresit\/","url":"https:\/\/durres.gov.al\/2014\/06\/19\/plani-lokal-i-menaxhimit-te-mbetjeve-per-bashkine-e-durresit\/","name":"Plani Lokal i Menaxhimit t\u00eb Mbetjeve p\u00ebr Bashkin\u00eb e Durr\u00ebsit - Bashkia Durr\u00ebs","isPartOf":{"@id":"https:\/\/durres.gov.al\/en\/#website"},"primaryImageOfPage":{"@id":"https:\/\/durres.gov.al\/2014\/06\/19\/plani-lokal-i-menaxhimit-te-mbetjeve-per-bashkine-e-durresit\/#primaryimage"},"image":{"@id":"https:\/\/durres.gov.al\/2014\/06\/19\/plani-lokal-i-menaxhimit-te-mbetjeve-per-bashkine-e-durresit\/#primaryimage"},"thumbnailUrl":"https:\/\/durres.gov.al\/wp-content\/uploads\/2009\/02\/pdf_button.png","datePublished":"2014-06-19T13:11:51+00:00","breadcrumb":{"@id":"https:\/\/durres.gov.al\/2014\/06\/19\/plani-lokal-i-menaxhimit-te-mbetjeve-per-bashkine-e-durresit\/#breadcrumb"},"inLanguage":"en-US","potentialAction":[{"@type":"ReadAction","target":["https:\/\/durres.gov.al\/2014\/06\/19\/plani-lokal-i-menaxhimit-te-mbetjeve-per-bashkine-e-durresit\/"]}]},{"@type":"ImageObject","inLanguage":"en-US","@id":"https:\/\/durres.gov.al\/2014\/06\/19\/plani-lokal-i-menaxhimit-te-mbetjeve-per-bashkine-e-durresit\/#primaryimage","url":"https:\/\/durres.gov.al\/wp-content\/uploads\/2009\/02\/pdf_button.png","contentUrl":"https:\/\/durres.gov.al\/wp-content\/uploads\/2009\/02\/pdf_button.png","width":30,"height":30},{"@type":"BreadcrumbList","@id":"https:\/\/durres.gov.al\/2014\/06\/19\/plani-lokal-i-menaxhimit-te-mbetjeve-per-bashkine-e-durresit\/#breadcrumb","itemListElement":[{"@type":"ListItem","position":1,"name":"Home","item":"https:\/\/durres.gov.al\/"},{"@type":"ListItem","position":2,"name":"Plani Lokal i Menaxhimit t\u00eb Mbetjeve p\u00ebr Bashkin\u00eb e Durr\u00ebsit"}]},{"@type":"WebSite","@id":"https:\/\/durres.gov.al\/en\/#website","url":"https:\/\/durres.gov.al\/en\/","name":"Municipality of Durr\u00ebs","description":"Faqja Zyrtare n\u00eb Internet","publisher":{"@id":"https:\/\/durres.gov.al\/en\/#organization"},"potentialAction":[{"@type":"SearchAction","target":{"@type":"EntryPoint","urlTemplate":"https:\/\/durres.gov.al\/en\/?s={search_term_string}"},"query-input":{"@type":"PropertyValueSpecification","valueRequired":true,"valueName":"search_term_string"}}],"inLanguage":"en-US"},{"@type":"Organization","@id":"https:\/\/durres.gov.al\/en\/#organization","name":"Municipality of Durr\u00ebs","url":"https:\/\/durres.gov.al\/en\/","logo":{"@type":"ImageObject","inLanguage":"en-US","@id":"https:\/\/durres.gov.al\/en\/#\/schema\/logo\/image\/","url":"https:\/\/durres.gov.al\/wp-content\/uploads\/2023\/01\/cropped-logo.png","contentUrl":"https:\/\/durres.gov.al\/wp-content\/uploads\/2023\/01\/cropped-logo.png","width":512,"height":512,"caption":"Bashkia Durr\u00ebs"},"image":{"@id":"https:\/\/durres.gov.al\/en\/#\/schema\/logo\/image\/"}},{"@type":"Person","@id":"https:\/\/durres.gov.al\/en\/#\/schema\/person\/b635fa3d3fcab493eb6efe564996a856","name":"admin","sameAs":["https:\/\/durres.gov.al"],"url":"https:\/\/durres.gov.al\/en\/author\/admin\/"}]}},"_links":{"self":[{"href":"https:\/\/durres.gov.al\/en\/wp-json\/wp\/v2\/posts\/15953","targetHints":{"allow":["GET"]}}],"collection":[{"href":"https:\/\/durres.gov.al\/en\/wp-json\/wp\/v2\/posts"}],"about":[{"href":"https:\/\/durres.gov.al\/en\/wp-json\/wp\/v2\/types\/post"}],"author":[{"embeddable":true,"href":"https:\/\/durres.gov.al\/en\/wp-json\/wp\/v2\/users\/4"}],"replies":[{"embeddable":true,"href":"https:\/\/durres.gov.al\/en\/wp-json\/wp\/v2\/comments?post=15953"}],"version-history":[{"count":0,"href":"https:\/\/durres.gov.al\/en\/wp-json\/wp\/v2\/posts\/15953\/revisions"}],"wp:featuredmedia":[{"embeddable":true,"href":"https:\/\/durres.gov.al\/en\/wp-json\/wp\/v2\/media\/15279"}],"wp:attachment":[{"href":"https:\/\/durres.gov.al\/en\/wp-json\/wp\/v2\/media?parent=15953"}],"wp:term":[{"taxonomy":"category","embeddable":true,"href":"https:\/\/durres.gov.al\/en\/wp-json\/wp\/v2\/categories?post=15953"},{"taxonomy":"post_tag","embeddable":true,"href":"https:\/\/durres.gov.al\/en\/wp-json\/wp\/v2\/tags?post=15953"}],"curies":[{"name":"wp","href":"https:\/\/api.w.org\/{rel}","templated":true}]}}