{"id":15999,"date":"2014-09-20T13:38:51","date_gmt":"2014-09-20T13:38:51","guid":{"rendered":"https:\/\/durres.gov.al\/kryebashkiaku-i-durresit-vangjush-dako-merr-pjesen-ne-mbylljen-e-bienales-se-artit-durres-art-biennale-2014\/"},"modified":"2014-09-20T13:38:51","modified_gmt":"2014-09-20T13:38:51","slug":"kryebashkiaku-i-durresit-vangjush-dako-merr-pjesen-ne-mbylljen-e-bienales-se-artit-durres-art-biennale-2014","status":"publish","type":"post","link":"https:\/\/durres.gov.al\/en\/2014\/09\/20\/kryebashkiaku-i-durresit-vangjush-dako-merr-pjesen-ne-mbylljen-e-bienales-se-artit-durres-art-biennale-2014\/","title":{"rendered":"Kryebashkiaku i Durr\u00ebsit Vangjush Dako merr pjes\u00ebn n\u00eb mbylljen e bienales s\u00eb artit \u201cDurr\u00ebs art, biennale 2014\u201d"},"content":{"rendered":"<p>Kryetari i bashkis\u00eb s\u00eb Durr\u00ebsit Vangjush Dako ka marr\u00eb pjes\u00eb n\u00eb mbylljen e punimeve t\u00eb piktor\u00ebve t\u00eb bienales s\u00eb artit \u201cDurr\u00ebs art, biennale 2014\u201d. N\u00eb rrug\u00ebn \u201cDoktor Margariti\u201d pran\u00eb amfiteatrit antik, piktor\u00eb e skulptor\u00eb nga e gjith\u00eb bota kan\u00eb realizuar piktura t\u00eb ndryshme murale n\u00eb fasadat e banesave t\u00eb vjetra t\u00eb k\u00ebsaj lagje si dhe skulptura t\u00eb ndryshme.<\/p>\n<p>Kryetari i bashkis\u00eb s\u00eb Durr\u00ebsit Vangjush Dako \u00ebsht\u00eb takuar me artist\u00ebt pjes\u00ebmarr\u00ebs duke i fal\u00ebnderuar ata p\u00ebr pun\u00ebn q\u00eb kan\u00eb b\u00ebr\u00eb. Koordinatori i bienales Xhuliano Otaviani n\u00eb p\u00ebrsh\u00ebndetjen e tij e ka fal\u00ebnderuar kryetarin e bashkis\u00eb Dako p\u00ebr mb\u00ebshtetjen q\u00eb ai iu dha artist\u00ebve q\u00eb n\u00eb fillim dhe shtoi se q\u00ebllimi i bienales \u00ebsht\u00eb q\u00eb ajo t\u00eb kthehet n\u00eb tradit\u00eb dhe ata t\u00eb zhvillojn\u00eb edicionin e dyt\u00eb t\u00eb saj vitin e ardhsh\u00ebm.<\/p>\n<p>Kryebashkiaku Dako nga ana e tij vler\u00ebsoi pjes\u00ebmarrjen e artist\u00ebve vendas dhe t\u00eb huaj n\u00eb k\u00ebt\u00eb projekt duke i fal\u00ebnderuar ata p\u00ebr pun\u00ebn q\u00eb kan\u00eb b\u00ebr\u00eb: \u201cJemi sot k\u00ebtu n\u00eb p\u00ebrmbyllje t\u00eb projektit t\u00eb bienales s\u00eb artit 2014, nj\u00eb projekt dhe inisiativ\u00eb q\u00eb e nd\u00ebrmor\u00ebm dhe e mb\u00ebshtet\u00ebm q\u00eb n\u00eb fillim bashk\u00eb me koordinator\u00ebt e projektit. Fakti q\u00eb n\u00eb k\u00ebt\u00eb bienale mor\u00ebn pjes\u00eb jo vet\u00ebm piktor\u00eb nga vendi yn\u00eb, por edhe nga e gjith\u00eb bota si Franca, Italia, Spanja dhe deri Kosta Rika e Brazili, e b\u00ebn k\u00ebt\u00eb aktivitet m\u00eb t\u00eb r\u00ebnd\u00ebsish\u00ebm e m\u00eb me vler\u00eb. Nga ana tjet\u00ebr realizimi i k\u00ebtyre pun\u00ebve n\u00eb k\u00ebt\u00eb lagje, e cila ndodhet pran\u00eb amfiteatrit, vend q\u00eb frekuentohet nga mjaft turist\u00eb t\u00eb huaj, \u00ebsht\u00eb nj\u00eb dometh\u00ebnie e madhe p\u00ebr zhvillimin e zon\u00ebs dhe atraksion turistik. Ne do ti mb\u00ebshtesim edhe vitin e ardhsh\u00ebm artist\u00ebt q\u00eb do vijn\u00eb dhe bienalen, duke p\u00ebrzgjedhur nj\u00eb vend tjet\u00ebr p\u00ebr punimet e tyre\u201d.<\/p>\n<p>N\u00eb bienalen e artit \u201cDurr\u00ebs art, beianle 2014\u201d mor\u00ebn pjes\u00eb rreth 40 piktor\u00eb dhe skulptor\u00eb nga vendi dhe bota.<\/p>","protected":false},"excerpt":{"rendered":"<p>Kryetari i bashkis\u00eb s\u00eb Durr\u00ebsit Vangjush Dako ka marr\u00eb pjes\u00eb n\u00eb mbylljen e punimeve t\u00eb piktor\u00ebve t\u00eb bienales s\u00eb artit \u201cDurr\u00ebs art, biennale 2014\u201d. N\u00eb rrug\u00ebn \u201cDoktor Margariti\u201d pran\u00eb amfiteatrit antik, piktor\u00eb e skulptor\u00eb nga e gjith\u00eb bota kan\u00eb realizuar piktura t\u00eb ndryshme murale n\u00eb fasadat e banesave t\u00eb vjetra t\u00eb k\u00ebsaj lagje si dhe [&hellip;]<\/p>\n","protected":false},"author":4,"featured_media":0,"comment_status":"open","ping_status":"open","sticky":false,"template":"","format":"standard","meta":{"_acf_changed":false,"footnotes":""},"categories":[39],"tags":[],"class_list":["post-15999","post","type-post","status-publish","format-standard","hentry","category-bashkia"],"acf":[],"yoast_head":"<!-- This site is optimized with the Yoast SEO plugin v27.4 - https:\/\/yoast.com\/product\/yoast-seo-wordpress\/ -->\n<title>Kryebashkiaku i Durr\u00ebsit Vangjush Dako merr pjes\u00ebn n\u00eb mbylljen e bienales s\u00eb artit \u201cDurr\u00ebs art, biennale 2014\u201d - Bashkia Durr\u00ebs<\/title>\n<meta name=\"robots\" content=\"index, follow, max-snippet:-1, max-image-preview:large, max-video-preview:-1\" \/>\n<link rel=\"canonical\" href=\"https:\/\/durres.gov.al\/en\/2014\/09\/20\/kryebashkiaku-i-durresit-vangjush-dako-merr-pjesen-ne-mbylljen-e-bienales-se-artit-durres-art-biennale-2014\/\" \/>\n<meta property=\"og:locale\" content=\"en_US\" \/>\n<meta property=\"og:type\" content=\"article\" \/>\n<meta property=\"og:title\" content=\"Kryebashkiaku i Durr\u00ebsit Vangjush Dako merr pjes\u00ebn n\u00eb mbylljen e bienales s\u00eb artit \u201cDurr\u00ebs art, biennale 2014\u201d - Bashkia Durr\u00ebs\" \/>\n<meta property=\"og:description\" content=\"Kryetari i bashkis\u00eb s\u00eb Durr\u00ebsit Vangjush Dako ka marr\u00eb pjes\u00eb n\u00eb mbylljen e punimeve t\u00eb piktor\u00ebve t\u00eb bienales s\u00eb artit \u201cDurr\u00ebs art, biennale 2014\u201d. N\u00eb rrug\u00ebn \u201cDoktor Margariti\u201d pran\u00eb amfiteatrit antik, piktor\u00eb e skulptor\u00eb nga e gjith\u00eb bota kan\u00eb realizuar piktura t\u00eb ndryshme murale n\u00eb fasadat e banesave t\u00eb vjetra t\u00eb k\u00ebsaj lagje si dhe [&hellip;]\" \/>\n<meta property=\"og:url\" content=\"https:\/\/durres.gov.al\/en\/2014\/09\/20\/kryebashkiaku-i-durresit-vangjush-dako-merr-pjesen-ne-mbylljen-e-bienales-se-artit-durres-art-biennale-2014\/\" \/>\n<meta property=\"og:site_name\" content=\"Bashkia Durr\u00ebs\" \/>\n<meta property=\"article:published_time\" content=\"2014-09-20T13:38:51+00:00\" \/>\n<meta name=\"author\" content=\"admin\" \/>\n<meta name=\"twitter:card\" content=\"summary_large_image\" \/>\n<meta name=\"twitter:label1\" content=\"Written by\" \/>\n\t<meta name=\"twitter:data1\" content=\"admin\" \/>\n\t<meta name=\"twitter:label2\" content=\"Est. reading time\" \/>\n\t<meta name=\"twitter:data2\" content=\"2 minutes\" \/>\n<script type=\"application\/ld+json\" class=\"yoast-schema-graph\">{\"@context\":\"https:\\\/\\\/schema.org\",\"@graph\":[{\"@type\":\"Article\",\"@id\":\"https:\\\/\\\/durres.gov.al\\\/2014\\\/09\\\/20\\\/kryebashkiaku-i-durresit-vangjush-dako-merr-pjesen-ne-mbylljen-e-bienales-se-artit-durres-art-biennale-2014\\\/#article\",\"isPartOf\":{\"@id\":\"https:\\\/\\\/durres.gov.al\\\/2014\\\/09\\\/20\\\/kryebashkiaku-i-durresit-vangjush-dako-merr-pjesen-ne-mbylljen-e-bienales-se-artit-durres-art-biennale-2014\\\/\"},\"author\":{\"name\":\"admin\",\"@id\":\"https:\\\/\\\/durres.gov.al\\\/en\\\/#\\\/schema\\\/person\\\/b635fa3d3fcab493eb6efe564996a856\"},\"headline\":\"Kryebashkiaku i Durr\u00ebsit Vangjush Dako merr pjes\u00ebn n\u00eb mbylljen e bienales s\u00eb artit \u201cDurr\u00ebs art, biennale 2014\u201d\",\"datePublished\":\"2014-09-20T13:38:51+00:00\",\"mainEntityOfPage\":{\"@id\":\"https:\\\/\\\/durres.gov.al\\\/2014\\\/09\\\/20\\\/kryebashkiaku-i-durresit-vangjush-dako-merr-pjesen-ne-mbylljen-e-bienales-se-artit-durres-art-biennale-2014\\\/\"},\"wordCount\":377,\"commentCount\":0,\"publisher\":{\"@id\":\"https:\\\/\\\/durres.gov.al\\\/en\\\/#organization\"},\"articleSection\":[\"Bashkia\"],\"inLanguage\":\"en-US\",\"potentialAction\":[{\"@type\":\"CommentAction\",\"name\":\"Comment\",\"target\":[\"https:\\\/\\\/durres.gov.al\\\/2014\\\/09\\\/20\\\/kryebashkiaku-i-durresit-vangjush-dako-merr-pjesen-ne-mbylljen-e-bienales-se-artit-durres-art-biennale-2014\\\/#respond\"]}]},{\"@type\":\"WebPage\",\"@id\":\"https:\\\/\\\/durres.gov.al\\\/2014\\\/09\\\/20\\\/kryebashkiaku-i-durresit-vangjush-dako-merr-pjesen-ne-mbylljen-e-bienales-se-artit-durres-art-biennale-2014\\\/\",\"url\":\"https:\\\/\\\/durres.gov.al\\\/2014\\\/09\\\/20\\\/kryebashkiaku-i-durresit-vangjush-dako-merr-pjesen-ne-mbylljen-e-bienales-se-artit-durres-art-biennale-2014\\\/\",\"name\":\"Kryebashkiaku i Durr\u00ebsit Vangjush Dako merr pjes\u00ebn n\u00eb mbylljen e bienales s\u00eb artit \u201cDurr\u00ebs art, biennale 2014\u201d - Bashkia Durr\u00ebs\",\"isPartOf\":{\"@id\":\"https:\\\/\\\/durres.gov.al\\\/en\\\/#website\"},\"datePublished\":\"2014-09-20T13:38:51+00:00\",\"breadcrumb\":{\"@id\":\"https:\\\/\\\/durres.gov.al\\\/2014\\\/09\\\/20\\\/kryebashkiaku-i-durresit-vangjush-dako-merr-pjesen-ne-mbylljen-e-bienales-se-artit-durres-art-biennale-2014\\\/#breadcrumb\"},\"inLanguage\":\"en-US\",\"potentialAction\":[{\"@type\":\"ReadAction\",\"target\":[\"https:\\\/\\\/durres.gov.al\\\/2014\\\/09\\\/20\\\/kryebashkiaku-i-durresit-vangjush-dako-merr-pjesen-ne-mbylljen-e-bienales-se-artit-durres-art-biennale-2014\\\/\"]}]},{\"@type\":\"BreadcrumbList\",\"@id\":\"https:\\\/\\\/durres.gov.al\\\/2014\\\/09\\\/20\\\/kryebashkiaku-i-durresit-vangjush-dako-merr-pjesen-ne-mbylljen-e-bienales-se-artit-durres-art-biennale-2014\\\/#breadcrumb\",\"itemListElement\":[{\"@type\":\"ListItem\",\"position\":1,\"name\":\"Home\",\"item\":\"https:\\\/\\\/durres.gov.al\\\/\"},{\"@type\":\"ListItem\",\"position\":2,\"name\":\"Kryebashkiaku i Durr\u00ebsit Vangjush Dako merr pjes\u00ebn n\u00eb mbylljen e bienales s\u00eb artit \u201cDurr\u00ebs art, biennale 2014\u201d\"}]},{\"@type\":\"WebSite\",\"@id\":\"https:\\\/\\\/durres.gov.al\\\/en\\\/#website\",\"url\":\"https:\\\/\\\/durres.gov.al\\\/en\\\/\",\"name\":\"Bashkia Durr\u00ebs\",\"description\":\"Faqja Zyrtare n\u00eb Internet\",\"publisher\":{\"@id\":\"https:\\\/\\\/durres.gov.al\\\/en\\\/#organization\"},\"potentialAction\":[{\"@type\":\"SearchAction\",\"target\":{\"@type\":\"EntryPoint\",\"urlTemplate\":\"https:\\\/\\\/durres.gov.al\\\/en\\\/?s={search_term_string}\"},\"query-input\":{\"@type\":\"PropertyValueSpecification\",\"valueRequired\":true,\"valueName\":\"search_term_string\"}}],\"inLanguage\":\"en-US\"},{\"@type\":\"Organization\",\"@id\":\"https:\\\/\\\/durres.gov.al\\\/en\\\/#organization\",\"name\":\"Bashkia Durr\u00ebs\",\"url\":\"https:\\\/\\\/durres.gov.al\\\/en\\\/\",\"logo\":{\"@type\":\"ImageObject\",\"inLanguage\":\"en-US\",\"@id\":\"https:\\\/\\\/durres.gov.al\\\/en\\\/#\\\/schema\\\/logo\\\/image\\\/\",\"url\":\"https:\\\/\\\/durres.gov.al\\\/wp-content\\\/uploads\\\/2023\\\/01\\\/cropped-logo.png\",\"contentUrl\":\"https:\\\/\\\/durres.gov.al\\\/wp-content\\\/uploads\\\/2023\\\/01\\\/cropped-logo.png\",\"width\":512,\"height\":512,\"caption\":\"Bashkia Durr\u00ebs\"},\"image\":{\"@id\":\"https:\\\/\\\/durres.gov.al\\\/en\\\/#\\\/schema\\\/logo\\\/image\\\/\"}},{\"@type\":\"Person\",\"@id\":\"https:\\\/\\\/durres.gov.al\\\/en\\\/#\\\/schema\\\/person\\\/b635fa3d3fcab493eb6efe564996a856\",\"name\":\"admin\",\"sameAs\":[\"https:\\\/\\\/durres.gov.al\"],\"url\":\"https:\\\/\\\/durres.gov.al\\\/en\\\/author\\\/admin\\\/\"}]}<\/script>\n<!-- \/ Yoast SEO plugin. -->","yoast_head_json":{"title":"Kryebashkiaku i Durr\u00ebsit Vangjush Dako merr pjes\u00ebn n\u00eb mbylljen e bienales s\u00eb artit \u201cDurr\u00ebs art, biennale 2014\u201d - Bashkia Durr\u00ebs","robots":{"index":"index","follow":"follow","max-snippet":"max-snippet:-1","max-image-preview":"max-image-preview:large","max-video-preview":"max-video-preview:-1"},"canonical":"https:\/\/durres.gov.al\/en\/2014\/09\/20\/kryebashkiaku-i-durresit-vangjush-dako-merr-pjesen-ne-mbylljen-e-bienales-se-artit-durres-art-biennale-2014\/","og_locale":"en_US","og_type":"article","og_title":"Kryebashkiaku i Durr\u00ebsit Vangjush Dako merr pjes\u00ebn n\u00eb mbylljen e bienales s\u00eb artit \u201cDurr\u00ebs art, biennale 2014\u201d - Bashkia Durr\u00ebs","og_description":"Kryetari i bashkis\u00eb s\u00eb Durr\u00ebsit Vangjush Dako ka marr\u00eb pjes\u00eb n\u00eb mbylljen e punimeve t\u00eb piktor\u00ebve t\u00eb bienales s\u00eb artit \u201cDurr\u00ebs art, biennale 2014\u201d. N\u00eb rrug\u00ebn \u201cDoktor Margariti\u201d pran\u00eb amfiteatrit antik, piktor\u00eb e skulptor\u00eb nga e gjith\u00eb bota kan\u00eb realizuar piktura t\u00eb ndryshme murale n\u00eb fasadat e banesave t\u00eb vjetra t\u00eb k\u00ebsaj lagje si dhe [&hellip;]","og_url":"https:\/\/durres.gov.al\/en\/2014\/09\/20\/kryebashkiaku-i-durresit-vangjush-dako-merr-pjesen-ne-mbylljen-e-bienales-se-artit-durres-art-biennale-2014\/","og_site_name":"Bashkia Durr\u00ebs","article_published_time":"2014-09-20T13:38:51+00:00","author":"admin","twitter_card":"summary_large_image","twitter_misc":{"Written by":"admin","Est. reading time":"2 minutes"},"schema":{"@context":"https:\/\/schema.org","@graph":[{"@type":"Article","@id":"https:\/\/durres.gov.al\/2014\/09\/20\/kryebashkiaku-i-durresit-vangjush-dako-merr-pjesen-ne-mbylljen-e-bienales-se-artit-durres-art-biennale-2014\/#article","isPartOf":{"@id":"https:\/\/durres.gov.al\/2014\/09\/20\/kryebashkiaku-i-durresit-vangjush-dako-merr-pjesen-ne-mbylljen-e-bienales-se-artit-durres-art-biennale-2014\/"},"author":{"name":"admin","@id":"https:\/\/durres.gov.al\/en\/#\/schema\/person\/b635fa3d3fcab493eb6efe564996a856"},"headline":"Kryebashkiaku i Durr\u00ebsit Vangjush Dako merr pjes\u00ebn n\u00eb mbylljen e bienales s\u00eb artit \u201cDurr\u00ebs art, biennale 2014\u201d","datePublished":"2014-09-20T13:38:51+00:00","mainEntityOfPage":{"@id":"https:\/\/durres.gov.al\/2014\/09\/20\/kryebashkiaku-i-durresit-vangjush-dako-merr-pjesen-ne-mbylljen-e-bienales-se-artit-durres-art-biennale-2014\/"},"wordCount":377,"commentCount":0,"publisher":{"@id":"https:\/\/durres.gov.al\/en\/#organization"},"articleSection":["Bashkia"],"inLanguage":"en-US","potentialAction":[{"@type":"CommentAction","name":"Comment","target":["https:\/\/durres.gov.al\/2014\/09\/20\/kryebashkiaku-i-durresit-vangjush-dako-merr-pjesen-ne-mbylljen-e-bienales-se-artit-durres-art-biennale-2014\/#respond"]}]},{"@type":"WebPage","@id":"https:\/\/durres.gov.al\/2014\/09\/20\/kryebashkiaku-i-durresit-vangjush-dako-merr-pjesen-ne-mbylljen-e-bienales-se-artit-durres-art-biennale-2014\/","url":"https:\/\/durres.gov.al\/2014\/09\/20\/kryebashkiaku-i-durresit-vangjush-dako-merr-pjesen-ne-mbylljen-e-bienales-se-artit-durres-art-biennale-2014\/","name":"Kryebashkiaku i Durr\u00ebsit Vangjush Dako merr pjes\u00ebn n\u00eb mbylljen e bienales s\u00eb artit \u201cDurr\u00ebs art, biennale 2014\u201d - Bashkia Durr\u00ebs","isPartOf":{"@id":"https:\/\/durres.gov.al\/en\/#website"},"datePublished":"2014-09-20T13:38:51+00:00","breadcrumb":{"@id":"https:\/\/durres.gov.al\/2014\/09\/20\/kryebashkiaku-i-durresit-vangjush-dako-merr-pjesen-ne-mbylljen-e-bienales-se-artit-durres-art-biennale-2014\/#breadcrumb"},"inLanguage":"en-US","potentialAction":[{"@type":"ReadAction","target":["https:\/\/durres.gov.al\/2014\/09\/20\/kryebashkiaku-i-durresit-vangjush-dako-merr-pjesen-ne-mbylljen-e-bienales-se-artit-durres-art-biennale-2014\/"]}]},{"@type":"BreadcrumbList","@id":"https:\/\/durres.gov.al\/2014\/09\/20\/kryebashkiaku-i-durresit-vangjush-dako-merr-pjesen-ne-mbylljen-e-bienales-se-artit-durres-art-biennale-2014\/#breadcrumb","itemListElement":[{"@type":"ListItem","position":1,"name":"Home","item":"https:\/\/durres.gov.al\/"},{"@type":"ListItem","position":2,"name":"Kryebashkiaku i Durr\u00ebsit Vangjush Dako merr pjes\u00ebn n\u00eb mbylljen e bienales s\u00eb artit \u201cDurr\u00ebs art, biennale 2014\u201d"}]},{"@type":"WebSite","@id":"https:\/\/durres.gov.al\/en\/#website","url":"https:\/\/durres.gov.al\/en\/","name":"Municipality of Durr\u00ebs","description":"Faqja Zyrtare n\u00eb Internet","publisher":{"@id":"https:\/\/durres.gov.al\/en\/#organization"},"potentialAction":[{"@type":"SearchAction","target":{"@type":"EntryPoint","urlTemplate":"https:\/\/durres.gov.al\/en\/?s={search_term_string}"},"query-input":{"@type":"PropertyValueSpecification","valueRequired":true,"valueName":"search_term_string"}}],"inLanguage":"en-US"},{"@type":"Organization","@id":"https:\/\/durres.gov.al\/en\/#organization","name":"Municipality of Durr\u00ebs","url":"https:\/\/durres.gov.al\/en\/","logo":{"@type":"ImageObject","inLanguage":"en-US","@id":"https:\/\/durres.gov.al\/en\/#\/schema\/logo\/image\/","url":"https:\/\/durres.gov.al\/wp-content\/uploads\/2023\/01\/cropped-logo.png","contentUrl":"https:\/\/durres.gov.al\/wp-content\/uploads\/2023\/01\/cropped-logo.png","width":512,"height":512,"caption":"Bashkia Durr\u00ebs"},"image":{"@id":"https:\/\/durres.gov.al\/en\/#\/schema\/logo\/image\/"}},{"@type":"Person","@id":"https:\/\/durres.gov.al\/en\/#\/schema\/person\/b635fa3d3fcab493eb6efe564996a856","name":"admin","sameAs":["https:\/\/durres.gov.al"],"url":"https:\/\/durres.gov.al\/en\/author\/admin\/"}]}},"_links":{"self":[{"href":"https:\/\/durres.gov.al\/en\/wp-json\/wp\/v2\/posts\/15999","targetHints":{"allow":["GET"]}}],"collection":[{"href":"https:\/\/durres.gov.al\/en\/wp-json\/wp\/v2\/posts"}],"about":[{"href":"https:\/\/durres.gov.al\/en\/wp-json\/wp\/v2\/types\/post"}],"author":[{"embeddable":true,"href":"https:\/\/durres.gov.al\/en\/wp-json\/wp\/v2\/users\/4"}],"replies":[{"embeddable":true,"href":"https:\/\/durres.gov.al\/en\/wp-json\/wp\/v2\/comments?post=15999"}],"version-history":[{"count":0,"href":"https:\/\/durres.gov.al\/en\/wp-json\/wp\/v2\/posts\/15999\/revisions"}],"wp:attachment":[{"href":"https:\/\/durres.gov.al\/en\/wp-json\/wp\/v2\/media?parent=15999"}],"wp:term":[{"taxonomy":"category","embeddable":true,"href":"https:\/\/durres.gov.al\/en\/wp-json\/wp\/v2\/categories?post=15999"},{"taxonomy":"post_tag","embeddable":true,"href":"https:\/\/durres.gov.al\/en\/wp-json\/wp\/v2\/tags?post=15999"}],"curies":[{"name":"wp","href":"https:\/\/api.w.org\/{rel}","templated":true}]}}