{"id":16523,"date":"2019-03-12T13:42:12","date_gmt":"2019-03-12T13:42:12","guid":{"rendered":"https:\/\/durres.gov.al\/mbi-mentorimin-e-oshc-ve-ne-kuader-te-thirrjes-se-dyte-te-projektit-reload\/"},"modified":"2019-03-12T13:42:12","modified_gmt":"2019-03-12T13:42:12","slug":"mbi-mentorimin-e-oshc-ve-ne-kuader-te-thirrjes-se-dyte-te-projektit-reload","status":"publish","type":"post","link":"https:\/\/durres.gov.al\/en\/2019\/03\/12\/mbi-mentorimin-e-oshc-ve-ne-kuader-te-thirrjes-se-dyte-te-projektit-reload\/","title":{"rendered":"Mbi mentorimin e OSHC-ve ,n\u00eb kuad\u00ebr t\u00eb thirrjes s\u00eb dyt\u00eb t\u00eb projektit ReLOaD"},"content":{"rendered":"<p align=\"center\">\u00a0<span lang=\"SQ\">PROGRAMI RAJONAL P\u00cbR DEMOKRACIN\u00cb VENDORE N\u00cb BALLKANIN PER\u00cbNDIMOR (ReLOaD)<\/span><\/p>\n<p><span lang=\"SQ\">Programi Rajonal p\u00ebr Demokraci Vendore n\u00eb Ballkanin Per\u00ebndimor (ReLOaD) financohet nga Bashkimi Evropian dhe zbatohet nga Programi i Kombeve t\u00eb Bashkuara p\u00ebr Zhvillim (UNDP) n\u00eb gjasht\u00eb vende t\u00eb Ballkanit Per\u00ebndimor, p\u00ebrfshir\u00eb: Shqip\u00ebrin\u00eb, Bosnj\u00ebn dhe Hercegovin\u00ebn, Kosov\u00ebn<!-- [if !supportFootnotes]--><span lang=\"SQ\">[1]<\/span><!--[endif]-->, Republik\u00ebn e Maqedonis\u00eb s\u00eb Veriut, Malin e Zi dhe Serbin\u00eb. Q\u00ebllimi i p\u00ebrgjithsh\u00ebm \u00ebsht\u00eb t\u00eb fuqizoj\u00eb demokracit\u00eb pjes\u00ebmarr\u00ebse dhe procesin e integrimit n\u00eb BE n\u00eb Ballkanin Per\u00ebndimor, duke e fuqizuar shoq\u00ebrin\u00eb civile q\u00eb t\u00eb jet\u00eb pjes\u00eb e proceseve t\u00eb vendimmarrjes si dhe duke kontribuar dhe mund\u00ebsuar nj\u00eb mjedis ligjor dhe financiar inkurajues p\u00ebr shoq\u00ebrin\u00eb civile. N\u00eb kuad\u00ebr t\u00eb k\u00ebtij programi, n\u00eb \u00a0Shqip\u00ebri pritet t\u00eb zbatohen rreth 50 projekte t\u00eb OSHC-ve n\u00eb 12 bashkit\u00eb partnere<!-- [if !supportFootnotes]--><span lang=\"SQ\">[2]<\/span><!--[endif]-->.<\/span><\/p>\n<p>N\u00eb kuad\u00ebr t\u00eb Thirrjes s\u00eb dyt\u00eb publike p\u00ebr OSHC-t\u00eb n\u00eb partneritet me projektin ReLOaD n\u00eb Shqip\u00ebri, ju informojm\u00eb se Bashkia Durr\u00ebs organizon sesione mentorimi sipas axhend\u00ebs:<\/p>\n<table border=\"1\" cellspacing=\"0\" cellpadding=\"0\">\n<tbody>\n<tr>\n<td valign=\"top\" width=\"119\">\n<p>Data<\/p>\n<\/td>\n<td valign=\"top\" width=\"121\">\n<p>Ora<\/p>\n<\/td>\n<td valign=\"top\" width=\"264\">\n<p>Tematika e sesionit t\u00eb mentorimit<\/p>\n<\/td>\n<\/tr>\n<tr>\n<td rowspan=\"2\" valign=\"top\" width=\"119\">\n<p>19.03.2019<\/p>\n<\/td>\n<td valign=\"top\" width=\"121\">\n<p>10:00 &#8211; 13:00<\/p>\n<\/td>\n<td valign=\"top\" width=\"264\">\n<p>Korniza logjike<\/p>\n<\/td>\n<\/tr>\n<tr>\n<td valign=\"top\" width=\"121\">\n<p>14:00 \u2013 17:00<\/p>\n<\/td>\n<td valign=\"top\" width=\"264\">\n<p>Projekt propozimi<\/p>\n<\/td>\n<\/tr>\n<tr>\n<td rowspan=\"2\" valign=\"top\" width=\"119\">\n<p>20.03.2019<\/p>\n<\/td>\n<td valign=\"top\" width=\"121\">\n<p>10:00 &#8211; 13:00<\/p>\n<\/td>\n<td valign=\"top\" width=\"264\">\n<p>Buxheti<\/p>\n<\/td>\n<\/tr>\n<tr>\n<td valign=\"top\" width=\"121\">\n<p>14:00 \u2013 17:00<\/p>\n<\/td>\n<td valign=\"top\" width=\"264\">\n<p>Plani i aktiviteteve<\/p>\n<\/td>\n<\/tr>\n<tr>\n<td rowspan=\"2\" valign=\"top\" width=\"119\">\n<p>21.03.2019<\/p>\n<\/td>\n<td valign=\"top\" width=\"121\">\n<p>10:00 &#8211; 13:00<\/p>\n<\/td>\n<td rowspan=\"2\" valign=\"top\" width=\"264\">\n<p>C\u00ebshtje t\u00eb tjera t\u00eb aplikimit<\/p>\n<\/td>\n<\/tr>\n<tr>\n<td valign=\"top\" width=\"121\">\n<p>14:00 \u2013 17:00<\/p>\n<\/td>\n<\/tr>\n<\/tbody>\n<\/table>\n<p>Gjat\u00eb k\u00ebtyre sesioneve, nj\u00eb ekspert i fush\u00ebs do t\u00eb jap\u00eb mb\u00ebshtetje p\u00ebr organizatat n\u00eb \u00e7\u00ebshtjet e m\u00ebsip\u00ebrme. Organizatat e interesuara p\u00ebr t\u00eb marr pjes\u00eb n\u00eb sesionet e mentorimit duhet t\u00eb d\u00ebrgojn\u00eb nj\u00eb email duke cituar dat\u00ebn dhe sesionin\/et q\u00eb jan\u00eb t\u00eb interesuar t\u00eb marrin pjes\u00eb. Ju lutem konfirmoni pjes\u00ebmarrjen tuaj n\u00eb adres\u00ebn:<\/p>\n<p><a href=\"mailto:ina.xhakoni@durres.gov.al%20,vilma.hyseni\">ina.xhakoni@durres.gov.al, vilma.hyseni@durres.gov.al<\/a>,\u00a0<a href=\"mailto:.vilmakovaci@yahoo.it\">vilmakovaci@yahoo.it<\/a><\/p>\n<p>&#8212;&#8212;&#8212;&#8212;&#8212;&#8212;&#8212;&#8212;&#8212;&#8212;&#8212;&#8212;&#8212;-<\/p>\n<p><!--[endif]--><\/p>\n<div id=\"ftn1\">\n<p><span lang=\"EN-GB\"><span lang=\"EN-GB\">[1]<\/span><\/span> T\u00eb gjitha referencat lidhur me Kosov\u00ebn duhet t\u00eb kuptohen n\u00eb p\u00ebrputhje t\u00eb plot\u00eb me Rezolut\u00ebn 1244 (1999)<\/p>\n<\/div>\n<div id=\"ftn2\">\n<p><span lang=\"EN-GB\"><!-- [if !supportFootnotes]--><span lang=\"EN-GB\">[2]<\/span><!--[endif]--><\/span> Durr\u00ebs, Dib\u00ebr, Shkod\u00ebr, Prrenjas, Elbasan, Kor\u00e7\u00eb, Librazhd, Tiran\u00eb, Tropoj\u00eb, Roskovec, P\u00ebrmet and Lezh\u00eb<\/p>\n<\/div>\n","protected":false},"excerpt":{"rendered":"<p>\u00a0PROGRAMI RAJONAL P\u00cbR DEMOKRACIN\u00cb VENDORE N\u00cb BALLKANIN PER\u00cbNDIMOR (ReLOaD) Programi Rajonal p\u00ebr Demokraci Vendore n\u00eb Ballkanin Per\u00ebndimor (ReLOaD) financohet nga Bashkimi Evropian dhe zbatohet nga Programi i Kombeve t\u00eb Bashkuara p\u00ebr Zhvillim (UNDP) n\u00eb gjasht\u00eb vende t\u00eb Ballkanit Per\u00ebndimor, p\u00ebrfshir\u00eb: Shqip\u00ebrin\u00eb, Bosnj\u00ebn dhe Hercegovin\u00ebn, Kosov\u00ebn[1], Republik\u00ebn e Maqedonis\u00eb s\u00eb Veriut, Malin e Zi dhe Serbin\u00eb. [&hellip;]<\/p>\n","protected":false},"author":4,"featured_media":0,"comment_status":"open","ping_status":"open","sticky":false,"template":"","format":"standard","meta":{"_acf_changed":false,"footnotes":""},"categories":[37],"tags":[],"class_list":["post-16523","post","type-post","status-publish","format-standard","hentry","category-njoftime"],"acf":[],"yoast_head":"<!-- This site is optimized with the Yoast SEO plugin v27.4 - https:\/\/yoast.com\/product\/yoast-seo-wordpress\/ -->\n<title>Mbi mentorimin e OSHC-ve ,n\u00eb kuad\u00ebr t\u00eb thirrjes s\u00eb dyt\u00eb t\u00eb projektit ReLOaD - Bashkia Durr\u00ebs<\/title>\n<meta name=\"robots\" content=\"index, follow, max-snippet:-1, max-image-preview:large, max-video-preview:-1\" \/>\n<link rel=\"canonical\" href=\"https:\/\/durres.gov.al\/en\/2019\/03\/12\/mbi-mentorimin-e-oshc-ve-ne-kuader-te-thirrjes-se-dyte-te-projektit-reload\/\" \/>\n<meta property=\"og:locale\" content=\"en_US\" \/>\n<meta property=\"og:type\" content=\"article\" \/>\n<meta property=\"og:title\" content=\"Mbi mentorimin e OSHC-ve ,n\u00eb kuad\u00ebr t\u00eb thirrjes s\u00eb dyt\u00eb t\u00eb projektit ReLOaD - Bashkia Durr\u00ebs\" \/>\n<meta property=\"og:description\" content=\"\u00a0PROGRAMI RAJONAL P\u00cbR DEMOKRACIN\u00cb VENDORE N\u00cb BALLKANIN PER\u00cbNDIMOR (ReLOaD) Programi Rajonal p\u00ebr Demokraci Vendore n\u00eb Ballkanin Per\u00ebndimor (ReLOaD) financohet nga Bashkimi Evropian dhe zbatohet nga Programi i Kombeve t\u00eb Bashkuara p\u00ebr Zhvillim (UNDP) n\u00eb gjasht\u00eb vende t\u00eb Ballkanit Per\u00ebndimor, p\u00ebrfshir\u00eb: Shqip\u00ebrin\u00eb, Bosnj\u00ebn dhe Hercegovin\u00ebn, Kosov\u00ebn[1], Republik\u00ebn e Maqedonis\u00eb s\u00eb Veriut, Malin e Zi dhe Serbin\u00eb. [&hellip;]\" \/>\n<meta property=\"og:url\" content=\"https:\/\/durres.gov.al\/en\/2019\/03\/12\/mbi-mentorimin-e-oshc-ve-ne-kuader-te-thirrjes-se-dyte-te-projektit-reload\/\" \/>\n<meta property=\"og:site_name\" content=\"Bashkia Durr\u00ebs\" \/>\n<meta property=\"article:published_time\" content=\"2019-03-12T13:42:12+00:00\" \/>\n<meta name=\"author\" content=\"admin\" \/>\n<meta name=\"twitter:card\" content=\"summary_large_image\" \/>\n<meta name=\"twitter:label1\" content=\"Written by\" \/>\n\t<meta name=\"twitter:data1\" content=\"admin\" \/>\n\t<meta name=\"twitter:label2\" content=\"Est. reading time\" \/>\n\t<meta name=\"twitter:data2\" content=\"2 minutes\" \/>\n<script type=\"application\/ld+json\" class=\"yoast-schema-graph\">{\"@context\":\"https:\\\/\\\/schema.org\",\"@graph\":[{\"@type\":\"Article\",\"@id\":\"https:\\\/\\\/durres.gov.al\\\/2019\\\/03\\\/12\\\/mbi-mentorimin-e-oshc-ve-ne-kuader-te-thirrjes-se-dyte-te-projektit-reload\\\/#article\",\"isPartOf\":{\"@id\":\"https:\\\/\\\/durres.gov.al\\\/2019\\\/03\\\/12\\\/mbi-mentorimin-e-oshc-ve-ne-kuader-te-thirrjes-se-dyte-te-projektit-reload\\\/\"},\"author\":{\"name\":\"admin\",\"@id\":\"https:\\\/\\\/durres.gov.al\\\/en\\\/#\\\/schema\\\/person\\\/b635fa3d3fcab493eb6efe564996a856\"},\"headline\":\"Mbi mentorimin e OSHC-ve ,n\u00eb kuad\u00ebr t\u00eb thirrjes s\u00eb dyt\u00eb t\u00eb projektit ReLOaD\",\"datePublished\":\"2019-03-12T13:42:12+00:00\",\"mainEntityOfPage\":{\"@id\":\"https:\\\/\\\/durres.gov.al\\\/2019\\\/03\\\/12\\\/mbi-mentorimin-e-oshc-ve-ne-kuader-te-thirrjes-se-dyte-te-projektit-reload\\\/\"},\"wordCount\":324,\"commentCount\":0,\"publisher\":{\"@id\":\"https:\\\/\\\/durres.gov.al\\\/en\\\/#organization\"},\"articleSection\":[\"Njoftime\"],\"inLanguage\":\"en-US\",\"potentialAction\":[{\"@type\":\"CommentAction\",\"name\":\"Comment\",\"target\":[\"https:\\\/\\\/durres.gov.al\\\/2019\\\/03\\\/12\\\/mbi-mentorimin-e-oshc-ve-ne-kuader-te-thirrjes-se-dyte-te-projektit-reload\\\/#respond\"]}]},{\"@type\":\"WebPage\",\"@id\":\"https:\\\/\\\/durres.gov.al\\\/2019\\\/03\\\/12\\\/mbi-mentorimin-e-oshc-ve-ne-kuader-te-thirrjes-se-dyte-te-projektit-reload\\\/\",\"url\":\"https:\\\/\\\/durres.gov.al\\\/2019\\\/03\\\/12\\\/mbi-mentorimin-e-oshc-ve-ne-kuader-te-thirrjes-se-dyte-te-projektit-reload\\\/\",\"name\":\"Mbi mentorimin e OSHC-ve ,n\u00eb kuad\u00ebr t\u00eb thirrjes s\u00eb dyt\u00eb t\u00eb projektit ReLOaD - Bashkia Durr\u00ebs\",\"isPartOf\":{\"@id\":\"https:\\\/\\\/durres.gov.al\\\/en\\\/#website\"},\"datePublished\":\"2019-03-12T13:42:12+00:00\",\"breadcrumb\":{\"@id\":\"https:\\\/\\\/durres.gov.al\\\/2019\\\/03\\\/12\\\/mbi-mentorimin-e-oshc-ve-ne-kuader-te-thirrjes-se-dyte-te-projektit-reload\\\/#breadcrumb\"},\"inLanguage\":\"en-US\",\"potentialAction\":[{\"@type\":\"ReadAction\",\"target\":[\"https:\\\/\\\/durres.gov.al\\\/2019\\\/03\\\/12\\\/mbi-mentorimin-e-oshc-ve-ne-kuader-te-thirrjes-se-dyte-te-projektit-reload\\\/\"]}]},{\"@type\":\"BreadcrumbList\",\"@id\":\"https:\\\/\\\/durres.gov.al\\\/2019\\\/03\\\/12\\\/mbi-mentorimin-e-oshc-ve-ne-kuader-te-thirrjes-se-dyte-te-projektit-reload\\\/#breadcrumb\",\"itemListElement\":[{\"@type\":\"ListItem\",\"position\":1,\"name\":\"Home\",\"item\":\"https:\\\/\\\/durres.gov.al\\\/\"},{\"@type\":\"ListItem\",\"position\":2,\"name\":\"Mbi mentorimin e OSHC-ve ,n\u00eb kuad\u00ebr t\u00eb thirrjes s\u00eb dyt\u00eb t\u00eb projektit ReLOaD\"}]},{\"@type\":\"WebSite\",\"@id\":\"https:\\\/\\\/durres.gov.al\\\/en\\\/#website\",\"url\":\"https:\\\/\\\/durres.gov.al\\\/en\\\/\",\"name\":\"Bashkia Durr\u00ebs\",\"description\":\"Faqja Zyrtare n\u00eb Internet\",\"publisher\":{\"@id\":\"https:\\\/\\\/durres.gov.al\\\/en\\\/#organization\"},\"potentialAction\":[{\"@type\":\"SearchAction\",\"target\":{\"@type\":\"EntryPoint\",\"urlTemplate\":\"https:\\\/\\\/durres.gov.al\\\/en\\\/?s={search_term_string}\"},\"query-input\":{\"@type\":\"PropertyValueSpecification\",\"valueRequired\":true,\"valueName\":\"search_term_string\"}}],\"inLanguage\":\"en-US\"},{\"@type\":\"Organization\",\"@id\":\"https:\\\/\\\/durres.gov.al\\\/en\\\/#organization\",\"name\":\"Bashkia Durr\u00ebs\",\"url\":\"https:\\\/\\\/durres.gov.al\\\/en\\\/\",\"logo\":{\"@type\":\"ImageObject\",\"inLanguage\":\"en-US\",\"@id\":\"https:\\\/\\\/durres.gov.al\\\/en\\\/#\\\/schema\\\/logo\\\/image\\\/\",\"url\":\"https:\\\/\\\/durres.gov.al\\\/wp-content\\\/uploads\\\/2023\\\/01\\\/cropped-logo.png\",\"contentUrl\":\"https:\\\/\\\/durres.gov.al\\\/wp-content\\\/uploads\\\/2023\\\/01\\\/cropped-logo.png\",\"width\":512,\"height\":512,\"caption\":\"Bashkia Durr\u00ebs\"},\"image\":{\"@id\":\"https:\\\/\\\/durres.gov.al\\\/en\\\/#\\\/schema\\\/logo\\\/image\\\/\"}},{\"@type\":\"Person\",\"@id\":\"https:\\\/\\\/durres.gov.al\\\/en\\\/#\\\/schema\\\/person\\\/b635fa3d3fcab493eb6efe564996a856\",\"name\":\"admin\",\"sameAs\":[\"https:\\\/\\\/durres.gov.al\"],\"url\":\"https:\\\/\\\/durres.gov.al\\\/en\\\/author\\\/admin\\\/\"}]}<\/script>\n<!-- \/ Yoast SEO plugin. -->","yoast_head_json":{"title":"Mbi mentorimin e OSHC-ve ,n\u00eb kuad\u00ebr t\u00eb thirrjes s\u00eb dyt\u00eb t\u00eb projektit ReLOaD - Bashkia Durr\u00ebs","robots":{"index":"index","follow":"follow","max-snippet":"max-snippet:-1","max-image-preview":"max-image-preview:large","max-video-preview":"max-video-preview:-1"},"canonical":"https:\/\/durres.gov.al\/en\/2019\/03\/12\/mbi-mentorimin-e-oshc-ve-ne-kuader-te-thirrjes-se-dyte-te-projektit-reload\/","og_locale":"en_US","og_type":"article","og_title":"Mbi mentorimin e OSHC-ve ,n\u00eb kuad\u00ebr t\u00eb thirrjes s\u00eb dyt\u00eb t\u00eb projektit ReLOaD - Bashkia Durr\u00ebs","og_description":"\u00a0PROGRAMI RAJONAL P\u00cbR DEMOKRACIN\u00cb VENDORE N\u00cb BALLKANIN PER\u00cbNDIMOR (ReLOaD) Programi Rajonal p\u00ebr Demokraci Vendore n\u00eb Ballkanin Per\u00ebndimor (ReLOaD) financohet nga Bashkimi Evropian dhe zbatohet nga Programi i Kombeve t\u00eb Bashkuara p\u00ebr Zhvillim (UNDP) n\u00eb gjasht\u00eb vende t\u00eb Ballkanit Per\u00ebndimor, p\u00ebrfshir\u00eb: Shqip\u00ebrin\u00eb, Bosnj\u00ebn dhe Hercegovin\u00ebn, Kosov\u00ebn[1], Republik\u00ebn e Maqedonis\u00eb s\u00eb Veriut, Malin e Zi dhe Serbin\u00eb. [&hellip;]","og_url":"https:\/\/durres.gov.al\/en\/2019\/03\/12\/mbi-mentorimin-e-oshc-ve-ne-kuader-te-thirrjes-se-dyte-te-projektit-reload\/","og_site_name":"Bashkia Durr\u00ebs","article_published_time":"2019-03-12T13:42:12+00:00","author":"admin","twitter_card":"summary_large_image","twitter_misc":{"Written by":"admin","Est. reading time":"2 minutes"},"schema":{"@context":"https:\/\/schema.org","@graph":[{"@type":"Article","@id":"https:\/\/durres.gov.al\/2019\/03\/12\/mbi-mentorimin-e-oshc-ve-ne-kuader-te-thirrjes-se-dyte-te-projektit-reload\/#article","isPartOf":{"@id":"https:\/\/durres.gov.al\/2019\/03\/12\/mbi-mentorimin-e-oshc-ve-ne-kuader-te-thirrjes-se-dyte-te-projektit-reload\/"},"author":{"name":"admin","@id":"https:\/\/durres.gov.al\/en\/#\/schema\/person\/b635fa3d3fcab493eb6efe564996a856"},"headline":"Mbi mentorimin e OSHC-ve ,n\u00eb kuad\u00ebr t\u00eb thirrjes s\u00eb dyt\u00eb t\u00eb projektit ReLOaD","datePublished":"2019-03-12T13:42:12+00:00","mainEntityOfPage":{"@id":"https:\/\/durres.gov.al\/2019\/03\/12\/mbi-mentorimin-e-oshc-ve-ne-kuader-te-thirrjes-se-dyte-te-projektit-reload\/"},"wordCount":324,"commentCount":0,"publisher":{"@id":"https:\/\/durres.gov.al\/en\/#organization"},"articleSection":["Njoftime"],"inLanguage":"en-US","potentialAction":[{"@type":"CommentAction","name":"Comment","target":["https:\/\/durres.gov.al\/2019\/03\/12\/mbi-mentorimin-e-oshc-ve-ne-kuader-te-thirrjes-se-dyte-te-projektit-reload\/#respond"]}]},{"@type":"WebPage","@id":"https:\/\/durres.gov.al\/2019\/03\/12\/mbi-mentorimin-e-oshc-ve-ne-kuader-te-thirrjes-se-dyte-te-projektit-reload\/","url":"https:\/\/durres.gov.al\/2019\/03\/12\/mbi-mentorimin-e-oshc-ve-ne-kuader-te-thirrjes-se-dyte-te-projektit-reload\/","name":"Mbi mentorimin e OSHC-ve ,n\u00eb kuad\u00ebr t\u00eb thirrjes s\u00eb dyt\u00eb t\u00eb projektit ReLOaD - Bashkia Durr\u00ebs","isPartOf":{"@id":"https:\/\/durres.gov.al\/en\/#website"},"datePublished":"2019-03-12T13:42:12+00:00","breadcrumb":{"@id":"https:\/\/durres.gov.al\/2019\/03\/12\/mbi-mentorimin-e-oshc-ve-ne-kuader-te-thirrjes-se-dyte-te-projektit-reload\/#breadcrumb"},"inLanguage":"en-US","potentialAction":[{"@type":"ReadAction","target":["https:\/\/durres.gov.al\/2019\/03\/12\/mbi-mentorimin-e-oshc-ve-ne-kuader-te-thirrjes-se-dyte-te-projektit-reload\/"]}]},{"@type":"BreadcrumbList","@id":"https:\/\/durres.gov.al\/2019\/03\/12\/mbi-mentorimin-e-oshc-ve-ne-kuader-te-thirrjes-se-dyte-te-projektit-reload\/#breadcrumb","itemListElement":[{"@type":"ListItem","position":1,"name":"Home","item":"https:\/\/durres.gov.al\/"},{"@type":"ListItem","position":2,"name":"Mbi mentorimin e OSHC-ve ,n\u00eb kuad\u00ebr t\u00eb thirrjes s\u00eb dyt\u00eb t\u00eb projektit ReLOaD"}]},{"@type":"WebSite","@id":"https:\/\/durres.gov.al\/en\/#website","url":"https:\/\/durres.gov.al\/en\/","name":"Municipality of Durr\u00ebs","description":"Faqja Zyrtare n\u00eb Internet","publisher":{"@id":"https:\/\/durres.gov.al\/en\/#organization"},"potentialAction":[{"@type":"SearchAction","target":{"@type":"EntryPoint","urlTemplate":"https:\/\/durres.gov.al\/en\/?s={search_term_string}"},"query-input":{"@type":"PropertyValueSpecification","valueRequired":true,"valueName":"search_term_string"}}],"inLanguage":"en-US"},{"@type":"Organization","@id":"https:\/\/durres.gov.al\/en\/#organization","name":"Municipality of Durr\u00ebs","url":"https:\/\/durres.gov.al\/en\/","logo":{"@type":"ImageObject","inLanguage":"en-US","@id":"https:\/\/durres.gov.al\/en\/#\/schema\/logo\/image\/","url":"https:\/\/durres.gov.al\/wp-content\/uploads\/2023\/01\/cropped-logo.png","contentUrl":"https:\/\/durres.gov.al\/wp-content\/uploads\/2023\/01\/cropped-logo.png","width":512,"height":512,"caption":"Bashkia Durr\u00ebs"},"image":{"@id":"https:\/\/durres.gov.al\/en\/#\/schema\/logo\/image\/"}},{"@type":"Person","@id":"https:\/\/durres.gov.al\/en\/#\/schema\/person\/b635fa3d3fcab493eb6efe564996a856","name":"admin","sameAs":["https:\/\/durres.gov.al"],"url":"https:\/\/durres.gov.al\/en\/author\/admin\/"}]}},"_links":{"self":[{"href":"https:\/\/durres.gov.al\/en\/wp-json\/wp\/v2\/posts\/16523","targetHints":{"allow":["GET"]}}],"collection":[{"href":"https:\/\/durres.gov.al\/en\/wp-json\/wp\/v2\/posts"}],"about":[{"href":"https:\/\/durres.gov.al\/en\/wp-json\/wp\/v2\/types\/post"}],"author":[{"embeddable":true,"href":"https:\/\/durres.gov.al\/en\/wp-json\/wp\/v2\/users\/4"}],"replies":[{"embeddable":true,"href":"https:\/\/durres.gov.al\/en\/wp-json\/wp\/v2\/comments?post=16523"}],"version-history":[{"count":0,"href":"https:\/\/durres.gov.al\/en\/wp-json\/wp\/v2\/posts\/16523\/revisions"}],"wp:attachment":[{"href":"https:\/\/durres.gov.al\/en\/wp-json\/wp\/v2\/media?parent=16523"}],"wp:term":[{"taxonomy":"category","embeddable":true,"href":"https:\/\/durres.gov.al\/en\/wp-json\/wp\/v2\/categories?post=16523"},{"taxonomy":"post_tag","embeddable":true,"href":"https:\/\/durres.gov.al\/en\/wp-json\/wp\/v2\/tags?post=16523"}],"curies":[{"name":"wp","href":"https:\/\/api.w.org\/{rel}","templated":true}]}}