{"id":17233,"date":"2021-06-01T10:40:52","date_gmt":"2021-06-01T10:40:52","guid":{"rendered":"https:\/\/durres.gov.al\/1-qershori-kryebashkiakja-e-durresit-emiriana-sako-vizite-ne-shkollen-speciale-te-femijeve-me-aftesi-te-kufizuara\/"},"modified":"2021-06-01T10:40:52","modified_gmt":"2021-06-01T10:40:52","slug":"1-qershori-kryebashkiakja-e-durresit-emiriana-sako-vizite-ne-shkollen-speciale-te-femijeve-me-aftesi-te-kufizuara","status":"publish","type":"post","link":"https:\/\/durres.gov.al\/en\/2021\/06\/01\/1-qershori-kryebashkiakja-e-durresit-emiriana-sako-vizite-ne-shkollen-speciale-te-femijeve-me-aftesi-te-kufizuara\/","title":{"rendered":"1 qershori, kryebashkiakja e Durr\u00ebsit Emiriana Sako vizit\u00eb n\u00eb shkoll\u00ebn speciale t\u00eb f\u00ebmij\u00ebve me aft\u00ebsi t\u00eb kufizuara"},"content":{"rendered":"<p style=\"text-align: justify;\"><span style=\"font-size: 12.16px;\">Me rastin e 1 Qershorit, kryebashkiakja e Durr\u00ebsit, Emiriana Sako, ka vizituar shkoll\u00ebn speciale t\u00eb f\u00ebmij\u00ebve me aft\u00ebsi t\u00eb kufizuara. Gjat\u00eb ceremonis\u00eb festive t\u00eb organizuar nga f\u00ebmij\u00ebt e k\u00ebsaj shkolle kryebashkiakja Sako ka uruar t\u00eb gjith\u00eb f\u00ebmij\u00ebt p\u00ebr fest\u00ebn dhe u ka shp\u00ebrndar\u00eb dhurata f\u00ebmij\u00ebve t\u00eb k\u00ebsaj shkolle me k\u00ebt\u00eb rast. Kryebashkiakja Sako deklaroi se kishte zgjedhur k\u00ebt\u00eb shkoll\u00eb p\u00ebr tu shprehur k\u00ebtyre f\u00ebmij\u00ebve ngroht\u00ebsin\u00eb njer\u00ebzore dhe p\u00ebr ti komunikuar atyre mesazhin se do t\u00eb ken\u00eb gjithmon\u00eb nj\u00eb p\u00ebrkujdesje t\u00eb vecant\u00eb nga ana e Bashkis\u00eb n\u00eb m\u00ebnyr\u00eb q\u00eb t\u00eb integrohen plot\u00ebsisht n\u00eb jet\u00ebn shoq\u00ebrore t\u00eb qytetit. Bashkia e Durr\u00ebsit ka nj\u00eb s\u00ebr\u00eb programesh sociale q\u00eb i zbaton n\u00eb ndihm\u00eb t\u00eb shtresave n\u00eb nevoj\u00eb dhe nj\u00eb kujdes i vecant\u00eb u kushtohet pik\u00ebrisht k\u00ebtyre f\u00ebmij\u00ebve me aft\u00ebsi t\u00eb ve\u00e7anta duke i patur n\u00eb qend\u00ebr t\u00eb v\u00ebmendjes. Sako \u00ebsht\u00eb shprehur se kujdesi ndaj k\u00ebtyre f\u00ebmij\u00ebve ka qen\u00eb dhe \u00ebsht\u00eb i vazhduesh\u00ebm duke i inkuadruar ata n\u00eb programe t\u00eb posa\u00e7me sociale p\u00ebr ti krijuar sa m\u00eb shum\u00eb ngroht\u00ebsi e p\u00ebrkujdesje.<\/span><\/p>\n<div id=\"gtx-trans\" style=\"position: absolute; left: -34px; top: -15.85px;\">\u00a0<\/div>","protected":false},"excerpt":{"rendered":"<p>Me rastin e 1 Qershorit, kryebashkiakja e Durr\u00ebsit, Emiriana Sako, ka vizituar shkoll\u00ebn speciale t\u00eb f\u00ebmij\u00ebve me aft\u00ebsi t\u00eb kufizuara. Gjat\u00eb ceremonis\u00eb festive t\u00eb organizuar nga f\u00ebmij\u00ebt e k\u00ebsaj shkolle kryebashkiakja Sako ka uruar t\u00eb gjith\u00eb f\u00ebmij\u00ebt p\u00ebr fest\u00ebn dhe u ka shp\u00ebrndar\u00eb dhurata f\u00ebmij\u00ebve t\u00eb k\u00ebsaj shkolle me k\u00ebt\u00eb rast. Kryebashkiakja Sako deklaroi se [&hellip;]<\/p>\n","protected":false},"author":4,"featured_media":0,"comment_status":"open","ping_status":"open","sticky":false,"template":"","format":"standard","meta":{"_acf_changed":false,"footnotes":""},"categories":[38],"tags":[],"class_list":["post-17233","post","type-post","status-publish","format-standard","hentry","category-zyra-e-shtypit-prane-kryetarit"],"acf":[],"yoast_head":"<!-- This site is optimized with the Yoast SEO plugin v27.4 - https:\/\/yoast.com\/product\/yoast-seo-wordpress\/ -->\n<title>1 qershori, kryebashkiakja e Durr\u00ebsit Emiriana Sako vizit\u00eb n\u00eb shkoll\u00ebn speciale t\u00eb f\u00ebmij\u00ebve me aft\u00ebsi t\u00eb kufizuara - Bashkia Durr\u00ebs<\/title>\n<meta name=\"robots\" content=\"index, follow, max-snippet:-1, max-image-preview:large, max-video-preview:-1\" \/>\n<link rel=\"canonical\" href=\"https:\/\/durres.gov.al\/en\/2021\/06\/01\/1-qershori-kryebashkiakja-e-durresit-emiriana-sako-vizite-ne-shkollen-speciale-te-femijeve-me-aftesi-te-kufizuara\/\" \/>\n<meta property=\"og:locale\" content=\"en_US\" \/>\n<meta property=\"og:type\" content=\"article\" \/>\n<meta property=\"og:title\" content=\"1 qershori, kryebashkiakja e Durr\u00ebsit Emiriana Sako vizit\u00eb n\u00eb shkoll\u00ebn speciale t\u00eb f\u00ebmij\u00ebve me aft\u00ebsi t\u00eb kufizuara - Bashkia Durr\u00ebs\" \/>\n<meta property=\"og:description\" content=\"Me rastin e 1 Qershorit, kryebashkiakja e Durr\u00ebsit, Emiriana Sako, ka vizituar shkoll\u00ebn speciale t\u00eb f\u00ebmij\u00ebve me aft\u00ebsi t\u00eb kufizuara. Gjat\u00eb ceremonis\u00eb festive t\u00eb organizuar nga f\u00ebmij\u00ebt e k\u00ebsaj shkolle kryebashkiakja Sako ka uruar t\u00eb gjith\u00eb f\u00ebmij\u00ebt p\u00ebr fest\u00ebn dhe u ka shp\u00ebrndar\u00eb dhurata f\u00ebmij\u00ebve t\u00eb k\u00ebsaj shkolle me k\u00ebt\u00eb rast. Kryebashkiakja Sako deklaroi se [&hellip;]\" \/>\n<meta property=\"og:url\" content=\"https:\/\/durres.gov.al\/en\/2021\/06\/01\/1-qershori-kryebashkiakja-e-durresit-emiriana-sako-vizite-ne-shkollen-speciale-te-femijeve-me-aftesi-te-kufizuara\/\" \/>\n<meta property=\"og:site_name\" content=\"Bashkia Durr\u00ebs\" \/>\n<meta property=\"article:published_time\" content=\"2021-06-01T10:40:52+00:00\" \/>\n<meta name=\"author\" content=\"admin\" \/>\n<meta name=\"twitter:card\" content=\"summary_large_image\" \/>\n<meta name=\"twitter:label1\" content=\"Written by\" \/>\n\t<meta name=\"twitter:data1\" content=\"admin\" \/>\n\t<meta name=\"twitter:label2\" content=\"Est. reading time\" \/>\n\t<meta name=\"twitter:data2\" content=\"1 minute\" \/>\n<script type=\"application\/ld+json\" class=\"yoast-schema-graph\">{\"@context\":\"https:\\\/\\\/schema.org\",\"@graph\":[{\"@type\":\"Article\",\"@id\":\"https:\\\/\\\/durres.gov.al\\\/2021\\\/06\\\/01\\\/1-qershori-kryebashkiakja-e-durresit-emiriana-sako-vizite-ne-shkollen-speciale-te-femijeve-me-aftesi-te-kufizuara\\\/#article\",\"isPartOf\":{\"@id\":\"https:\\\/\\\/durres.gov.al\\\/2021\\\/06\\\/01\\\/1-qershori-kryebashkiakja-e-durresit-emiriana-sako-vizite-ne-shkollen-speciale-te-femijeve-me-aftesi-te-kufizuara\\\/\"},\"author\":{\"name\":\"admin\",\"@id\":\"https:\\\/\\\/durres.gov.al\\\/en\\\/#\\\/schema\\\/person\\\/b635fa3d3fcab493eb6efe564996a856\"},\"headline\":\"1 qershori, kryebashkiakja e Durr\u00ebsit Emiriana Sako vizit\u00eb n\u00eb shkoll\u00ebn speciale t\u00eb f\u00ebmij\u00ebve me aft\u00ebsi t\u00eb kufizuara\",\"datePublished\":\"2021-06-01T10:40:52+00:00\",\"mainEntityOfPage\":{\"@id\":\"https:\\\/\\\/durres.gov.al\\\/2021\\\/06\\\/01\\\/1-qershori-kryebashkiakja-e-durresit-emiriana-sako-vizite-ne-shkollen-speciale-te-femijeve-me-aftesi-te-kufizuara\\\/\"},\"wordCount\":234,\"commentCount\":0,\"publisher\":{\"@id\":\"https:\\\/\\\/durres.gov.al\\\/en\\\/#organization\"},\"articleSection\":[\"Zyra e Shtypit\"],\"inLanguage\":\"en-US\",\"potentialAction\":[{\"@type\":\"CommentAction\",\"name\":\"Comment\",\"target\":[\"https:\\\/\\\/durres.gov.al\\\/2021\\\/06\\\/01\\\/1-qershori-kryebashkiakja-e-durresit-emiriana-sako-vizite-ne-shkollen-speciale-te-femijeve-me-aftesi-te-kufizuara\\\/#respond\"]}]},{\"@type\":\"WebPage\",\"@id\":\"https:\\\/\\\/durres.gov.al\\\/2021\\\/06\\\/01\\\/1-qershori-kryebashkiakja-e-durresit-emiriana-sako-vizite-ne-shkollen-speciale-te-femijeve-me-aftesi-te-kufizuara\\\/\",\"url\":\"https:\\\/\\\/durres.gov.al\\\/2021\\\/06\\\/01\\\/1-qershori-kryebashkiakja-e-durresit-emiriana-sako-vizite-ne-shkollen-speciale-te-femijeve-me-aftesi-te-kufizuara\\\/\",\"name\":\"1 qershori, kryebashkiakja e Durr\u00ebsit Emiriana Sako vizit\u00eb n\u00eb shkoll\u00ebn speciale t\u00eb f\u00ebmij\u00ebve me aft\u00ebsi t\u00eb kufizuara - Bashkia Durr\u00ebs\",\"isPartOf\":{\"@id\":\"https:\\\/\\\/durres.gov.al\\\/en\\\/#website\"},\"datePublished\":\"2021-06-01T10:40:52+00:00\",\"breadcrumb\":{\"@id\":\"https:\\\/\\\/durres.gov.al\\\/2021\\\/06\\\/01\\\/1-qershori-kryebashkiakja-e-durresit-emiriana-sako-vizite-ne-shkollen-speciale-te-femijeve-me-aftesi-te-kufizuara\\\/#breadcrumb\"},\"inLanguage\":\"en-US\",\"potentialAction\":[{\"@type\":\"ReadAction\",\"target\":[\"https:\\\/\\\/durres.gov.al\\\/2021\\\/06\\\/01\\\/1-qershori-kryebashkiakja-e-durresit-emiriana-sako-vizite-ne-shkollen-speciale-te-femijeve-me-aftesi-te-kufizuara\\\/\"]}]},{\"@type\":\"BreadcrumbList\",\"@id\":\"https:\\\/\\\/durres.gov.al\\\/2021\\\/06\\\/01\\\/1-qershori-kryebashkiakja-e-durresit-emiriana-sako-vizite-ne-shkollen-speciale-te-femijeve-me-aftesi-te-kufizuara\\\/#breadcrumb\",\"itemListElement\":[{\"@type\":\"ListItem\",\"position\":1,\"name\":\"Home\",\"item\":\"https:\\\/\\\/durres.gov.al\\\/\"},{\"@type\":\"ListItem\",\"position\":2,\"name\":\"1 qershori, kryebashkiakja e Durr\u00ebsit Emiriana Sako vizit\u00eb n\u00eb shkoll\u00ebn speciale t\u00eb f\u00ebmij\u00ebve me aft\u00ebsi t\u00eb kufizuara\"}]},{\"@type\":\"WebSite\",\"@id\":\"https:\\\/\\\/durres.gov.al\\\/en\\\/#website\",\"url\":\"https:\\\/\\\/durres.gov.al\\\/en\\\/\",\"name\":\"Bashkia Durr\u00ebs\",\"description\":\"Faqja Zyrtare n\u00eb Internet\",\"publisher\":{\"@id\":\"https:\\\/\\\/durres.gov.al\\\/en\\\/#organization\"},\"potentialAction\":[{\"@type\":\"SearchAction\",\"target\":{\"@type\":\"EntryPoint\",\"urlTemplate\":\"https:\\\/\\\/durres.gov.al\\\/en\\\/?s={search_term_string}\"},\"query-input\":{\"@type\":\"PropertyValueSpecification\",\"valueRequired\":true,\"valueName\":\"search_term_string\"}}],\"inLanguage\":\"en-US\"},{\"@type\":\"Organization\",\"@id\":\"https:\\\/\\\/durres.gov.al\\\/en\\\/#organization\",\"name\":\"Bashkia Durr\u00ebs\",\"url\":\"https:\\\/\\\/durres.gov.al\\\/en\\\/\",\"logo\":{\"@type\":\"ImageObject\",\"inLanguage\":\"en-US\",\"@id\":\"https:\\\/\\\/durres.gov.al\\\/en\\\/#\\\/schema\\\/logo\\\/image\\\/\",\"url\":\"https:\\\/\\\/durres.gov.al\\\/wp-content\\\/uploads\\\/2023\\\/01\\\/cropped-logo.png\",\"contentUrl\":\"https:\\\/\\\/durres.gov.al\\\/wp-content\\\/uploads\\\/2023\\\/01\\\/cropped-logo.png\",\"width\":512,\"height\":512,\"caption\":\"Bashkia Durr\u00ebs\"},\"image\":{\"@id\":\"https:\\\/\\\/durres.gov.al\\\/en\\\/#\\\/schema\\\/logo\\\/image\\\/\"}},{\"@type\":\"Person\",\"@id\":\"https:\\\/\\\/durres.gov.al\\\/en\\\/#\\\/schema\\\/person\\\/b635fa3d3fcab493eb6efe564996a856\",\"name\":\"admin\",\"sameAs\":[\"https:\\\/\\\/durres.gov.al\"],\"url\":\"https:\\\/\\\/durres.gov.al\\\/en\\\/author\\\/admin\\\/\"}]}<\/script>\n<!-- \/ Yoast SEO plugin. -->","yoast_head_json":{"title":"1 qershori, kryebashkiakja e Durr\u00ebsit Emiriana Sako vizit\u00eb n\u00eb shkoll\u00ebn speciale t\u00eb f\u00ebmij\u00ebve me aft\u00ebsi t\u00eb kufizuara - Bashkia Durr\u00ebs","robots":{"index":"index","follow":"follow","max-snippet":"max-snippet:-1","max-image-preview":"max-image-preview:large","max-video-preview":"max-video-preview:-1"},"canonical":"https:\/\/durres.gov.al\/en\/2021\/06\/01\/1-qershori-kryebashkiakja-e-durresit-emiriana-sako-vizite-ne-shkollen-speciale-te-femijeve-me-aftesi-te-kufizuara\/","og_locale":"en_US","og_type":"article","og_title":"1 qershori, kryebashkiakja e Durr\u00ebsit Emiriana Sako vizit\u00eb n\u00eb shkoll\u00ebn speciale t\u00eb f\u00ebmij\u00ebve me aft\u00ebsi t\u00eb kufizuara - Bashkia Durr\u00ebs","og_description":"Me rastin e 1 Qershorit, kryebashkiakja e Durr\u00ebsit, Emiriana Sako, ka vizituar shkoll\u00ebn speciale t\u00eb f\u00ebmij\u00ebve me aft\u00ebsi t\u00eb kufizuara. Gjat\u00eb ceremonis\u00eb festive t\u00eb organizuar nga f\u00ebmij\u00ebt e k\u00ebsaj shkolle kryebashkiakja Sako ka uruar t\u00eb gjith\u00eb f\u00ebmij\u00ebt p\u00ebr fest\u00ebn dhe u ka shp\u00ebrndar\u00eb dhurata f\u00ebmij\u00ebve t\u00eb k\u00ebsaj shkolle me k\u00ebt\u00eb rast. Kryebashkiakja Sako deklaroi se [&hellip;]","og_url":"https:\/\/durres.gov.al\/en\/2021\/06\/01\/1-qershori-kryebashkiakja-e-durresit-emiriana-sako-vizite-ne-shkollen-speciale-te-femijeve-me-aftesi-te-kufizuara\/","og_site_name":"Bashkia Durr\u00ebs","article_published_time":"2021-06-01T10:40:52+00:00","author":"admin","twitter_card":"summary_large_image","twitter_misc":{"Written by":"admin","Est. reading time":"1 minute"},"schema":{"@context":"https:\/\/schema.org","@graph":[{"@type":"Article","@id":"https:\/\/durres.gov.al\/2021\/06\/01\/1-qershori-kryebashkiakja-e-durresit-emiriana-sako-vizite-ne-shkollen-speciale-te-femijeve-me-aftesi-te-kufizuara\/#article","isPartOf":{"@id":"https:\/\/durres.gov.al\/2021\/06\/01\/1-qershori-kryebashkiakja-e-durresit-emiriana-sako-vizite-ne-shkollen-speciale-te-femijeve-me-aftesi-te-kufizuara\/"},"author":{"name":"admin","@id":"https:\/\/durres.gov.al\/en\/#\/schema\/person\/b635fa3d3fcab493eb6efe564996a856"},"headline":"1 qershori, kryebashkiakja e Durr\u00ebsit Emiriana Sako vizit\u00eb n\u00eb shkoll\u00ebn speciale t\u00eb f\u00ebmij\u00ebve me aft\u00ebsi t\u00eb kufizuara","datePublished":"2021-06-01T10:40:52+00:00","mainEntityOfPage":{"@id":"https:\/\/durres.gov.al\/2021\/06\/01\/1-qershori-kryebashkiakja-e-durresit-emiriana-sako-vizite-ne-shkollen-speciale-te-femijeve-me-aftesi-te-kufizuara\/"},"wordCount":234,"commentCount":0,"publisher":{"@id":"https:\/\/durres.gov.al\/en\/#organization"},"articleSection":["Zyra e Shtypit"],"inLanguage":"en-US","potentialAction":[{"@type":"CommentAction","name":"Comment","target":["https:\/\/durres.gov.al\/2021\/06\/01\/1-qershori-kryebashkiakja-e-durresit-emiriana-sako-vizite-ne-shkollen-speciale-te-femijeve-me-aftesi-te-kufizuara\/#respond"]}]},{"@type":"WebPage","@id":"https:\/\/durres.gov.al\/2021\/06\/01\/1-qershori-kryebashkiakja-e-durresit-emiriana-sako-vizite-ne-shkollen-speciale-te-femijeve-me-aftesi-te-kufizuara\/","url":"https:\/\/durres.gov.al\/2021\/06\/01\/1-qershori-kryebashkiakja-e-durresit-emiriana-sako-vizite-ne-shkollen-speciale-te-femijeve-me-aftesi-te-kufizuara\/","name":"1 qershori, kryebashkiakja e Durr\u00ebsit Emiriana Sako vizit\u00eb n\u00eb shkoll\u00ebn speciale t\u00eb f\u00ebmij\u00ebve me aft\u00ebsi t\u00eb kufizuara - Bashkia Durr\u00ebs","isPartOf":{"@id":"https:\/\/durres.gov.al\/en\/#website"},"datePublished":"2021-06-01T10:40:52+00:00","breadcrumb":{"@id":"https:\/\/durres.gov.al\/2021\/06\/01\/1-qershori-kryebashkiakja-e-durresit-emiriana-sako-vizite-ne-shkollen-speciale-te-femijeve-me-aftesi-te-kufizuara\/#breadcrumb"},"inLanguage":"en-US","potentialAction":[{"@type":"ReadAction","target":["https:\/\/durres.gov.al\/2021\/06\/01\/1-qershori-kryebashkiakja-e-durresit-emiriana-sako-vizite-ne-shkollen-speciale-te-femijeve-me-aftesi-te-kufizuara\/"]}]},{"@type":"BreadcrumbList","@id":"https:\/\/durres.gov.al\/2021\/06\/01\/1-qershori-kryebashkiakja-e-durresit-emiriana-sako-vizite-ne-shkollen-speciale-te-femijeve-me-aftesi-te-kufizuara\/#breadcrumb","itemListElement":[{"@type":"ListItem","position":1,"name":"Home","item":"https:\/\/durres.gov.al\/"},{"@type":"ListItem","position":2,"name":"1 qershori, kryebashkiakja e Durr\u00ebsit Emiriana Sako vizit\u00eb n\u00eb shkoll\u00ebn speciale t\u00eb f\u00ebmij\u00ebve me aft\u00ebsi t\u00eb kufizuara"}]},{"@type":"WebSite","@id":"https:\/\/durres.gov.al\/en\/#website","url":"https:\/\/durres.gov.al\/en\/","name":"Municipality of Durr\u00ebs","description":"Faqja Zyrtare n\u00eb Internet","publisher":{"@id":"https:\/\/durres.gov.al\/en\/#organization"},"potentialAction":[{"@type":"SearchAction","target":{"@type":"EntryPoint","urlTemplate":"https:\/\/durres.gov.al\/en\/?s={search_term_string}"},"query-input":{"@type":"PropertyValueSpecification","valueRequired":true,"valueName":"search_term_string"}}],"inLanguage":"en-US"},{"@type":"Organization","@id":"https:\/\/durres.gov.al\/en\/#organization","name":"Municipality of Durr\u00ebs","url":"https:\/\/durres.gov.al\/en\/","logo":{"@type":"ImageObject","inLanguage":"en-US","@id":"https:\/\/durres.gov.al\/en\/#\/schema\/logo\/image\/","url":"https:\/\/durres.gov.al\/wp-content\/uploads\/2023\/01\/cropped-logo.png","contentUrl":"https:\/\/durres.gov.al\/wp-content\/uploads\/2023\/01\/cropped-logo.png","width":512,"height":512,"caption":"Bashkia Durr\u00ebs"},"image":{"@id":"https:\/\/durres.gov.al\/en\/#\/schema\/logo\/image\/"}},{"@type":"Person","@id":"https:\/\/durres.gov.al\/en\/#\/schema\/person\/b635fa3d3fcab493eb6efe564996a856","name":"admin","sameAs":["https:\/\/durres.gov.al"],"url":"https:\/\/durres.gov.al\/en\/author\/admin\/"}]}},"_links":{"self":[{"href":"https:\/\/durres.gov.al\/en\/wp-json\/wp\/v2\/posts\/17233","targetHints":{"allow":["GET"]}}],"collection":[{"href":"https:\/\/durres.gov.al\/en\/wp-json\/wp\/v2\/posts"}],"about":[{"href":"https:\/\/durres.gov.al\/en\/wp-json\/wp\/v2\/types\/post"}],"author":[{"embeddable":true,"href":"https:\/\/durres.gov.al\/en\/wp-json\/wp\/v2\/users\/4"}],"replies":[{"embeddable":true,"href":"https:\/\/durres.gov.al\/en\/wp-json\/wp\/v2\/comments?post=17233"}],"version-history":[{"count":0,"href":"https:\/\/durres.gov.al\/en\/wp-json\/wp\/v2\/posts\/17233\/revisions"}],"wp:attachment":[{"href":"https:\/\/durres.gov.al\/en\/wp-json\/wp\/v2\/media?parent=17233"}],"wp:term":[{"taxonomy":"category","embeddable":true,"href":"https:\/\/durres.gov.al\/en\/wp-json\/wp\/v2\/categories?post=17233"},{"taxonomy":"post_tag","embeddable":true,"href":"https:\/\/durres.gov.al\/en\/wp-json\/wp\/v2\/tags?post=17233"}],"curies":[{"name":"wp","href":"https:\/\/api.w.org\/{rel}","templated":true}]}}