{"id":19325,"date":"2023-06-21T14:06:40","date_gmt":"2023-06-21T14:06:40","guid":{"rendered":"https:\/\/durres.gov.al\/?p=19325"},"modified":"2023-06-21T14:06:40","modified_gmt":"2023-06-21T14:06:40","slug":"kryebashkiakja-e-durresit-emiriana-sako-ben-betimin-ne-keshillin-bashkiak","status":"publish","type":"post","link":"https:\/\/durres.gov.al\/en\/2023\/06\/21\/kryebashkiakja-e-durresit-emiriana-sako-ben-betimin-ne-keshillin-bashkiak\/","title":{"rendered":"Kryebashkiakja e Durr\u00ebsit Emiriana Sako b\u00ebn betimin n\u00eb k\u00ebshillin bashkiak."},"content":{"rendered":"<p>Kryetarja e bashkis\u00eb s\u00eb Durr\u00ebsit Emiriana Sako ka b\u00ebr\u00eb betimin p\u00ebrpara k\u00ebshillit bashkiak p\u00ebr mandatin 2023 \u2013 2027. Pas betimit kryebashkiakja Sako deklaroi se do t\u00eb vijoj\u00eb puna p\u00ebr transformimin e Durr\u00ebsit drejt nj\u00eb qyteti turistik evropian: \u201cI uroj k\u00ebtij k\u00ebshilli t\u00eb ri bashkiak pun\u00eb t\u00eb mbar\u00eb me besimin se t\u00eb gjith\u00eb s\u00eb bashku do t\u00eb punojm\u00eb n\u00eb funksion t\u00eb interesave t\u00eb qytetit dhe qytetar\u00ebve. Falenderoj t\u00eb gjith\u00eb qytetar\u00ebt e Durr\u00ebsit p\u00ebr besimin dhe i garantoj se do t\u00eb vazhdojm\u00eb pun\u00ebn p\u00ebr transformimin e qytetit ton\u00eb drejt nj\u00eb qyteti turistik evropian. Kjo detyr\u00eb \u00ebsht\u00eb nj\u00eb privilegj por edhe nj\u00eb p\u00ebrgjegj\u00ebsi  e madhe q\u00eb m\u00eb jep mund\u00ebsin\u00eb ti sh\u00ebrbej me p\u00ebrkushtim e pasion qytetit dhe t\u00eb gjith\u00eb qytetar\u00ebve t\u00eb Durr\u00ebsit pa asnj\u00eb dallim. Kam detyrimin ti shkoj deri n\u00eb fund t\u00eb gjitha angazhimeve q\u00eb kemi marr\u00eb p\u00ebrpara qytetar\u00ebve. Jam krenare q\u00eb t\u00eb gjith\u00eb s\u00eb bashku do t\u00eb vazhdojm\u00eb rrug\u00ebtimin p\u00ebr zhvillimin e Durr\u00ebsit. Kat\u00ebr vite n\u00eb fakt nuk jan\u00eb shum\u00eb por un\u00eb besoj jan\u00eb mjaftuesh\u00ebm p\u00ebr t\u00eb qen\u00eb bashk\u00ebudh\u00ebtar\u00eb n\u00eb nj\u00eb etap\u00eb t\u00eb r\u00ebnd\u00ebsishme t\u00eb zhvillimit t\u00eb qytetit ton\u00eb p\u00ebrmes projekteve madhore.\u201d Betimi i kryebashkiakes Emiriana Sako u krye gjat\u00eb procesit t\u00eb konstituimit t\u00eb k\u00ebshillit bashkiak ku fillimisht an\u00ebtar\u00ebt e k\u00ebtij k\u00ebshilli jan\u00eb betuar dhe ka\u00ebn nisur zyrtarisht detyr\u00ebn. M\u00eb pas jan\u00eb zgjedhur me votim kryetari i k\u00ebshillit bashkiak Ani Dyrmishi, dy n\u00ebnkryetar\u00ebt Alneida Rroshi dhe Edlira Devolli, si dhe p\u00ebrfaq\u00ebsuesit e bashkis\u00eb n\u00eb k\u00ebshillin e Qarkut Durr\u00ebs.<\/p>","protected":false},"excerpt":{"rendered":"<p>Kryetarja e bashkis\u00eb s\u00eb Durr\u00ebsit Emiriana Sako ka b\u00ebr\u00eb betimin p\u00ebrpara k\u00ebshillit bashkiak p\u00ebr mandatin 2023 \u2013 2027. Pas betimit kryebashkiakja Sako deklaroi se do t\u00eb vijoj\u00eb puna p\u00ebr transformimin e Durr\u00ebsit drejt nj\u00eb qyteti turistik evropian: \u201cI uroj k\u00ebtij k\u00ebshilli t\u00eb ri bashkiak pun\u00eb t\u00eb mbar\u00eb me besimin se t\u00eb gjith\u00eb s\u00eb bashku do [&hellip;]<\/p>\n","protected":false},"author":4,"featured_media":19326,"comment_status":"open","ping_status":"closed","sticky":false,"template":"","format":"standard","meta":{"_acf_changed":false,"footnotes":""},"categories":[38],"tags":[],"class_list":["post-19325","post","type-post","status-publish","format-standard","has-post-thumbnail","hentry","category-zyra-e-shtypit-prane-kryetarit"],"acf":[],"yoast_head":"<!-- This site is optimized with the Yoast SEO plugin v27.4 - https:\/\/yoast.com\/product\/yoast-seo-wordpress\/ -->\n<title>Kryebashkiakja e Durr\u00ebsit Emiriana Sako b\u00ebn betimin n\u00eb k\u00ebshillin bashkiak. - Bashkia Durr\u00ebs<\/title>\n<meta name=\"robots\" content=\"index, follow, max-snippet:-1, max-image-preview:large, max-video-preview:-1\" \/>\n<link rel=\"canonical\" href=\"https:\/\/durres.gov.al\/en\/2023\/06\/21\/kryebashkiakja-e-durresit-emiriana-sako-ben-betimin-ne-keshillin-bashkiak\/\" \/>\n<meta property=\"og:locale\" content=\"en_US\" \/>\n<meta property=\"og:type\" content=\"article\" \/>\n<meta property=\"og:title\" content=\"Kryebashkiakja e Durr\u00ebsit Emiriana Sako b\u00ebn betimin n\u00eb k\u00ebshillin bashkiak. - Bashkia Durr\u00ebs\" \/>\n<meta property=\"og:description\" content=\"Kryetarja e bashkis\u00eb s\u00eb Durr\u00ebsit Emiriana Sako ka b\u00ebr\u00eb betimin p\u00ebrpara k\u00ebshillit bashkiak p\u00ebr mandatin 2023 \u2013 2027. Pas betimit kryebashkiakja Sako deklaroi se do t\u00eb vijoj\u00eb puna p\u00ebr transformimin e Durr\u00ebsit drejt nj\u00eb qyteti turistik evropian: \u201cI uroj k\u00ebtij k\u00ebshilli t\u00eb ri bashkiak pun\u00eb t\u00eb mbar\u00eb me besimin se t\u00eb gjith\u00eb s\u00eb bashku do [&hellip;]\" \/>\n<meta property=\"og:url\" content=\"https:\/\/durres.gov.al\/en\/2023\/06\/21\/kryebashkiakja-e-durresit-emiriana-sako-ben-betimin-ne-keshillin-bashkiak\/\" \/>\n<meta property=\"og:site_name\" content=\"Bashkia Durr\u00ebs\" \/>\n<meta property=\"article:published_time\" content=\"2023-06-21T14:06:40+00:00\" \/>\n<meta property=\"og:image\" content=\"https:\/\/durres.gov.al\/wp-content\/uploads\/2023\/06\/unnamed-4.jpg\" \/>\n\t<meta property=\"og:image:width\" content=\"1440\" \/>\n\t<meta property=\"og:image:height\" content=\"1080\" \/>\n\t<meta property=\"og:image:type\" content=\"image\/jpeg\" \/>\n<meta name=\"author\" content=\"admin\" \/>\n<meta name=\"twitter:card\" content=\"summary_large_image\" \/>\n<meta name=\"twitter:label1\" content=\"Written by\" \/>\n\t<meta name=\"twitter:data1\" content=\"admin\" \/>\n\t<meta name=\"twitter:label2\" content=\"Est. reading time\" \/>\n\t<meta name=\"twitter:data2\" content=\"1 minute\" \/>\n<script type=\"application\/ld+json\" class=\"yoast-schema-graph\">{\"@context\":\"https:\\\/\\\/schema.org\",\"@graph\":[{\"@type\":\"Article\",\"@id\":\"https:\\\/\\\/durres.gov.al\\\/2023\\\/06\\\/21\\\/kryebashkiakja-e-durresit-emiriana-sako-ben-betimin-ne-keshillin-bashkiak\\\/#article\",\"isPartOf\":{\"@id\":\"https:\\\/\\\/durres.gov.al\\\/2023\\\/06\\\/21\\\/kryebashkiakja-e-durresit-emiriana-sako-ben-betimin-ne-keshillin-bashkiak\\\/\"},\"author\":{\"name\":\"admin\",\"@id\":\"https:\\\/\\\/durres.gov.al\\\/en\\\/#\\\/schema\\\/person\\\/b635fa3d3fcab493eb6efe564996a856\"},\"headline\":\"Kryebashkiakja e Durr\u00ebsit Emiriana Sako b\u00ebn betimin n\u00eb k\u00ebshillin bashkiak.\",\"datePublished\":\"2023-06-21T14:06:40+00:00\",\"mainEntityOfPage\":{\"@id\":\"https:\\\/\\\/durres.gov.al\\\/2023\\\/06\\\/21\\\/kryebashkiakja-e-durresit-emiriana-sako-ben-betimin-ne-keshillin-bashkiak\\\/\"},\"wordCount\":296,\"commentCount\":0,\"publisher\":{\"@id\":\"https:\\\/\\\/durres.gov.al\\\/en\\\/#organization\"},\"image\":{\"@id\":\"https:\\\/\\\/durres.gov.al\\\/2023\\\/06\\\/21\\\/kryebashkiakja-e-durresit-emiriana-sako-ben-betimin-ne-keshillin-bashkiak\\\/#primaryimage\"},\"thumbnailUrl\":\"https:\\\/\\\/durres.gov.al\\\/wp-content\\\/uploads\\\/2023\\\/06\\\/unnamed-4.jpg\",\"articleSection\":[\"Zyra e Shtypit\"],\"inLanguage\":\"en-US\",\"potentialAction\":[{\"@type\":\"CommentAction\",\"name\":\"Comment\",\"target\":[\"https:\\\/\\\/durres.gov.al\\\/2023\\\/06\\\/21\\\/kryebashkiakja-e-durresit-emiriana-sako-ben-betimin-ne-keshillin-bashkiak\\\/#respond\"]}]},{\"@type\":\"WebPage\",\"@id\":\"https:\\\/\\\/durres.gov.al\\\/2023\\\/06\\\/21\\\/kryebashkiakja-e-durresit-emiriana-sako-ben-betimin-ne-keshillin-bashkiak\\\/\",\"url\":\"https:\\\/\\\/durres.gov.al\\\/2023\\\/06\\\/21\\\/kryebashkiakja-e-durresit-emiriana-sako-ben-betimin-ne-keshillin-bashkiak\\\/\",\"name\":\"Kryebashkiakja e Durr\u00ebsit Emiriana Sako b\u00ebn betimin n\u00eb k\u00ebshillin bashkiak. - Bashkia Durr\u00ebs\",\"isPartOf\":{\"@id\":\"https:\\\/\\\/durres.gov.al\\\/en\\\/#website\"},\"primaryImageOfPage\":{\"@id\":\"https:\\\/\\\/durres.gov.al\\\/2023\\\/06\\\/21\\\/kryebashkiakja-e-durresit-emiriana-sako-ben-betimin-ne-keshillin-bashkiak\\\/#primaryimage\"},\"image\":{\"@id\":\"https:\\\/\\\/durres.gov.al\\\/2023\\\/06\\\/21\\\/kryebashkiakja-e-durresit-emiriana-sako-ben-betimin-ne-keshillin-bashkiak\\\/#primaryimage\"},\"thumbnailUrl\":\"https:\\\/\\\/durres.gov.al\\\/wp-content\\\/uploads\\\/2023\\\/06\\\/unnamed-4.jpg\",\"datePublished\":\"2023-06-21T14:06:40+00:00\",\"breadcrumb\":{\"@id\":\"https:\\\/\\\/durres.gov.al\\\/2023\\\/06\\\/21\\\/kryebashkiakja-e-durresit-emiriana-sako-ben-betimin-ne-keshillin-bashkiak\\\/#breadcrumb\"},\"inLanguage\":\"en-US\",\"potentialAction\":[{\"@type\":\"ReadAction\",\"target\":[\"https:\\\/\\\/durres.gov.al\\\/2023\\\/06\\\/21\\\/kryebashkiakja-e-durresit-emiriana-sako-ben-betimin-ne-keshillin-bashkiak\\\/\"]}]},{\"@type\":\"ImageObject\",\"inLanguage\":\"en-US\",\"@id\":\"https:\\\/\\\/durres.gov.al\\\/2023\\\/06\\\/21\\\/kryebashkiakja-e-durresit-emiriana-sako-ben-betimin-ne-keshillin-bashkiak\\\/#primaryimage\",\"url\":\"https:\\\/\\\/durres.gov.al\\\/wp-content\\\/uploads\\\/2023\\\/06\\\/unnamed-4.jpg\",\"contentUrl\":\"https:\\\/\\\/durres.gov.al\\\/wp-content\\\/uploads\\\/2023\\\/06\\\/unnamed-4.jpg\",\"width\":1440,\"height\":1080},{\"@type\":\"BreadcrumbList\",\"@id\":\"https:\\\/\\\/durres.gov.al\\\/2023\\\/06\\\/21\\\/kryebashkiakja-e-durresit-emiriana-sako-ben-betimin-ne-keshillin-bashkiak\\\/#breadcrumb\",\"itemListElement\":[{\"@type\":\"ListItem\",\"position\":1,\"name\":\"Home\",\"item\":\"https:\\\/\\\/durres.gov.al\\\/\"},{\"@type\":\"ListItem\",\"position\":2,\"name\":\"Kryebashkiakja e Durr\u00ebsit Emiriana Sako b\u00ebn betimin n\u00eb k\u00ebshillin bashkiak.\"}]},{\"@type\":\"WebSite\",\"@id\":\"https:\\\/\\\/durres.gov.al\\\/en\\\/#website\",\"url\":\"https:\\\/\\\/durres.gov.al\\\/en\\\/\",\"name\":\"Bashkia Durr\u00ebs\",\"description\":\"Faqja Zyrtare n\u00eb Internet\",\"publisher\":{\"@id\":\"https:\\\/\\\/durres.gov.al\\\/en\\\/#organization\"},\"potentialAction\":[{\"@type\":\"SearchAction\",\"target\":{\"@type\":\"EntryPoint\",\"urlTemplate\":\"https:\\\/\\\/durres.gov.al\\\/en\\\/?s={search_term_string}\"},\"query-input\":{\"@type\":\"PropertyValueSpecification\",\"valueRequired\":true,\"valueName\":\"search_term_string\"}}],\"inLanguage\":\"en-US\"},{\"@type\":\"Organization\",\"@id\":\"https:\\\/\\\/durres.gov.al\\\/en\\\/#organization\",\"name\":\"Bashkia Durr\u00ebs\",\"url\":\"https:\\\/\\\/durres.gov.al\\\/en\\\/\",\"logo\":{\"@type\":\"ImageObject\",\"inLanguage\":\"en-US\",\"@id\":\"https:\\\/\\\/durres.gov.al\\\/en\\\/#\\\/schema\\\/logo\\\/image\\\/\",\"url\":\"https:\\\/\\\/durres.gov.al\\\/wp-content\\\/uploads\\\/2023\\\/01\\\/cropped-logo.png\",\"contentUrl\":\"https:\\\/\\\/durres.gov.al\\\/wp-content\\\/uploads\\\/2023\\\/01\\\/cropped-logo.png\",\"width\":512,\"height\":512,\"caption\":\"Bashkia Durr\u00ebs\"},\"image\":{\"@id\":\"https:\\\/\\\/durres.gov.al\\\/en\\\/#\\\/schema\\\/logo\\\/image\\\/\"}},{\"@type\":\"Person\",\"@id\":\"https:\\\/\\\/durres.gov.al\\\/en\\\/#\\\/schema\\\/person\\\/b635fa3d3fcab493eb6efe564996a856\",\"name\":\"admin\",\"sameAs\":[\"https:\\\/\\\/durres.gov.al\"],\"url\":\"https:\\\/\\\/durres.gov.al\\\/en\\\/author\\\/admin\\\/\"}]}<\/script>\n<!-- \/ Yoast SEO plugin. -->","yoast_head_json":{"title":"Kryebashkiakja e Durr\u00ebsit Emiriana Sako b\u00ebn betimin n\u00eb k\u00ebshillin bashkiak. - Bashkia Durr\u00ebs","robots":{"index":"index","follow":"follow","max-snippet":"max-snippet:-1","max-image-preview":"max-image-preview:large","max-video-preview":"max-video-preview:-1"},"canonical":"https:\/\/durres.gov.al\/en\/2023\/06\/21\/kryebashkiakja-e-durresit-emiriana-sako-ben-betimin-ne-keshillin-bashkiak\/","og_locale":"en_US","og_type":"article","og_title":"Kryebashkiakja e Durr\u00ebsit Emiriana Sako b\u00ebn betimin n\u00eb k\u00ebshillin bashkiak. - Bashkia Durr\u00ebs","og_description":"Kryetarja e bashkis\u00eb s\u00eb Durr\u00ebsit Emiriana Sako ka b\u00ebr\u00eb betimin p\u00ebrpara k\u00ebshillit bashkiak p\u00ebr mandatin 2023 \u2013 2027. Pas betimit kryebashkiakja Sako deklaroi se do t\u00eb vijoj\u00eb puna p\u00ebr transformimin e Durr\u00ebsit drejt nj\u00eb qyteti turistik evropian: \u201cI uroj k\u00ebtij k\u00ebshilli t\u00eb ri bashkiak pun\u00eb t\u00eb mbar\u00eb me besimin se t\u00eb gjith\u00eb s\u00eb bashku do [&hellip;]","og_url":"https:\/\/durres.gov.al\/en\/2023\/06\/21\/kryebashkiakja-e-durresit-emiriana-sako-ben-betimin-ne-keshillin-bashkiak\/","og_site_name":"Bashkia Durr\u00ebs","article_published_time":"2023-06-21T14:06:40+00:00","og_image":[{"width":1440,"height":1080,"url":"https:\/\/durres.gov.al\/wp-content\/uploads\/2023\/06\/unnamed-4.jpg","type":"image\/jpeg"}],"author":"admin","twitter_card":"summary_large_image","twitter_misc":{"Written by":"admin","Est. reading time":"1 minute"},"schema":{"@context":"https:\/\/schema.org","@graph":[{"@type":"Article","@id":"https:\/\/durres.gov.al\/2023\/06\/21\/kryebashkiakja-e-durresit-emiriana-sako-ben-betimin-ne-keshillin-bashkiak\/#article","isPartOf":{"@id":"https:\/\/durres.gov.al\/2023\/06\/21\/kryebashkiakja-e-durresit-emiriana-sako-ben-betimin-ne-keshillin-bashkiak\/"},"author":{"name":"admin","@id":"https:\/\/durres.gov.al\/en\/#\/schema\/person\/b635fa3d3fcab493eb6efe564996a856"},"headline":"Kryebashkiakja e Durr\u00ebsit Emiriana Sako b\u00ebn betimin n\u00eb k\u00ebshillin bashkiak.","datePublished":"2023-06-21T14:06:40+00:00","mainEntityOfPage":{"@id":"https:\/\/durres.gov.al\/2023\/06\/21\/kryebashkiakja-e-durresit-emiriana-sako-ben-betimin-ne-keshillin-bashkiak\/"},"wordCount":296,"commentCount":0,"publisher":{"@id":"https:\/\/durres.gov.al\/en\/#organization"},"image":{"@id":"https:\/\/durres.gov.al\/2023\/06\/21\/kryebashkiakja-e-durresit-emiriana-sako-ben-betimin-ne-keshillin-bashkiak\/#primaryimage"},"thumbnailUrl":"https:\/\/durres.gov.al\/wp-content\/uploads\/2023\/06\/unnamed-4.jpg","articleSection":["Zyra e Shtypit"],"inLanguage":"en-US","potentialAction":[{"@type":"CommentAction","name":"Comment","target":["https:\/\/durres.gov.al\/2023\/06\/21\/kryebashkiakja-e-durresit-emiriana-sako-ben-betimin-ne-keshillin-bashkiak\/#respond"]}]},{"@type":"WebPage","@id":"https:\/\/durres.gov.al\/2023\/06\/21\/kryebashkiakja-e-durresit-emiriana-sako-ben-betimin-ne-keshillin-bashkiak\/","url":"https:\/\/durres.gov.al\/2023\/06\/21\/kryebashkiakja-e-durresit-emiriana-sako-ben-betimin-ne-keshillin-bashkiak\/","name":"Kryebashkiakja e Durr\u00ebsit Emiriana Sako b\u00ebn betimin n\u00eb k\u00ebshillin bashkiak. - Bashkia Durr\u00ebs","isPartOf":{"@id":"https:\/\/durres.gov.al\/en\/#website"},"primaryImageOfPage":{"@id":"https:\/\/durres.gov.al\/2023\/06\/21\/kryebashkiakja-e-durresit-emiriana-sako-ben-betimin-ne-keshillin-bashkiak\/#primaryimage"},"image":{"@id":"https:\/\/durres.gov.al\/2023\/06\/21\/kryebashkiakja-e-durresit-emiriana-sako-ben-betimin-ne-keshillin-bashkiak\/#primaryimage"},"thumbnailUrl":"https:\/\/durres.gov.al\/wp-content\/uploads\/2023\/06\/unnamed-4.jpg","datePublished":"2023-06-21T14:06:40+00:00","breadcrumb":{"@id":"https:\/\/durres.gov.al\/2023\/06\/21\/kryebashkiakja-e-durresit-emiriana-sako-ben-betimin-ne-keshillin-bashkiak\/#breadcrumb"},"inLanguage":"en-US","potentialAction":[{"@type":"ReadAction","target":["https:\/\/durres.gov.al\/2023\/06\/21\/kryebashkiakja-e-durresit-emiriana-sako-ben-betimin-ne-keshillin-bashkiak\/"]}]},{"@type":"ImageObject","inLanguage":"en-US","@id":"https:\/\/durres.gov.al\/2023\/06\/21\/kryebashkiakja-e-durresit-emiriana-sako-ben-betimin-ne-keshillin-bashkiak\/#primaryimage","url":"https:\/\/durres.gov.al\/wp-content\/uploads\/2023\/06\/unnamed-4.jpg","contentUrl":"https:\/\/durres.gov.al\/wp-content\/uploads\/2023\/06\/unnamed-4.jpg","width":1440,"height":1080},{"@type":"BreadcrumbList","@id":"https:\/\/durres.gov.al\/2023\/06\/21\/kryebashkiakja-e-durresit-emiriana-sako-ben-betimin-ne-keshillin-bashkiak\/#breadcrumb","itemListElement":[{"@type":"ListItem","position":1,"name":"Home","item":"https:\/\/durres.gov.al\/"},{"@type":"ListItem","position":2,"name":"Kryebashkiakja e Durr\u00ebsit Emiriana Sako b\u00ebn betimin n\u00eb k\u00ebshillin bashkiak."}]},{"@type":"WebSite","@id":"https:\/\/durres.gov.al\/en\/#website","url":"https:\/\/durres.gov.al\/en\/","name":"Municipality of Durr\u00ebs","description":"Faqja Zyrtare n\u00eb Internet","publisher":{"@id":"https:\/\/durres.gov.al\/en\/#organization"},"potentialAction":[{"@type":"SearchAction","target":{"@type":"EntryPoint","urlTemplate":"https:\/\/durres.gov.al\/en\/?s={search_term_string}"},"query-input":{"@type":"PropertyValueSpecification","valueRequired":true,"valueName":"search_term_string"}}],"inLanguage":"en-US"},{"@type":"Organization","@id":"https:\/\/durres.gov.al\/en\/#organization","name":"Municipality of Durr\u00ebs","url":"https:\/\/durres.gov.al\/en\/","logo":{"@type":"ImageObject","inLanguage":"en-US","@id":"https:\/\/durres.gov.al\/en\/#\/schema\/logo\/image\/","url":"https:\/\/durres.gov.al\/wp-content\/uploads\/2023\/01\/cropped-logo.png","contentUrl":"https:\/\/durres.gov.al\/wp-content\/uploads\/2023\/01\/cropped-logo.png","width":512,"height":512,"caption":"Bashkia Durr\u00ebs"},"image":{"@id":"https:\/\/durres.gov.al\/en\/#\/schema\/logo\/image\/"}},{"@type":"Person","@id":"https:\/\/durres.gov.al\/en\/#\/schema\/person\/b635fa3d3fcab493eb6efe564996a856","name":"admin","sameAs":["https:\/\/durres.gov.al"],"url":"https:\/\/durres.gov.al\/en\/author\/admin\/"}]}},"_links":{"self":[{"href":"https:\/\/durres.gov.al\/en\/wp-json\/wp\/v2\/posts\/19325","targetHints":{"allow":["GET"]}}],"collection":[{"href":"https:\/\/durres.gov.al\/en\/wp-json\/wp\/v2\/posts"}],"about":[{"href":"https:\/\/durres.gov.al\/en\/wp-json\/wp\/v2\/types\/post"}],"author":[{"embeddable":true,"href":"https:\/\/durres.gov.al\/en\/wp-json\/wp\/v2\/users\/4"}],"replies":[{"embeddable":true,"href":"https:\/\/durres.gov.al\/en\/wp-json\/wp\/v2\/comments?post=19325"}],"version-history":[{"count":0,"href":"https:\/\/durres.gov.al\/en\/wp-json\/wp\/v2\/posts\/19325\/revisions"}],"wp:featuredmedia":[{"embeddable":true,"href":"https:\/\/durres.gov.al\/en\/wp-json\/wp\/v2\/media\/19326"}],"wp:attachment":[{"href":"https:\/\/durres.gov.al\/en\/wp-json\/wp\/v2\/media?parent=19325"}],"wp:term":[{"taxonomy":"category","embeddable":true,"href":"https:\/\/durres.gov.al\/en\/wp-json\/wp\/v2\/categories?post=19325"},{"taxonomy":"post_tag","embeddable":true,"href":"https:\/\/durres.gov.al\/en\/wp-json\/wp\/v2\/tags?post=19325"}],"curies":[{"name":"wp","href":"https:\/\/api.w.org\/{rel}","templated":true}]}}