{"id":21088,"date":"2023-11-10T10:36:05","date_gmt":"2023-11-10T10:36:05","guid":{"rendered":"https:\/\/durres.gov.al\/?p=21088"},"modified":"2023-12-21T10:24:40","modified_gmt":"2023-12-21T10:24:40","slug":"kryetarja-e-bashkise-se-durresit-emiriana-sako-mori-pjese-ne-konferencen-e-kryetareve-te-bashkive-act-now-2023-ne-bruksel","status":"publish","type":"post","link":"https:\/\/durres.gov.al\/en\/2023\/11\/10\/kryetarja-e-bashkise-se-durresit-emiriana-sako-mori-pjese-ne-konferencen-e-kryetareve-te-bashkive-act-now-2023-ne-bruksel\/","title":{"rendered":"Kryetarja e bashkis\u00eb s\u00eb Durr\u00ebsit Emiriana Sako mori pjes\u00eb n\u00eb konferenc\u00ebn e kryetar\u00ebve t\u00eb bashkive \u201cAct Now 2023\u201d n\u00eb Bruksel"},"content":{"rendered":"<p>Kryetarja e bashkis\u00eb s\u00eb Durr\u00ebsit Emiriana Sako ka marr\u00eb pjes\u00eb n\u00eb konferenc\u00ebn e kryetar\u00ebve t\u00eb bashkive \u201cAct Now 2023\u201d zhvilluar n\u00eb Komitetin Evropian p\u00ebr Rajonet n\u00eb Bruksel n\u00eb kuad\u00ebr t\u00eb European Capital of Democracy Network. Bashkia e Durr\u00ebsit \u00ebsht\u00eb an\u00ebtare e k\u00ebtij rrjeti q\u00eb nga korriku i k\u00ebtij viti. Kryebashkiakja Sako mori pjes\u00eb n\u00eb sesionin me tem\u00eb \u201cNxitja e zhvillimit: Fuqia e Autonomis\u00eb Lokale\u201d. N\u00eb panel ajo ishte s\u00eb bashku me Kelmend Zajazi, Drejtori Ekzekutiv i NALAS (Rrjeti i Shoqatave t\u00eb Autoriteteve Lokale t\u00eb Evrop\u00ebs Juglindore) n\u00ebn moderimin e Thomas Prorok, Drejtor Menaxhues i KDZ (Qendra p\u00ebr K\u00ebrkime n\u00eb Administrat\u00ebn Publike). N\u00eb diskutimin e saj kryebashkiakja Sako prezantoi p\u00ebrpara pjes\u00ebmarr\u00ebsve vlerat e jasht\u00ebzakonshme t\u00eb Durr\u00ebsit, sfidat e zhvillimit t\u00eb qytetit ton\u00eb si dhe projektet madhore q\u00eb po e transformojn\u00eb at\u00eb. M\u00eb pas ajo u ndal n\u00eb \u00e7\u00ebshtjet q\u00eb kan\u00eb t\u00eb b\u00ebjn\u00eb me decentralizimin dhe autonomin\u00eb vendore, fuqizimin e k\u00ebsaj autonomie pas reform\u00ebs administrative territoriale si dhe objektivat q\u00eb ka bashkia e Durr\u00ebsit n\u00eb vijim, n\u00eb funksion t\u00eb sh\u00ebrbimit sa m\u00eb t\u00eb shpejt\u00eb e cil\u00ebsor ndaj qytetar\u00ebve. Kryetarja e bashkis\u00eb s\u00eb Durr\u00ebsit Emiriana Sako shprehu gjithashtu gatishm\u00ebrin\u00eb p\u00ebr bashk\u00ebpunime t\u00eb ngushta me qytete t\u00eb ndryshme t\u00eb Evrop\u00ebs n\u00eb shum\u00eb fusha.<img fetchpriority=\"high\" decoding=\"async\" class=\"alignnone size-large wp-image-21089\" src=\"https:\/\/durres.gov.al\/wp-content\/uploads\/2023\/11\/foto-1024x682.png\" alt=\"\" width=\"847\" height=\"564\" srcset=\"https:\/\/durres.gov.al\/wp-content\/uploads\/2023\/11\/foto-1024x682.png 1024w, https:\/\/durres.gov.al\/wp-content\/uploads\/2023\/11\/foto-300x200.png 300w, https:\/\/durres.gov.al\/wp-content\/uploads\/2023\/11\/foto-768x512.png 768w, https:\/\/durres.gov.al\/wp-content\/uploads\/2023\/11\/foto-1536x1023.png 1536w, https:\/\/durres.gov.al\/wp-content\/uploads\/2023\/11\/foto-450x300.png 450w, https:\/\/durres.gov.al\/wp-content\/uploads\/2023\/11\/foto-600x400.png 600w, https:\/\/durres.gov.al\/wp-content\/uploads\/2023\/11\/foto-1200x800.png 1200w, https:\/\/durres.gov.al\/wp-content\/uploads\/2023\/11\/foto.png 1600w\" sizes=\"(max-width: 847px) 100vw, 847px\" \/><\/p>","protected":false},"excerpt":{"rendered":"<p>Kryetarja e bashkis\u00eb s\u00eb Durr\u00ebsit Emiriana Sako ka marr\u00eb pjes\u00eb n\u00eb konferenc\u00ebn e kryetar\u00ebve t\u00eb bashkive \u201cAct Now 2023\u201d zhvilluar n\u00eb Komitetin Evropian p\u00ebr Rajonet n\u00eb Bruksel n\u00eb kuad\u00ebr t\u00eb European Capital of Democracy Network. Bashkia e Durr\u00ebsit \u00ebsht\u00eb an\u00ebtare e k\u00ebtij rrjeti q\u00eb nga korriku i k\u00ebtij viti. Kryebashkiakja Sako mori pjes\u00eb n\u00eb sesionin [&hellip;]<\/p>\n","protected":false},"author":4,"featured_media":0,"comment_status":"closed","ping_status":"closed","sticky":false,"template":"","format":"standard","meta":{"_acf_changed":false,"footnotes":""},"categories":[37],"tags":[],"class_list":["post-21088","post","type-post","status-publish","format-standard","hentry","category-njoftime"],"acf":[],"yoast_head":"<!-- This site is optimized with the Yoast SEO plugin v27.4 - https:\/\/yoast.com\/product\/yoast-seo-wordpress\/ -->\n<title>Kryetarja e bashkis\u00eb s\u00eb Durr\u00ebsit Emiriana Sako mori pjes\u00eb n\u00eb konferenc\u00ebn e kryetar\u00ebve t\u00eb bashkive \u201cAct Now 2023\u201d n\u00eb Bruksel - Bashkia Durr\u00ebs<\/title>\n<meta name=\"robots\" content=\"index, follow, max-snippet:-1, max-image-preview:large, max-video-preview:-1\" \/>\n<link rel=\"canonical\" href=\"https:\/\/durres.gov.al\/en\/2023\/11\/10\/kryetarja-e-bashkise-se-durresit-emiriana-sako-mori-pjese-ne-konferencen-e-kryetareve-te-bashkive-act-now-2023-ne-bruksel\/\" \/>\n<meta property=\"og:locale\" content=\"en_US\" \/>\n<meta property=\"og:type\" content=\"article\" \/>\n<meta property=\"og:title\" content=\"Kryetarja e bashkis\u00eb s\u00eb Durr\u00ebsit Emiriana Sako mori pjes\u00eb n\u00eb konferenc\u00ebn e kryetar\u00ebve t\u00eb bashkive \u201cAct Now 2023\u201d n\u00eb Bruksel - Bashkia Durr\u00ebs\" \/>\n<meta property=\"og:description\" content=\"Kryetarja e bashkis\u00eb s\u00eb Durr\u00ebsit Emiriana Sako ka marr\u00eb pjes\u00eb n\u00eb konferenc\u00ebn e kryetar\u00ebve t\u00eb bashkive \u201cAct Now 2023\u201d zhvilluar n\u00eb Komitetin Evropian p\u00ebr Rajonet n\u00eb Bruksel n\u00eb kuad\u00ebr t\u00eb European Capital of Democracy Network. Bashkia e Durr\u00ebsit \u00ebsht\u00eb an\u00ebtare e k\u00ebtij rrjeti q\u00eb nga korriku i k\u00ebtij viti. Kryebashkiakja Sako mori pjes\u00eb n\u00eb sesionin [&hellip;]\" \/>\n<meta property=\"og:url\" content=\"https:\/\/durres.gov.al\/en\/2023\/11\/10\/kryetarja-e-bashkise-se-durresit-emiriana-sako-mori-pjese-ne-konferencen-e-kryetareve-te-bashkive-act-now-2023-ne-bruksel\/\" \/>\n<meta property=\"og:site_name\" content=\"Bashkia Durr\u00ebs\" \/>\n<meta property=\"article:published_time\" content=\"2023-11-10T10:36:05+00:00\" \/>\n<meta property=\"article:modified_time\" content=\"2023-12-21T10:24:40+00:00\" \/>\n<meta property=\"og:image\" content=\"https:\/\/durres.gov.al\/wp-content\/uploads\/2023\/11\/foto-1024x682.png\" \/>\n\t<meta property=\"og:image:width\" content=\"1024\" \/>\n\t<meta property=\"og:image:height\" content=\"682\" \/>\n\t<meta property=\"og:image:type\" content=\"image\/png\" \/>\n<meta name=\"author\" content=\"admin\" \/>\n<meta name=\"twitter:card\" content=\"summary_large_image\" \/>\n<meta name=\"twitter:label1\" content=\"Written by\" \/>\n\t<meta name=\"twitter:data1\" content=\"admin\" \/>\n\t<meta name=\"twitter:label2\" content=\"Est. reading time\" \/>\n\t<meta name=\"twitter:data2\" content=\"1 minute\" \/>\n<script type=\"application\/ld+json\" class=\"yoast-schema-graph\">{\"@context\":\"https:\\\/\\\/schema.org\",\"@graph\":[{\"@type\":\"Article\",\"@id\":\"https:\\\/\\\/durres.gov.al\\\/2023\\\/11\\\/10\\\/kryetarja-e-bashkise-se-durresit-emiriana-sako-mori-pjese-ne-konferencen-e-kryetareve-te-bashkive-act-now-2023-ne-bruksel\\\/#article\",\"isPartOf\":{\"@id\":\"https:\\\/\\\/durres.gov.al\\\/2023\\\/11\\\/10\\\/kryetarja-e-bashkise-se-durresit-emiriana-sako-mori-pjese-ne-konferencen-e-kryetareve-te-bashkive-act-now-2023-ne-bruksel\\\/\"},\"author\":{\"name\":\"admin\",\"@id\":\"https:\\\/\\\/durres.gov.al\\\/en\\\/#\\\/schema\\\/person\\\/b635fa3d3fcab493eb6efe564996a856\"},\"headline\":\"Kryetarja e bashkis\u00eb s\u00eb Durr\u00ebsit Emiriana Sako mori pjes\u00eb n\u00eb konferenc\u00ebn e kryetar\u00ebve t\u00eb bashkive \u201cAct Now 2023\u201d n\u00eb Bruksel\",\"datePublished\":\"2023-11-10T10:36:05+00:00\",\"dateModified\":\"2023-12-21T10:24:40+00:00\",\"mainEntityOfPage\":{\"@id\":\"https:\\\/\\\/durres.gov.al\\\/2023\\\/11\\\/10\\\/kryetarja-e-bashkise-se-durresit-emiriana-sako-mori-pjese-ne-konferencen-e-kryetareve-te-bashkive-act-now-2023-ne-bruksel\\\/\"},\"wordCount\":251,\"publisher\":{\"@id\":\"https:\\\/\\\/durres.gov.al\\\/en\\\/#organization\"},\"image\":{\"@id\":\"https:\\\/\\\/durres.gov.al\\\/2023\\\/11\\\/10\\\/kryetarja-e-bashkise-se-durresit-emiriana-sako-mori-pjese-ne-konferencen-e-kryetareve-te-bashkive-act-now-2023-ne-bruksel\\\/#primaryimage\"},\"thumbnailUrl\":\"https:\\\/\\\/durres.gov.al\\\/wp-content\\\/uploads\\\/2023\\\/11\\\/foto-1024x682.png\",\"articleSection\":[\"Njoftime\"],\"inLanguage\":\"en-US\"},{\"@type\":\"WebPage\",\"@id\":\"https:\\\/\\\/durres.gov.al\\\/2023\\\/11\\\/10\\\/kryetarja-e-bashkise-se-durresit-emiriana-sako-mori-pjese-ne-konferencen-e-kryetareve-te-bashkive-act-now-2023-ne-bruksel\\\/\",\"url\":\"https:\\\/\\\/durres.gov.al\\\/2023\\\/11\\\/10\\\/kryetarja-e-bashkise-se-durresit-emiriana-sako-mori-pjese-ne-konferencen-e-kryetareve-te-bashkive-act-now-2023-ne-bruksel\\\/\",\"name\":\"Kryetarja e bashkis\u00eb s\u00eb Durr\u00ebsit Emiriana Sako mori pjes\u00eb n\u00eb konferenc\u00ebn e kryetar\u00ebve t\u00eb bashkive \u201cAct Now 2023\u201d n\u00eb Bruksel - Bashkia Durr\u00ebs\",\"isPartOf\":{\"@id\":\"https:\\\/\\\/durres.gov.al\\\/en\\\/#website\"},\"primaryImageOfPage\":{\"@id\":\"https:\\\/\\\/durres.gov.al\\\/2023\\\/11\\\/10\\\/kryetarja-e-bashkise-se-durresit-emiriana-sako-mori-pjese-ne-konferencen-e-kryetareve-te-bashkive-act-now-2023-ne-bruksel\\\/#primaryimage\"},\"image\":{\"@id\":\"https:\\\/\\\/durres.gov.al\\\/2023\\\/11\\\/10\\\/kryetarja-e-bashkise-se-durresit-emiriana-sako-mori-pjese-ne-konferencen-e-kryetareve-te-bashkive-act-now-2023-ne-bruksel\\\/#primaryimage\"},\"thumbnailUrl\":\"https:\\\/\\\/durres.gov.al\\\/wp-content\\\/uploads\\\/2023\\\/11\\\/foto-1024x682.png\",\"datePublished\":\"2023-11-10T10:36:05+00:00\",\"dateModified\":\"2023-12-21T10:24:40+00:00\",\"breadcrumb\":{\"@id\":\"https:\\\/\\\/durres.gov.al\\\/2023\\\/11\\\/10\\\/kryetarja-e-bashkise-se-durresit-emiriana-sako-mori-pjese-ne-konferencen-e-kryetareve-te-bashkive-act-now-2023-ne-bruksel\\\/#breadcrumb\"},\"inLanguage\":\"en-US\",\"potentialAction\":[{\"@type\":\"ReadAction\",\"target\":[\"https:\\\/\\\/durres.gov.al\\\/2023\\\/11\\\/10\\\/kryetarja-e-bashkise-se-durresit-emiriana-sako-mori-pjese-ne-konferencen-e-kryetareve-te-bashkive-act-now-2023-ne-bruksel\\\/\"]}]},{\"@type\":\"ImageObject\",\"inLanguage\":\"en-US\",\"@id\":\"https:\\\/\\\/durres.gov.al\\\/2023\\\/11\\\/10\\\/kryetarja-e-bashkise-se-durresit-emiriana-sako-mori-pjese-ne-konferencen-e-kryetareve-te-bashkive-act-now-2023-ne-bruksel\\\/#primaryimage\",\"url\":\"https:\\\/\\\/durres.gov.al\\\/wp-content\\\/uploads\\\/2023\\\/11\\\/foto-1024x682.png\",\"contentUrl\":\"https:\\\/\\\/durres.gov.al\\\/wp-content\\\/uploads\\\/2023\\\/11\\\/foto-1024x682.png\"},{\"@type\":\"BreadcrumbList\",\"@id\":\"https:\\\/\\\/durres.gov.al\\\/2023\\\/11\\\/10\\\/kryetarja-e-bashkise-se-durresit-emiriana-sako-mori-pjese-ne-konferencen-e-kryetareve-te-bashkive-act-now-2023-ne-bruksel\\\/#breadcrumb\",\"itemListElement\":[{\"@type\":\"ListItem\",\"position\":1,\"name\":\"Home\",\"item\":\"https:\\\/\\\/durres.gov.al\\\/\"},{\"@type\":\"ListItem\",\"position\":2,\"name\":\"Kryetarja e bashkis\u00eb s\u00eb Durr\u00ebsit Emiriana Sako mori pjes\u00eb n\u00eb konferenc\u00ebn e kryetar\u00ebve t\u00eb bashkive \u201cAct Now 2023\u201d n\u00eb Bruksel\"}]},{\"@type\":\"WebSite\",\"@id\":\"https:\\\/\\\/durres.gov.al\\\/en\\\/#website\",\"url\":\"https:\\\/\\\/durres.gov.al\\\/en\\\/\",\"name\":\"Bashkia Durr\u00ebs\",\"description\":\"Faqja Zyrtare n\u00eb Internet\",\"publisher\":{\"@id\":\"https:\\\/\\\/durres.gov.al\\\/en\\\/#organization\"},\"potentialAction\":[{\"@type\":\"SearchAction\",\"target\":{\"@type\":\"EntryPoint\",\"urlTemplate\":\"https:\\\/\\\/durres.gov.al\\\/en\\\/?s={search_term_string}\"},\"query-input\":{\"@type\":\"PropertyValueSpecification\",\"valueRequired\":true,\"valueName\":\"search_term_string\"}}],\"inLanguage\":\"en-US\"},{\"@type\":\"Organization\",\"@id\":\"https:\\\/\\\/durres.gov.al\\\/en\\\/#organization\",\"name\":\"Bashkia Durr\u00ebs\",\"url\":\"https:\\\/\\\/durres.gov.al\\\/en\\\/\",\"logo\":{\"@type\":\"ImageObject\",\"inLanguage\":\"en-US\",\"@id\":\"https:\\\/\\\/durres.gov.al\\\/en\\\/#\\\/schema\\\/logo\\\/image\\\/\",\"url\":\"https:\\\/\\\/durres.gov.al\\\/wp-content\\\/uploads\\\/2023\\\/01\\\/cropped-logo.png\",\"contentUrl\":\"https:\\\/\\\/durres.gov.al\\\/wp-content\\\/uploads\\\/2023\\\/01\\\/cropped-logo.png\",\"width\":512,\"height\":512,\"caption\":\"Bashkia Durr\u00ebs\"},\"image\":{\"@id\":\"https:\\\/\\\/durres.gov.al\\\/en\\\/#\\\/schema\\\/logo\\\/image\\\/\"}},{\"@type\":\"Person\",\"@id\":\"https:\\\/\\\/durres.gov.al\\\/en\\\/#\\\/schema\\\/person\\\/b635fa3d3fcab493eb6efe564996a856\",\"name\":\"admin\",\"sameAs\":[\"https:\\\/\\\/durres.gov.al\"],\"url\":\"https:\\\/\\\/durres.gov.al\\\/en\\\/author\\\/admin\\\/\"}]}<\/script>\n<!-- \/ Yoast SEO plugin. -->","yoast_head_json":{"title":"Kryetarja e bashkis\u00eb s\u00eb Durr\u00ebsit Emiriana Sako mori pjes\u00eb n\u00eb konferenc\u00ebn e kryetar\u00ebve t\u00eb bashkive \u201cAct Now 2023\u201d n\u00eb Bruksel - Bashkia Durr\u00ebs","robots":{"index":"index","follow":"follow","max-snippet":"max-snippet:-1","max-image-preview":"max-image-preview:large","max-video-preview":"max-video-preview:-1"},"canonical":"https:\/\/durres.gov.al\/en\/2023\/11\/10\/kryetarja-e-bashkise-se-durresit-emiriana-sako-mori-pjese-ne-konferencen-e-kryetareve-te-bashkive-act-now-2023-ne-bruksel\/","og_locale":"en_US","og_type":"article","og_title":"Kryetarja e bashkis\u00eb s\u00eb Durr\u00ebsit Emiriana Sako mori pjes\u00eb n\u00eb konferenc\u00ebn e kryetar\u00ebve t\u00eb bashkive \u201cAct Now 2023\u201d n\u00eb Bruksel - Bashkia Durr\u00ebs","og_description":"Kryetarja e bashkis\u00eb s\u00eb Durr\u00ebsit Emiriana Sako ka marr\u00eb pjes\u00eb n\u00eb konferenc\u00ebn e kryetar\u00ebve t\u00eb bashkive \u201cAct Now 2023\u201d zhvilluar n\u00eb Komitetin Evropian p\u00ebr Rajonet n\u00eb Bruksel n\u00eb kuad\u00ebr t\u00eb European Capital of Democracy Network. Bashkia e Durr\u00ebsit \u00ebsht\u00eb an\u00ebtare e k\u00ebtij rrjeti q\u00eb nga korriku i k\u00ebtij viti. Kryebashkiakja Sako mori pjes\u00eb n\u00eb sesionin [&hellip;]","og_url":"https:\/\/durres.gov.al\/en\/2023\/11\/10\/kryetarja-e-bashkise-se-durresit-emiriana-sako-mori-pjese-ne-konferencen-e-kryetareve-te-bashkive-act-now-2023-ne-bruksel\/","og_site_name":"Bashkia Durr\u00ebs","article_published_time":"2023-11-10T10:36:05+00:00","article_modified_time":"2023-12-21T10:24:40+00:00","og_image":[{"width":1024,"height":682,"url":"https:\/\/durres.gov.al\/wp-content\/uploads\/2023\/11\/foto-1024x682.png","type":"image\/png"}],"author":"admin","twitter_card":"summary_large_image","twitter_misc":{"Written by":"admin","Est. reading time":"1 minute"},"schema":{"@context":"https:\/\/schema.org","@graph":[{"@type":"Article","@id":"https:\/\/durres.gov.al\/2023\/11\/10\/kryetarja-e-bashkise-se-durresit-emiriana-sako-mori-pjese-ne-konferencen-e-kryetareve-te-bashkive-act-now-2023-ne-bruksel\/#article","isPartOf":{"@id":"https:\/\/durres.gov.al\/2023\/11\/10\/kryetarja-e-bashkise-se-durresit-emiriana-sako-mori-pjese-ne-konferencen-e-kryetareve-te-bashkive-act-now-2023-ne-bruksel\/"},"author":{"name":"admin","@id":"https:\/\/durres.gov.al\/en\/#\/schema\/person\/b635fa3d3fcab493eb6efe564996a856"},"headline":"Kryetarja e bashkis\u00eb s\u00eb Durr\u00ebsit Emiriana Sako mori pjes\u00eb n\u00eb konferenc\u00ebn e kryetar\u00ebve t\u00eb bashkive \u201cAct Now 2023\u201d n\u00eb Bruksel","datePublished":"2023-11-10T10:36:05+00:00","dateModified":"2023-12-21T10:24:40+00:00","mainEntityOfPage":{"@id":"https:\/\/durres.gov.al\/2023\/11\/10\/kryetarja-e-bashkise-se-durresit-emiriana-sako-mori-pjese-ne-konferencen-e-kryetareve-te-bashkive-act-now-2023-ne-bruksel\/"},"wordCount":251,"publisher":{"@id":"https:\/\/durres.gov.al\/en\/#organization"},"image":{"@id":"https:\/\/durres.gov.al\/2023\/11\/10\/kryetarja-e-bashkise-se-durresit-emiriana-sako-mori-pjese-ne-konferencen-e-kryetareve-te-bashkive-act-now-2023-ne-bruksel\/#primaryimage"},"thumbnailUrl":"https:\/\/durres.gov.al\/wp-content\/uploads\/2023\/11\/foto-1024x682.png","articleSection":["Njoftime"],"inLanguage":"en-US"},{"@type":"WebPage","@id":"https:\/\/durres.gov.al\/2023\/11\/10\/kryetarja-e-bashkise-se-durresit-emiriana-sako-mori-pjese-ne-konferencen-e-kryetareve-te-bashkive-act-now-2023-ne-bruksel\/","url":"https:\/\/durres.gov.al\/2023\/11\/10\/kryetarja-e-bashkise-se-durresit-emiriana-sako-mori-pjese-ne-konferencen-e-kryetareve-te-bashkive-act-now-2023-ne-bruksel\/","name":"Kryetarja e bashkis\u00eb s\u00eb Durr\u00ebsit Emiriana Sako mori pjes\u00eb n\u00eb konferenc\u00ebn e kryetar\u00ebve t\u00eb bashkive \u201cAct Now 2023\u201d n\u00eb Bruksel - Bashkia Durr\u00ebs","isPartOf":{"@id":"https:\/\/durres.gov.al\/en\/#website"},"primaryImageOfPage":{"@id":"https:\/\/durres.gov.al\/2023\/11\/10\/kryetarja-e-bashkise-se-durresit-emiriana-sako-mori-pjese-ne-konferencen-e-kryetareve-te-bashkive-act-now-2023-ne-bruksel\/#primaryimage"},"image":{"@id":"https:\/\/durres.gov.al\/2023\/11\/10\/kryetarja-e-bashkise-se-durresit-emiriana-sako-mori-pjese-ne-konferencen-e-kryetareve-te-bashkive-act-now-2023-ne-bruksel\/#primaryimage"},"thumbnailUrl":"https:\/\/durres.gov.al\/wp-content\/uploads\/2023\/11\/foto-1024x682.png","datePublished":"2023-11-10T10:36:05+00:00","dateModified":"2023-12-21T10:24:40+00:00","breadcrumb":{"@id":"https:\/\/durres.gov.al\/2023\/11\/10\/kryetarja-e-bashkise-se-durresit-emiriana-sako-mori-pjese-ne-konferencen-e-kryetareve-te-bashkive-act-now-2023-ne-bruksel\/#breadcrumb"},"inLanguage":"en-US","potentialAction":[{"@type":"ReadAction","target":["https:\/\/durres.gov.al\/2023\/11\/10\/kryetarja-e-bashkise-se-durresit-emiriana-sako-mori-pjese-ne-konferencen-e-kryetareve-te-bashkive-act-now-2023-ne-bruksel\/"]}]},{"@type":"ImageObject","inLanguage":"en-US","@id":"https:\/\/durres.gov.al\/2023\/11\/10\/kryetarja-e-bashkise-se-durresit-emiriana-sako-mori-pjese-ne-konferencen-e-kryetareve-te-bashkive-act-now-2023-ne-bruksel\/#primaryimage","url":"https:\/\/durres.gov.al\/wp-content\/uploads\/2023\/11\/foto-1024x682.png","contentUrl":"https:\/\/durres.gov.al\/wp-content\/uploads\/2023\/11\/foto-1024x682.png"},{"@type":"BreadcrumbList","@id":"https:\/\/durres.gov.al\/2023\/11\/10\/kryetarja-e-bashkise-se-durresit-emiriana-sako-mori-pjese-ne-konferencen-e-kryetareve-te-bashkive-act-now-2023-ne-bruksel\/#breadcrumb","itemListElement":[{"@type":"ListItem","position":1,"name":"Home","item":"https:\/\/durres.gov.al\/"},{"@type":"ListItem","position":2,"name":"Kryetarja e bashkis\u00eb s\u00eb Durr\u00ebsit Emiriana Sako mori pjes\u00eb n\u00eb konferenc\u00ebn e kryetar\u00ebve t\u00eb bashkive \u201cAct Now 2023\u201d n\u00eb Bruksel"}]},{"@type":"WebSite","@id":"https:\/\/durres.gov.al\/en\/#website","url":"https:\/\/durres.gov.al\/en\/","name":"Municipality of Durr\u00ebs","description":"Faqja Zyrtare n\u00eb Internet","publisher":{"@id":"https:\/\/durres.gov.al\/en\/#organization"},"potentialAction":[{"@type":"SearchAction","target":{"@type":"EntryPoint","urlTemplate":"https:\/\/durres.gov.al\/en\/?s={search_term_string}"},"query-input":{"@type":"PropertyValueSpecification","valueRequired":true,"valueName":"search_term_string"}}],"inLanguage":"en-US"},{"@type":"Organization","@id":"https:\/\/durres.gov.al\/en\/#organization","name":"Municipality of Durr\u00ebs","url":"https:\/\/durres.gov.al\/en\/","logo":{"@type":"ImageObject","inLanguage":"en-US","@id":"https:\/\/durres.gov.al\/en\/#\/schema\/logo\/image\/","url":"https:\/\/durres.gov.al\/wp-content\/uploads\/2023\/01\/cropped-logo.png","contentUrl":"https:\/\/durres.gov.al\/wp-content\/uploads\/2023\/01\/cropped-logo.png","width":512,"height":512,"caption":"Bashkia Durr\u00ebs"},"image":{"@id":"https:\/\/durres.gov.al\/en\/#\/schema\/logo\/image\/"}},{"@type":"Person","@id":"https:\/\/durres.gov.al\/en\/#\/schema\/person\/b635fa3d3fcab493eb6efe564996a856","name":"admin","sameAs":["https:\/\/durres.gov.al"],"url":"https:\/\/durres.gov.al\/en\/author\/admin\/"}]}},"_links":{"self":[{"href":"https:\/\/durres.gov.al\/en\/wp-json\/wp\/v2\/posts\/21088","targetHints":{"allow":["GET"]}}],"collection":[{"href":"https:\/\/durres.gov.al\/en\/wp-json\/wp\/v2\/posts"}],"about":[{"href":"https:\/\/durres.gov.al\/en\/wp-json\/wp\/v2\/types\/post"}],"author":[{"embeddable":true,"href":"https:\/\/durres.gov.al\/en\/wp-json\/wp\/v2\/users\/4"}],"replies":[{"embeddable":true,"href":"https:\/\/durres.gov.al\/en\/wp-json\/wp\/v2\/comments?post=21088"}],"version-history":[{"count":0,"href":"https:\/\/durres.gov.al\/en\/wp-json\/wp\/v2\/posts\/21088\/revisions"}],"wp:attachment":[{"href":"https:\/\/durres.gov.al\/en\/wp-json\/wp\/v2\/media?parent=21088"}],"wp:term":[{"taxonomy":"category","embeddable":true,"href":"https:\/\/durres.gov.al\/en\/wp-json\/wp\/v2\/categories?post=21088"},{"taxonomy":"post_tag","embeddable":true,"href":"https:\/\/durres.gov.al\/en\/wp-json\/wp\/v2\/tags?post=21088"}],"curies":[{"name":"wp","href":"https:\/\/api.w.org\/{rel}","templated":true}]}}