{"id":21704,"date":"2024-03-06T09:57:51","date_gmt":"2024-03-06T09:57:51","guid":{"rendered":"https:\/\/durres.gov.al\/?p=21704"},"modified":"2024-03-06T09:57:51","modified_gmt":"2024-03-06T09:57:51","slug":"kryebashkiakja-emiriana-sako-prezanton-durresin-ne-panairin-e-madh-nderkombetar-te-turizmit-itb-berlin","status":"publish","type":"post","link":"https:\/\/durres.gov.al\/en\/2024\/03\/06\/kryebashkiakja-emiriana-sako-prezanton-durresin-ne-panairin-e-madh-nderkombetar-te-turizmit-itb-berlin\/","title":{"rendered":"Kryebashkiakja Emiriana Sako prezanton Durr\u00ebsin n\u00eb panairin e madh nd\u00ebrkomb\u00ebtar t\u00eb turizmit ITB BERLIN"},"content":{"rendered":"<p>Kryetarja e Bashkis\u00eb s\u00eb Durr\u00ebsit Emiriana Sako ka prezantuar Durr\u00ebsin dhe ofert\u00ebn e tij turistike n\u00eb nj\u00eb nd\u00ebr panairet m\u00eb t\u00eb m\u00ebdhenj bot\u00ebror\u00eb t\u00eb turizmit, ITB BERLIN. Kryebashkiakja Sako \u00ebsht\u00eb pjes\u00ebtare e delagacionit shqiptar t\u00eb kryesuar nga Ministrja e Turizmit dhe Mjedisit, Mirela Kumbaro, q\u00eb ndodhet n\u00eb Gjermani ku u prezantua Shqip\u00ebria turistike. N\u00eb k\u00ebt\u00eb event mjaft t\u00eb r\u00ebnd\u00ebsish\u00ebm nd\u00ebrkomb\u00ebtar kryebashkiakja Sako ka prezantuar qytetin e Durr\u00ebsit, vlerat e rralla, bregdetin e jasht\u00ebzakonsh\u00ebm, natyr\u00ebn e mrekullueshme, trash\u00ebgimin\u00eb unike kulturore historike, cil\u00ebsin\u00eb e lart\u00eb t\u00eb subjekteve akomoduese ku tashm\u00eb b\u00ebjn\u00eb pjes\u00eb edhe brande nd\u00ebrkomb\u00ebtare t\u00eb mir\u00ebnjohura bot\u00ebrisht, si edhe projektet e m\u00ebdha q\u00eb po zhvillohen e q\u00eb po e kthejn\u00eb Durr\u00ebsin n\u00eb nj\u00eb qytet turistik evropian. Durr\u00ebsi \u00ebsht\u00eb nj\u00eb qytet ku historia takohet me detin, duke ofruar nj\u00eb eksperienc\u00eb unike t\u00eb trash\u00ebgimis\u00eb antike dhe vitalitetit modern.<\/p>\n<p><img fetchpriority=\"high\" decoding=\"async\" src=\"https:\/\/durres.gov.al\/wp-content\/uploads\/2024\/03\/Image-dr-1024x683.jpeg\" alt=\"\" width=\"847\" height=\"565\" class=\"aligncenter size-large wp-image-21705\" srcset=\"https:\/\/durres.gov.al\/wp-content\/uploads\/2024\/03\/Image-dr-1024x683.jpeg 1024w, https:\/\/durres.gov.al\/wp-content\/uploads\/2024\/03\/Image-dr-300x200.jpeg 300w, https:\/\/durres.gov.al\/wp-content\/uploads\/2024\/03\/Image-dr-768x512.jpeg 768w, https:\/\/durres.gov.al\/wp-content\/uploads\/2024\/03\/Image-dr-1536x1024.jpeg 1536w, https:\/\/durres.gov.al\/wp-content\/uploads\/2024\/03\/Image-dr-450x300.jpeg 450w, https:\/\/durres.gov.al\/wp-content\/uploads\/2024\/03\/Image-dr-600x400.jpeg 600w, https:\/\/durres.gov.al\/wp-content\/uploads\/2024\/03\/Image-dr-1200x800.jpeg 1200w, https:\/\/durres.gov.al\/wp-content\/uploads\/2024\/03\/Image-dr.jpeg 2048w\" sizes=\"(max-width: 847px) 100vw, 847px\" \/><\/p>","protected":false},"excerpt":{"rendered":"<p>Kryetarja e Bashkis\u00eb s\u00eb Durr\u00ebsit Emiriana Sako ka prezantuar Durr\u00ebsin dhe ofert\u00ebn e tij turistike n\u00eb nj\u00eb nd\u00ebr panairet m\u00eb t\u00eb m\u00ebdhenj bot\u00ebror\u00eb t\u00eb turizmit, ITB BERLIN. Kryebashkiakja Sako \u00ebsht\u00eb pjes\u00ebtare e delagacionit shqiptar t\u00eb kryesuar nga Ministrja e Turizmit dhe Mjedisit, Mirela Kumbaro, q\u00eb ndodhet n\u00eb Gjermani ku u prezantua Shqip\u00ebria turistike. N\u00eb k\u00ebt\u00eb [&hellip;]<\/p>\n","protected":false},"author":4,"featured_media":0,"comment_status":"closed","ping_status":"closed","sticky":false,"template":"","format":"standard","meta":{"_acf_changed":false,"footnotes":""},"categories":[37],"tags":[],"class_list":["post-21704","post","type-post","status-publish","format-standard","hentry","category-njoftime"],"acf":[],"yoast_head":"<!-- This site is optimized with the Yoast SEO plugin v27.4 - https:\/\/yoast.com\/product\/yoast-seo-wordpress\/ -->\n<title>Kryebashkiakja Emiriana Sako prezanton Durr\u00ebsin n\u00eb panairin e madh nd\u00ebrkomb\u00ebtar t\u00eb turizmit ITB BERLIN - Bashkia Durr\u00ebs<\/title>\n<meta name=\"robots\" content=\"index, follow, max-snippet:-1, max-image-preview:large, max-video-preview:-1\" \/>\n<link rel=\"canonical\" href=\"https:\/\/durres.gov.al\/en\/2024\/03\/06\/kryebashkiakja-emiriana-sako-prezanton-durresin-ne-panairin-e-madh-nderkombetar-te-turizmit-itb-berlin\/\" \/>\n<meta property=\"og:locale\" content=\"en_US\" \/>\n<meta property=\"og:type\" content=\"article\" \/>\n<meta property=\"og:title\" content=\"Kryebashkiakja Emiriana Sako prezanton Durr\u00ebsin n\u00eb panairin e madh nd\u00ebrkomb\u00ebtar t\u00eb turizmit ITB BERLIN - Bashkia Durr\u00ebs\" \/>\n<meta property=\"og:description\" content=\"Kryetarja e Bashkis\u00eb s\u00eb Durr\u00ebsit Emiriana Sako ka prezantuar Durr\u00ebsin dhe ofert\u00ebn e tij turistike n\u00eb nj\u00eb nd\u00ebr panairet m\u00eb t\u00eb m\u00ebdhenj bot\u00ebror\u00eb t\u00eb turizmit, ITB BERLIN. Kryebashkiakja Sako \u00ebsht\u00eb pjes\u00ebtare e delagacionit shqiptar t\u00eb kryesuar nga Ministrja e Turizmit dhe Mjedisit, Mirela Kumbaro, q\u00eb ndodhet n\u00eb Gjermani ku u prezantua Shqip\u00ebria turistike. N\u00eb k\u00ebt\u00eb [&hellip;]\" \/>\n<meta property=\"og:url\" content=\"https:\/\/durres.gov.al\/en\/2024\/03\/06\/kryebashkiakja-emiriana-sako-prezanton-durresin-ne-panairin-e-madh-nderkombetar-te-turizmit-itb-berlin\/\" \/>\n<meta property=\"og:site_name\" content=\"Bashkia Durr\u00ebs\" \/>\n<meta property=\"article:published_time\" content=\"2024-03-06T09:57:51+00:00\" \/>\n<meta property=\"og:image\" content=\"https:\/\/durres.gov.al\/wp-content\/uploads\/2024\/03\/Image-dr.jpeg\" \/>\n\t<meta property=\"og:image:width\" content=\"2048\" \/>\n\t<meta property=\"og:image:height\" content=\"1365\" \/>\n\t<meta property=\"og:image:type\" content=\"image\/jpeg\" \/>\n<meta name=\"author\" content=\"admin\" \/>\n<meta name=\"twitter:card\" content=\"summary_large_image\" \/>\n<meta name=\"twitter:label1\" content=\"Written by\" \/>\n\t<meta name=\"twitter:data1\" content=\"admin\" \/>\n\t<meta name=\"twitter:label2\" content=\"Est. reading time\" \/>\n\t<meta name=\"twitter:data2\" content=\"1 minute\" \/>\n<script type=\"application\/ld+json\" class=\"yoast-schema-graph\">{\"@context\":\"https:\\\/\\\/schema.org\",\"@graph\":[{\"@type\":\"Article\",\"@id\":\"https:\\\/\\\/durres.gov.al\\\/2024\\\/03\\\/06\\\/kryebashkiakja-emiriana-sako-prezanton-durresin-ne-panairin-e-madh-nderkombetar-te-turizmit-itb-berlin\\\/#article\",\"isPartOf\":{\"@id\":\"https:\\\/\\\/durres.gov.al\\\/2024\\\/03\\\/06\\\/kryebashkiakja-emiriana-sako-prezanton-durresin-ne-panairin-e-madh-nderkombetar-te-turizmit-itb-berlin\\\/\"},\"author\":{\"name\":\"admin\",\"@id\":\"https:\\\/\\\/durres.gov.al\\\/en\\\/#\\\/schema\\\/person\\\/b635fa3d3fcab493eb6efe564996a856\"},\"headline\":\"Kryebashkiakja Emiriana Sako prezanton Durr\u00ebsin n\u00eb panairin e madh nd\u00ebrkomb\u00ebtar t\u00eb turizmit ITB BERLIN\",\"datePublished\":\"2024-03-06T09:57:51+00:00\",\"mainEntityOfPage\":{\"@id\":\"https:\\\/\\\/durres.gov.al\\\/2024\\\/03\\\/06\\\/kryebashkiakja-emiriana-sako-prezanton-durresin-ne-panairin-e-madh-nderkombetar-te-turizmit-itb-berlin\\\/\"},\"wordCount\":181,\"publisher\":{\"@id\":\"https:\\\/\\\/durres.gov.al\\\/en\\\/#organization\"},\"image\":{\"@id\":\"https:\\\/\\\/durres.gov.al\\\/2024\\\/03\\\/06\\\/kryebashkiakja-emiriana-sako-prezanton-durresin-ne-panairin-e-madh-nderkombetar-te-turizmit-itb-berlin\\\/#primaryimage\"},\"thumbnailUrl\":\"https:\\\/\\\/durres.gov.al\\\/wp-content\\\/uploads\\\/2024\\\/03\\\/Image-dr-1024x683.jpeg\",\"articleSection\":[\"Njoftime\"],\"inLanguage\":\"en-US\"},{\"@type\":\"WebPage\",\"@id\":\"https:\\\/\\\/durres.gov.al\\\/2024\\\/03\\\/06\\\/kryebashkiakja-emiriana-sako-prezanton-durresin-ne-panairin-e-madh-nderkombetar-te-turizmit-itb-berlin\\\/\",\"url\":\"https:\\\/\\\/durres.gov.al\\\/2024\\\/03\\\/06\\\/kryebashkiakja-emiriana-sako-prezanton-durresin-ne-panairin-e-madh-nderkombetar-te-turizmit-itb-berlin\\\/\",\"name\":\"Kryebashkiakja Emiriana Sako prezanton Durr\u00ebsin n\u00eb panairin e madh nd\u00ebrkomb\u00ebtar t\u00eb turizmit ITB BERLIN - Bashkia Durr\u00ebs\",\"isPartOf\":{\"@id\":\"https:\\\/\\\/durres.gov.al\\\/en\\\/#website\"},\"primaryImageOfPage\":{\"@id\":\"https:\\\/\\\/durres.gov.al\\\/2024\\\/03\\\/06\\\/kryebashkiakja-emiriana-sako-prezanton-durresin-ne-panairin-e-madh-nderkombetar-te-turizmit-itb-berlin\\\/#primaryimage\"},\"image\":{\"@id\":\"https:\\\/\\\/durres.gov.al\\\/2024\\\/03\\\/06\\\/kryebashkiakja-emiriana-sako-prezanton-durresin-ne-panairin-e-madh-nderkombetar-te-turizmit-itb-berlin\\\/#primaryimage\"},\"thumbnailUrl\":\"https:\\\/\\\/durres.gov.al\\\/wp-content\\\/uploads\\\/2024\\\/03\\\/Image-dr-1024x683.jpeg\",\"datePublished\":\"2024-03-06T09:57:51+00:00\",\"breadcrumb\":{\"@id\":\"https:\\\/\\\/durres.gov.al\\\/2024\\\/03\\\/06\\\/kryebashkiakja-emiriana-sako-prezanton-durresin-ne-panairin-e-madh-nderkombetar-te-turizmit-itb-berlin\\\/#breadcrumb\"},\"inLanguage\":\"en-US\",\"potentialAction\":[{\"@type\":\"ReadAction\",\"target\":[\"https:\\\/\\\/durres.gov.al\\\/2024\\\/03\\\/06\\\/kryebashkiakja-emiriana-sako-prezanton-durresin-ne-panairin-e-madh-nderkombetar-te-turizmit-itb-berlin\\\/\"]}]},{\"@type\":\"ImageObject\",\"inLanguage\":\"en-US\",\"@id\":\"https:\\\/\\\/durres.gov.al\\\/2024\\\/03\\\/06\\\/kryebashkiakja-emiriana-sako-prezanton-durresin-ne-panairin-e-madh-nderkombetar-te-turizmit-itb-berlin\\\/#primaryimage\",\"url\":\"https:\\\/\\\/durres.gov.al\\\/wp-content\\\/uploads\\\/2024\\\/03\\\/Image-dr-1024x683.jpeg\",\"contentUrl\":\"https:\\\/\\\/durres.gov.al\\\/wp-content\\\/uploads\\\/2024\\\/03\\\/Image-dr-1024x683.jpeg\"},{\"@type\":\"BreadcrumbList\",\"@id\":\"https:\\\/\\\/durres.gov.al\\\/2024\\\/03\\\/06\\\/kryebashkiakja-emiriana-sako-prezanton-durresin-ne-panairin-e-madh-nderkombetar-te-turizmit-itb-berlin\\\/#breadcrumb\",\"itemListElement\":[{\"@type\":\"ListItem\",\"position\":1,\"name\":\"Home\",\"item\":\"https:\\\/\\\/durres.gov.al\\\/\"},{\"@type\":\"ListItem\",\"position\":2,\"name\":\"Kryebashkiakja Emiriana Sako prezanton Durr\u00ebsin n\u00eb panairin e madh nd\u00ebrkomb\u00ebtar t\u00eb turizmit ITB BERLIN\"}]},{\"@type\":\"WebSite\",\"@id\":\"https:\\\/\\\/durres.gov.al\\\/en\\\/#website\",\"url\":\"https:\\\/\\\/durres.gov.al\\\/en\\\/\",\"name\":\"Bashkia Durr\u00ebs\",\"description\":\"Faqja Zyrtare n\u00eb Internet\",\"publisher\":{\"@id\":\"https:\\\/\\\/durres.gov.al\\\/en\\\/#organization\"},\"potentialAction\":[{\"@type\":\"SearchAction\",\"target\":{\"@type\":\"EntryPoint\",\"urlTemplate\":\"https:\\\/\\\/durres.gov.al\\\/en\\\/?s={search_term_string}\"},\"query-input\":{\"@type\":\"PropertyValueSpecification\",\"valueRequired\":true,\"valueName\":\"search_term_string\"}}],\"inLanguage\":\"en-US\"},{\"@type\":\"Organization\",\"@id\":\"https:\\\/\\\/durres.gov.al\\\/en\\\/#organization\",\"name\":\"Bashkia Durr\u00ebs\",\"url\":\"https:\\\/\\\/durres.gov.al\\\/en\\\/\",\"logo\":{\"@type\":\"ImageObject\",\"inLanguage\":\"en-US\",\"@id\":\"https:\\\/\\\/durres.gov.al\\\/en\\\/#\\\/schema\\\/logo\\\/image\\\/\",\"url\":\"https:\\\/\\\/durres.gov.al\\\/wp-content\\\/uploads\\\/2023\\\/01\\\/cropped-logo.png\",\"contentUrl\":\"https:\\\/\\\/durres.gov.al\\\/wp-content\\\/uploads\\\/2023\\\/01\\\/cropped-logo.png\",\"width\":512,\"height\":512,\"caption\":\"Bashkia Durr\u00ebs\"},\"image\":{\"@id\":\"https:\\\/\\\/durres.gov.al\\\/en\\\/#\\\/schema\\\/logo\\\/image\\\/\"}},{\"@type\":\"Person\",\"@id\":\"https:\\\/\\\/durres.gov.al\\\/en\\\/#\\\/schema\\\/person\\\/b635fa3d3fcab493eb6efe564996a856\",\"name\":\"admin\",\"sameAs\":[\"https:\\\/\\\/durres.gov.al\"],\"url\":\"https:\\\/\\\/durres.gov.al\\\/en\\\/author\\\/admin\\\/\"}]}<\/script>\n<!-- \/ Yoast SEO plugin. -->","yoast_head_json":{"title":"Kryebashkiakja Emiriana Sako prezanton Durr\u00ebsin n\u00eb panairin e madh nd\u00ebrkomb\u00ebtar t\u00eb turizmit ITB BERLIN - Bashkia Durr\u00ebs","robots":{"index":"index","follow":"follow","max-snippet":"max-snippet:-1","max-image-preview":"max-image-preview:large","max-video-preview":"max-video-preview:-1"},"canonical":"https:\/\/durres.gov.al\/en\/2024\/03\/06\/kryebashkiakja-emiriana-sako-prezanton-durresin-ne-panairin-e-madh-nderkombetar-te-turizmit-itb-berlin\/","og_locale":"en_US","og_type":"article","og_title":"Kryebashkiakja Emiriana Sako prezanton Durr\u00ebsin n\u00eb panairin e madh nd\u00ebrkomb\u00ebtar t\u00eb turizmit ITB BERLIN - Bashkia Durr\u00ebs","og_description":"Kryetarja e Bashkis\u00eb s\u00eb Durr\u00ebsit Emiriana Sako ka prezantuar Durr\u00ebsin dhe ofert\u00ebn e tij turistike n\u00eb nj\u00eb nd\u00ebr panairet m\u00eb t\u00eb m\u00ebdhenj bot\u00ebror\u00eb t\u00eb turizmit, ITB BERLIN. Kryebashkiakja Sako \u00ebsht\u00eb pjes\u00ebtare e delagacionit shqiptar t\u00eb kryesuar nga Ministrja e Turizmit dhe Mjedisit, Mirela Kumbaro, q\u00eb ndodhet n\u00eb Gjermani ku u prezantua Shqip\u00ebria turistike. N\u00eb k\u00ebt\u00eb [&hellip;]","og_url":"https:\/\/durres.gov.al\/en\/2024\/03\/06\/kryebashkiakja-emiriana-sako-prezanton-durresin-ne-panairin-e-madh-nderkombetar-te-turizmit-itb-berlin\/","og_site_name":"Bashkia Durr\u00ebs","article_published_time":"2024-03-06T09:57:51+00:00","og_image":[{"width":2048,"height":1365,"url":"https:\/\/durres.gov.al\/wp-content\/uploads\/2024\/03\/Image-dr.jpeg","type":"image\/jpeg"}],"author":"admin","twitter_card":"summary_large_image","twitter_misc":{"Written by":"admin","Est. reading time":"1 minute"},"schema":{"@context":"https:\/\/schema.org","@graph":[{"@type":"Article","@id":"https:\/\/durres.gov.al\/2024\/03\/06\/kryebashkiakja-emiriana-sako-prezanton-durresin-ne-panairin-e-madh-nderkombetar-te-turizmit-itb-berlin\/#article","isPartOf":{"@id":"https:\/\/durres.gov.al\/2024\/03\/06\/kryebashkiakja-emiriana-sako-prezanton-durresin-ne-panairin-e-madh-nderkombetar-te-turizmit-itb-berlin\/"},"author":{"name":"admin","@id":"https:\/\/durres.gov.al\/en\/#\/schema\/person\/b635fa3d3fcab493eb6efe564996a856"},"headline":"Kryebashkiakja Emiriana Sako prezanton Durr\u00ebsin n\u00eb panairin e madh nd\u00ebrkomb\u00ebtar t\u00eb turizmit ITB BERLIN","datePublished":"2024-03-06T09:57:51+00:00","mainEntityOfPage":{"@id":"https:\/\/durres.gov.al\/2024\/03\/06\/kryebashkiakja-emiriana-sako-prezanton-durresin-ne-panairin-e-madh-nderkombetar-te-turizmit-itb-berlin\/"},"wordCount":181,"publisher":{"@id":"https:\/\/durres.gov.al\/en\/#organization"},"image":{"@id":"https:\/\/durres.gov.al\/2024\/03\/06\/kryebashkiakja-emiriana-sako-prezanton-durresin-ne-panairin-e-madh-nderkombetar-te-turizmit-itb-berlin\/#primaryimage"},"thumbnailUrl":"https:\/\/durres.gov.al\/wp-content\/uploads\/2024\/03\/Image-dr-1024x683.jpeg","articleSection":["Njoftime"],"inLanguage":"en-US"},{"@type":"WebPage","@id":"https:\/\/durres.gov.al\/2024\/03\/06\/kryebashkiakja-emiriana-sako-prezanton-durresin-ne-panairin-e-madh-nderkombetar-te-turizmit-itb-berlin\/","url":"https:\/\/durres.gov.al\/2024\/03\/06\/kryebashkiakja-emiriana-sako-prezanton-durresin-ne-panairin-e-madh-nderkombetar-te-turizmit-itb-berlin\/","name":"Kryebashkiakja Emiriana Sako prezanton Durr\u00ebsin n\u00eb panairin e madh nd\u00ebrkomb\u00ebtar t\u00eb turizmit ITB BERLIN - Bashkia Durr\u00ebs","isPartOf":{"@id":"https:\/\/durres.gov.al\/en\/#website"},"primaryImageOfPage":{"@id":"https:\/\/durres.gov.al\/2024\/03\/06\/kryebashkiakja-emiriana-sako-prezanton-durresin-ne-panairin-e-madh-nderkombetar-te-turizmit-itb-berlin\/#primaryimage"},"image":{"@id":"https:\/\/durres.gov.al\/2024\/03\/06\/kryebashkiakja-emiriana-sako-prezanton-durresin-ne-panairin-e-madh-nderkombetar-te-turizmit-itb-berlin\/#primaryimage"},"thumbnailUrl":"https:\/\/durres.gov.al\/wp-content\/uploads\/2024\/03\/Image-dr-1024x683.jpeg","datePublished":"2024-03-06T09:57:51+00:00","breadcrumb":{"@id":"https:\/\/durres.gov.al\/2024\/03\/06\/kryebashkiakja-emiriana-sako-prezanton-durresin-ne-panairin-e-madh-nderkombetar-te-turizmit-itb-berlin\/#breadcrumb"},"inLanguage":"en-US","potentialAction":[{"@type":"ReadAction","target":["https:\/\/durres.gov.al\/2024\/03\/06\/kryebashkiakja-emiriana-sako-prezanton-durresin-ne-panairin-e-madh-nderkombetar-te-turizmit-itb-berlin\/"]}]},{"@type":"ImageObject","inLanguage":"en-US","@id":"https:\/\/durres.gov.al\/2024\/03\/06\/kryebashkiakja-emiriana-sako-prezanton-durresin-ne-panairin-e-madh-nderkombetar-te-turizmit-itb-berlin\/#primaryimage","url":"https:\/\/durres.gov.al\/wp-content\/uploads\/2024\/03\/Image-dr-1024x683.jpeg","contentUrl":"https:\/\/durres.gov.al\/wp-content\/uploads\/2024\/03\/Image-dr-1024x683.jpeg"},{"@type":"BreadcrumbList","@id":"https:\/\/durres.gov.al\/2024\/03\/06\/kryebashkiakja-emiriana-sako-prezanton-durresin-ne-panairin-e-madh-nderkombetar-te-turizmit-itb-berlin\/#breadcrumb","itemListElement":[{"@type":"ListItem","position":1,"name":"Home","item":"https:\/\/durres.gov.al\/"},{"@type":"ListItem","position":2,"name":"Kryebashkiakja Emiriana Sako prezanton Durr\u00ebsin n\u00eb panairin e madh nd\u00ebrkomb\u00ebtar t\u00eb turizmit ITB BERLIN"}]},{"@type":"WebSite","@id":"https:\/\/durres.gov.al\/en\/#website","url":"https:\/\/durres.gov.al\/en\/","name":"Municipality of Durr\u00ebs","description":"Faqja Zyrtare n\u00eb Internet","publisher":{"@id":"https:\/\/durres.gov.al\/en\/#organization"},"potentialAction":[{"@type":"SearchAction","target":{"@type":"EntryPoint","urlTemplate":"https:\/\/durres.gov.al\/en\/?s={search_term_string}"},"query-input":{"@type":"PropertyValueSpecification","valueRequired":true,"valueName":"search_term_string"}}],"inLanguage":"en-US"},{"@type":"Organization","@id":"https:\/\/durres.gov.al\/en\/#organization","name":"Municipality of Durr\u00ebs","url":"https:\/\/durres.gov.al\/en\/","logo":{"@type":"ImageObject","inLanguage":"en-US","@id":"https:\/\/durres.gov.al\/en\/#\/schema\/logo\/image\/","url":"https:\/\/durres.gov.al\/wp-content\/uploads\/2023\/01\/cropped-logo.png","contentUrl":"https:\/\/durres.gov.al\/wp-content\/uploads\/2023\/01\/cropped-logo.png","width":512,"height":512,"caption":"Bashkia Durr\u00ebs"},"image":{"@id":"https:\/\/durres.gov.al\/en\/#\/schema\/logo\/image\/"}},{"@type":"Person","@id":"https:\/\/durres.gov.al\/en\/#\/schema\/person\/b635fa3d3fcab493eb6efe564996a856","name":"admin","sameAs":["https:\/\/durres.gov.al"],"url":"https:\/\/durres.gov.al\/en\/author\/admin\/"}]}},"_links":{"self":[{"href":"https:\/\/durres.gov.al\/en\/wp-json\/wp\/v2\/posts\/21704","targetHints":{"allow":["GET"]}}],"collection":[{"href":"https:\/\/durres.gov.al\/en\/wp-json\/wp\/v2\/posts"}],"about":[{"href":"https:\/\/durres.gov.al\/en\/wp-json\/wp\/v2\/types\/post"}],"author":[{"embeddable":true,"href":"https:\/\/durres.gov.al\/en\/wp-json\/wp\/v2\/users\/4"}],"replies":[{"embeddable":true,"href":"https:\/\/durres.gov.al\/en\/wp-json\/wp\/v2\/comments?post=21704"}],"version-history":[{"count":0,"href":"https:\/\/durres.gov.al\/en\/wp-json\/wp\/v2\/posts\/21704\/revisions"}],"wp:attachment":[{"href":"https:\/\/durres.gov.al\/en\/wp-json\/wp\/v2\/media?parent=21704"}],"wp:term":[{"taxonomy":"category","embeddable":true,"href":"https:\/\/durres.gov.al\/en\/wp-json\/wp\/v2\/categories?post=21704"},{"taxonomy":"post_tag","embeddable":true,"href":"https:\/\/durres.gov.al\/en\/wp-json\/wp\/v2\/tags?post=21704"}],"curies":[{"name":"wp","href":"https:\/\/api.w.org\/{rel}","templated":true}]}}