{"id":22040,"date":"2024-05-08T15:38:34","date_gmt":"2024-05-08T13:38:34","guid":{"rendered":"https:\/\/durres.gov.al\/?p=22040"},"modified":"2024-05-08T15:41:03","modified_gmt":"2024-05-08T13:41:03","slug":"njoftim-per-perzgjedhjen-me-konkurs-te-hapur-te-kandidatit-per-operimin-ne-linjen-rrethqytetase-te-transportit-teudhetareve-shen-vlash-durres-shen-vlash","status":"publish","type":"post","link":"https:\/\/durres.gov.al\/en\/2024\/05\/08\/njoftim-per-perzgjedhjen-me-konkurs-te-hapur-te-kandidatit-per-operimin-ne-linjen-rrethqytetase-te-transportit-teudhetareve-shen-vlash-durres-shen-vlash\/","title":{"rendered":"NJOFTIM P\u00cbR P\u00cbRZGJEDHJEN ME KONKURS T\u00cb HAPUR T\u00cb KANDIDATIT P\u00cbR OPERIMIN N\u00cb LINJ\u00cbN RRETHQYTETASE T\u00cb TRANSPORTIT T\u00cbUDH\u00cbTAR\u00cbVE SH\u00cbN VLASH-DURR\u00cbS- SH\u00cbN VLASH"},"content":{"rendered":"<div data-elementor-type=\"wp-post\" data-elementor-id=\"22040\" class=\"elementor elementor-22040\" data-elementor-post-type=\"post\">\n\t\t\t\t\t\t<section class=\"elementor-section elementor-top-section elementor-element elementor-element-18355a4 elementor-section-boxed elementor-section-height-default elementor-section-height-default\" data-id=\"18355a4\" data-element_type=\"section\" data-e-type=\"section\">\n\t\t\t\t\t\t<div class=\"elementor-container elementor-column-gap-default\">\n\t\t\t\t\t<div class=\"elementor-column elementor-col-100 elementor-top-column elementor-element elementor-element-9a3990d\" data-id=\"9a3990d\" data-element_type=\"column\" data-e-type=\"column\">\n\t\t\t<div class=\"elementor-widget-wrap elementor-element-populated\">\n\t\t\t\t\t\t<div class=\"elementor-element elementor-element-fc1da9e elementor-widget elementor-widget-text-editor\" data-id=\"fc1da9e\" data-element_type=\"widget\" data-e-type=\"widget\" data-widget_type=\"text-editor.default\">\n\t\t\t\t<div class=\"elementor-widget-container\">\n\t\t\t\t\t\t\t\t\t<p>BASHKIA DURR\u00cbS SHPALL KONKURSIN E HAPUR P\u00cbR T\u00cb GJITHA SUBJEKTET JURIDIKE Q\u00cb OPEROJN\u00cb N\u00cb FUSH\u00cbN E TRANSPORTIT PUBLIK P\u00cbR PERZGJEDHJEN ME KONKURS T\u00cb HAPUR T\u00cb KANDIDATIT P\u00cbR OPERIMIN N\u00cb LINJ\u00cbN URBANE RRETHQYTETASE T\u00cb TRANSPORTIT T\u00cb UDH\u00cbTAR\u00cbVE: <br \/>SH\u00cbNVLASH &#8211; DURR\u00cbS &#8211; SH\u00cbNVLASH.<br \/>\u00a0<br \/>AFATI I FUNDIT I DOR\u00cbZIMIT T\u00cb \u00a0DOKUMENTACIONIT \u00cbSHT\u00cb DATA 29.05.2024, ORA 12.00. DOR\u00cbZIMI I DOKUMENTACIONIT DO T\u00cb B\u00cbHET PRAN\u00cb KOMISIONIT VLER\u00cbSUES N\u00cb BASHKIN\u00cb DURR\u00cbS N\u00cb OR\u00cbN DHE DAT\u00cbN E M\u00cbSIP\u00cbRME. SUBJEKTET KONKURUESE OSE P\u00cbRFAQ\u00cbSUESIT E TYRE T\u00cb AUTORIZUAR, FTOHEN T\u00cb MARRIN PJES\u00cb N\u00cb HAPJEN E ZARFAVE, N\u00cbSE JAN\u00cb T\u00cb INTERESUAR. MOSPARAQITJA E TYRE NUK PENGON HAPJEN E ZARFAVE.<br \/>ZARFAT HAPEN PAS P\u00cbRFUNDIMIT T\u00cb AFATIT T\u00cb DOR\u00cbZIMIT T\u00cb \u00a0DOKUMENTACIONIT.<br \/>PROCEDURA E KONKURIMIT, DO T\u00cb ZHVILLOHET N\u00cb RRUG\u00cb SHKRESORE. SUBJEKTET E INTERESUARA DUHET T\u00cb PARAQESIN VET\u00cbM DOKUMENTA ORIGJINALE T\u00cb MBYLLUR N\u00cb NJ\u00cb ZARF JOTRANSPARENT, T\u00cb VULOSUR DHE T\u00cb FIRMOSUR ME EMRIN DHE ADRES\u00cbN E OFERTUESIT DHE T\u00cb SH\u00cbNUAR: &#8220;OFERT\u00cb P\u00cbR KRYERJEN E SH\u00cbRBIMIT T\u00cb TRANSPORTIT T\u00cb UDH\u00cbTAR\u00cbVE N\u00cb LINJ\u00cbN URBANE RRETHQYTETASE SH\u00cbNVLASH &#8211; DURR\u00cbS \u2013 SH\u00cbNVLASH\u201d.<br \/>KOMISIONI I VLER\u00cbSIMIT DO T\u00cb VLER\u00cbSOJ\u00cb DOKUMENTACIONIN E DOR\u00cbZUAR \u00a0BR\u00cbNDA DAT\u00cbS 12.06.2024.<br \/>PAS VLER\u00cbSIMIT T\u00cb DOKUMENTACIONIT, SUBJEKTET KONKURUESE DO T\u00cb NJOFTOHEN LIDHUR ME VENDIMIN E MARR\u00cb ME SHKRES\u00cb ZYRTARE N\u00cb ADRES\u00cbN ZYRTARE T\u00cb SUBJEKTIT.<br \/>P\u00cbR \u00c7DO HOLL\u00cbSI E SQARIME T\u00cb M\u00cbTEJSHME KONTAKTONI ME DREJTORIN\u00cb E SHERBIMEVE PUBLIKE, SEKTORI I TRANSPORTIT, N\u00cb BASHKIN\u00cb DURR\u00cbS\u201d. <br \/>BAHK\u00cbLIDHUR K\u00cbTIJ NJOFTIMI GJENI KRITERET E KUALIFIKUESE DHE SISTEMIN E PIK\u00cbZIMIT.<br \/><br \/>Dokumenti: <a href=\"https:\/\/durres.gov.al\/wp-content\/uploads\/2024\/05\/KRITERET-KUALIFIKUESE.pdf\" target=\"_blank\" rel=\"noopener\">Kriteret kualifikuese<\/a><br \/>Dokumenti: <a href=\"https:\/\/durres.gov.al\/wp-content\/uploads\/2024\/05\/SISTEMI-I-PIKEZIMIT.pdf\" target=\"_blank\" rel=\"noopener\">Sistemi i pikezimit<\/a><\/p>\t\t\t\t\t\t\t\t<\/div>\n\t\t\t\t<\/div>\n\t\t\t\t\t<\/div>\n\t\t<\/div>\n\t\t\t\t\t<\/div>\n\t\t<\/section>\n\t\t\t\t<\/div>","protected":false},"excerpt":{"rendered":"<p>BASHKIA DURR\u00cbS SHPALL KONKURSIN E HAPUR P\u00cbR T\u00cb GJITHA SUBJEKTET JURIDIKE Q\u00cb OPEROJN\u00cb N\u00cb FUSH\u00cbN E TRANSPORTIT PUBLIK P\u00cbR PERZGJEDHJEN ME KONKURS T\u00cb HAPUR T\u00cb KANDIDATIT P\u00cbR OPERIMIN N\u00cb LINJ\u00cbN URBANE RRETHQYTETASE T\u00cb TRANSPORTIT T\u00cb UDH\u00cbTAR\u00cbVE: SH\u00cbNVLASH &#8211; DURR\u00cbS &#8211; SH\u00cbNVLASH.\u00a0AFATI I FUNDIT I DOR\u00cbZIMIT T\u00cb \u00a0DOKUMENTACIONIT \u00cbSHT\u00cb DATA 29.05.2024, ORA 12.00. DOR\u00cbZIMI I DOKUMENTACIONIT [&hellip;]<\/p>\n","protected":false},"author":4,"featured_media":0,"comment_status":"closed","ping_status":"closed","sticky":false,"template":"","format":"standard","meta":{"_acf_changed":false,"footnotes":""},"categories":[37],"tags":[],"class_list":["post-22040","post","type-post","status-publish","format-standard","hentry","category-njoftime"],"acf":[],"yoast_head":"<!-- This site is optimized with the Yoast SEO plugin v27.4 - https:\/\/yoast.com\/product\/yoast-seo-wordpress\/ -->\n<title>NJOFTIM P\u00cbR P\u00cbRZGJEDHJEN ME KONKURS T\u00cb HAPUR T\u00cb KANDIDATIT P\u00cbR OPERIMIN N\u00cb LINJ\u00cbN RRETHQYTETASE T\u00cb TRANSPORTIT T\u00cbUDH\u00cbTAR\u00cbVE SH\u00cbN VLASH-DURR\u00cbS- SH\u00cbN VLASH - Bashkia Durr\u00ebs<\/title>\n<meta name=\"robots\" content=\"index, follow, max-snippet:-1, max-image-preview:large, max-video-preview:-1\" \/>\n<link rel=\"canonical\" href=\"https:\/\/durres.gov.al\/en\/2024\/05\/08\/njoftim-per-perzgjedhjen-me-konkurs-te-hapur-te-kandidatit-per-operimin-ne-linjen-rrethqytetase-te-transportit-teudhetareve-shen-vlash-durres-shen-vlash\/\" \/>\n<meta property=\"og:locale\" content=\"en_US\" \/>\n<meta property=\"og:type\" content=\"article\" \/>\n<meta property=\"og:title\" content=\"NJOFTIM P\u00cbR P\u00cbRZGJEDHJEN ME KONKURS T\u00cb HAPUR T\u00cb KANDIDATIT P\u00cbR OPERIMIN N\u00cb LINJ\u00cbN RRETHQYTETASE T\u00cb TRANSPORTIT T\u00cbUDH\u00cbTAR\u00cbVE SH\u00cbN VLASH-DURR\u00cbS- SH\u00cbN VLASH - Bashkia Durr\u00ebs\" \/>\n<meta property=\"og:description\" content=\"BASHKIA DURR\u00cbS SHPALL KONKURSIN E HAPUR P\u00cbR T\u00cb GJITHA SUBJEKTET JURIDIKE Q\u00cb OPEROJN\u00cb N\u00cb FUSH\u00cbN E TRANSPORTIT PUBLIK P\u00cbR PERZGJEDHJEN ME KONKURS T\u00cb HAPUR T\u00cb KANDIDATIT P\u00cbR OPERIMIN N\u00cb LINJ\u00cbN URBANE RRETHQYTETASE T\u00cb TRANSPORTIT T\u00cb UDH\u00cbTAR\u00cbVE: SH\u00cbNVLASH &#8211; DURR\u00cbS &#8211; SH\u00cbNVLASH.\u00a0AFATI I FUNDIT I DOR\u00cbZIMIT T\u00cb \u00a0DOKUMENTACIONIT \u00cbSHT\u00cb DATA 29.05.2024, ORA 12.00. DOR\u00cbZIMI I DOKUMENTACIONIT [&hellip;]\" \/>\n<meta property=\"og:url\" content=\"https:\/\/durres.gov.al\/en\/2024\/05\/08\/njoftim-per-perzgjedhjen-me-konkurs-te-hapur-te-kandidatit-per-operimin-ne-linjen-rrethqytetase-te-transportit-teudhetareve-shen-vlash-durres-shen-vlash\/\" \/>\n<meta property=\"og:site_name\" content=\"Bashkia Durr\u00ebs\" \/>\n<meta property=\"article:published_time\" content=\"2024-05-08T13:38:34+00:00\" \/>\n<meta property=\"article:modified_time\" content=\"2024-05-08T13:41:03+00:00\" \/>\n<meta name=\"author\" content=\"admin\" \/>\n<meta name=\"twitter:card\" content=\"summary_large_image\" \/>\n<meta name=\"twitter:label1\" content=\"Written by\" \/>\n\t<meta name=\"twitter:data1\" content=\"admin\" \/>\n\t<meta name=\"twitter:label2\" content=\"Est. reading time\" \/>\n\t<meta name=\"twitter:data2\" content=\"1 minute\" \/>\n<script type=\"application\/ld+json\" class=\"yoast-schema-graph\">{\"@context\":\"https:\\\/\\\/schema.org\",\"@graph\":[{\"@type\":\"Article\",\"@id\":\"https:\\\/\\\/durres.gov.al\\\/2024\\\/05\\\/08\\\/njoftim-per-perzgjedhjen-me-konkurs-te-hapur-te-kandidatit-per-operimin-ne-linjen-rrethqytetase-te-transportit-teudhetareve-shen-vlash-durres-shen-vlash\\\/#article\",\"isPartOf\":{\"@id\":\"https:\\\/\\\/durres.gov.al\\\/2024\\\/05\\\/08\\\/njoftim-per-perzgjedhjen-me-konkurs-te-hapur-te-kandidatit-per-operimin-ne-linjen-rrethqytetase-te-transportit-teudhetareve-shen-vlash-durres-shen-vlash\\\/\"},\"author\":{\"name\":\"admin\",\"@id\":\"https:\\\/\\\/durres.gov.al\\\/en\\\/#\\\/schema\\\/person\\\/b635fa3d3fcab493eb6efe564996a856\"},\"headline\":\"NJOFTIM P\u00cbR P\u00cbRZGJEDHJEN ME KONKURS T\u00cb HAPUR T\u00cb KANDIDATIT P\u00cbR OPERIMIN N\u00cb LINJ\u00cbN RRETHQYTETASE T\u00cb TRANSPORTIT T\u00cbUDH\u00cbTAR\u00cbVE SH\u00cbN VLASH-DURR\u00cbS- SH\u00cbN VLASH\",\"datePublished\":\"2024-05-08T13:38:34+00:00\",\"dateModified\":\"2024-05-08T13:41:03+00:00\",\"mainEntityOfPage\":{\"@id\":\"https:\\\/\\\/durres.gov.al\\\/2024\\\/05\\\/08\\\/njoftim-per-perzgjedhjen-me-konkurs-te-hapur-te-kandidatit-per-operimin-ne-linjen-rrethqytetase-te-transportit-teudhetareve-shen-vlash-durres-shen-vlash\\\/\"},\"wordCount\":313,\"publisher\":{\"@id\":\"https:\\\/\\\/durres.gov.al\\\/en\\\/#organization\"},\"articleSection\":[\"Njoftime\"],\"inLanguage\":\"en-US\"},{\"@type\":\"WebPage\",\"@id\":\"https:\\\/\\\/durres.gov.al\\\/2024\\\/05\\\/08\\\/njoftim-per-perzgjedhjen-me-konkurs-te-hapur-te-kandidatit-per-operimin-ne-linjen-rrethqytetase-te-transportit-teudhetareve-shen-vlash-durres-shen-vlash\\\/\",\"url\":\"https:\\\/\\\/durres.gov.al\\\/2024\\\/05\\\/08\\\/njoftim-per-perzgjedhjen-me-konkurs-te-hapur-te-kandidatit-per-operimin-ne-linjen-rrethqytetase-te-transportit-teudhetareve-shen-vlash-durres-shen-vlash\\\/\",\"name\":\"NJOFTIM P\u00cbR P\u00cbRZGJEDHJEN ME KONKURS T\u00cb HAPUR T\u00cb KANDIDATIT P\u00cbR OPERIMIN N\u00cb LINJ\u00cbN RRETHQYTETASE T\u00cb TRANSPORTIT T\u00cbUDH\u00cbTAR\u00cbVE SH\u00cbN VLASH-DURR\u00cbS- SH\u00cbN VLASH - Bashkia Durr\u00ebs\",\"isPartOf\":{\"@id\":\"https:\\\/\\\/durres.gov.al\\\/en\\\/#website\"},\"datePublished\":\"2024-05-08T13:38:34+00:00\",\"dateModified\":\"2024-05-08T13:41:03+00:00\",\"breadcrumb\":{\"@id\":\"https:\\\/\\\/durres.gov.al\\\/2024\\\/05\\\/08\\\/njoftim-per-perzgjedhjen-me-konkurs-te-hapur-te-kandidatit-per-operimin-ne-linjen-rrethqytetase-te-transportit-teudhetareve-shen-vlash-durres-shen-vlash\\\/#breadcrumb\"},\"inLanguage\":\"en-US\",\"potentialAction\":[{\"@type\":\"ReadAction\",\"target\":[\"https:\\\/\\\/durres.gov.al\\\/2024\\\/05\\\/08\\\/njoftim-per-perzgjedhjen-me-konkurs-te-hapur-te-kandidatit-per-operimin-ne-linjen-rrethqytetase-te-transportit-teudhetareve-shen-vlash-durres-shen-vlash\\\/\"]}]},{\"@type\":\"BreadcrumbList\",\"@id\":\"https:\\\/\\\/durres.gov.al\\\/2024\\\/05\\\/08\\\/njoftim-per-perzgjedhjen-me-konkurs-te-hapur-te-kandidatit-per-operimin-ne-linjen-rrethqytetase-te-transportit-teudhetareve-shen-vlash-durres-shen-vlash\\\/#breadcrumb\",\"itemListElement\":[{\"@type\":\"ListItem\",\"position\":1,\"name\":\"Home\",\"item\":\"https:\\\/\\\/durres.gov.al\\\/\"},{\"@type\":\"ListItem\",\"position\":2,\"name\":\"NJOFTIM P\u00cbR P\u00cbRZGJEDHJEN ME KONKURS T\u00cb HAPUR T\u00cb KANDIDATIT P\u00cbR OPERIMIN N\u00cb LINJ\u00cbN RRETHQYTETASE T\u00cb TRANSPORTIT T\u00cbUDH\u00cbTAR\u00cbVE SH\u00cbN VLASH-DURR\u00cbS- SH\u00cbN VLASH\"}]},{\"@type\":\"WebSite\",\"@id\":\"https:\\\/\\\/durres.gov.al\\\/en\\\/#website\",\"url\":\"https:\\\/\\\/durres.gov.al\\\/en\\\/\",\"name\":\"Bashkia Durr\u00ebs\",\"description\":\"Faqja Zyrtare n\u00eb Internet\",\"publisher\":{\"@id\":\"https:\\\/\\\/durres.gov.al\\\/en\\\/#organization\"},\"potentialAction\":[{\"@type\":\"SearchAction\",\"target\":{\"@type\":\"EntryPoint\",\"urlTemplate\":\"https:\\\/\\\/durres.gov.al\\\/en\\\/?s={search_term_string}\"},\"query-input\":{\"@type\":\"PropertyValueSpecification\",\"valueRequired\":true,\"valueName\":\"search_term_string\"}}],\"inLanguage\":\"en-US\"},{\"@type\":\"Organization\",\"@id\":\"https:\\\/\\\/durres.gov.al\\\/en\\\/#organization\",\"name\":\"Bashkia Durr\u00ebs\",\"url\":\"https:\\\/\\\/durres.gov.al\\\/en\\\/\",\"logo\":{\"@type\":\"ImageObject\",\"inLanguage\":\"en-US\",\"@id\":\"https:\\\/\\\/durres.gov.al\\\/en\\\/#\\\/schema\\\/logo\\\/image\\\/\",\"url\":\"https:\\\/\\\/durres.gov.al\\\/wp-content\\\/uploads\\\/2023\\\/01\\\/cropped-logo.png\",\"contentUrl\":\"https:\\\/\\\/durres.gov.al\\\/wp-content\\\/uploads\\\/2023\\\/01\\\/cropped-logo.png\",\"width\":512,\"height\":512,\"caption\":\"Bashkia Durr\u00ebs\"},\"image\":{\"@id\":\"https:\\\/\\\/durres.gov.al\\\/en\\\/#\\\/schema\\\/logo\\\/image\\\/\"}},{\"@type\":\"Person\",\"@id\":\"https:\\\/\\\/durres.gov.al\\\/en\\\/#\\\/schema\\\/person\\\/b635fa3d3fcab493eb6efe564996a856\",\"name\":\"admin\",\"sameAs\":[\"https:\\\/\\\/durres.gov.al\"],\"url\":\"https:\\\/\\\/durres.gov.al\\\/en\\\/author\\\/admin\\\/\"}]}<\/script>\n<!-- \/ Yoast SEO plugin. -->","yoast_head_json":{"title":"NJOFTIM P\u00cbR P\u00cbRZGJEDHJEN ME KONKURS T\u00cb HAPUR T\u00cb KANDIDATIT P\u00cbR OPERIMIN N\u00cb LINJ\u00cbN RRETHQYTETASE T\u00cb TRANSPORTIT T\u00cbUDH\u00cbTAR\u00cbVE SH\u00cbN VLASH-DURR\u00cbS- SH\u00cbN VLASH - Bashkia Durr\u00ebs","robots":{"index":"index","follow":"follow","max-snippet":"max-snippet:-1","max-image-preview":"max-image-preview:large","max-video-preview":"max-video-preview:-1"},"canonical":"https:\/\/durres.gov.al\/en\/2024\/05\/08\/njoftim-per-perzgjedhjen-me-konkurs-te-hapur-te-kandidatit-per-operimin-ne-linjen-rrethqytetase-te-transportit-teudhetareve-shen-vlash-durres-shen-vlash\/","og_locale":"en_US","og_type":"article","og_title":"NJOFTIM P\u00cbR P\u00cbRZGJEDHJEN ME KONKURS T\u00cb HAPUR T\u00cb KANDIDATIT P\u00cbR OPERIMIN N\u00cb LINJ\u00cbN RRETHQYTETASE T\u00cb TRANSPORTIT T\u00cbUDH\u00cbTAR\u00cbVE SH\u00cbN VLASH-DURR\u00cbS- SH\u00cbN VLASH - Bashkia Durr\u00ebs","og_description":"BASHKIA DURR\u00cbS SHPALL KONKURSIN E HAPUR P\u00cbR T\u00cb GJITHA SUBJEKTET JURIDIKE Q\u00cb OPEROJN\u00cb N\u00cb FUSH\u00cbN E TRANSPORTIT PUBLIK P\u00cbR PERZGJEDHJEN ME KONKURS T\u00cb HAPUR T\u00cb KANDIDATIT P\u00cbR OPERIMIN N\u00cb LINJ\u00cbN URBANE RRETHQYTETASE T\u00cb TRANSPORTIT T\u00cb UDH\u00cbTAR\u00cbVE: SH\u00cbNVLASH &#8211; DURR\u00cbS &#8211; SH\u00cbNVLASH.\u00a0AFATI I FUNDIT I DOR\u00cbZIMIT T\u00cb \u00a0DOKUMENTACIONIT \u00cbSHT\u00cb DATA 29.05.2024, ORA 12.00. DOR\u00cbZIMI I DOKUMENTACIONIT [&hellip;]","og_url":"https:\/\/durres.gov.al\/en\/2024\/05\/08\/njoftim-per-perzgjedhjen-me-konkurs-te-hapur-te-kandidatit-per-operimin-ne-linjen-rrethqytetase-te-transportit-teudhetareve-shen-vlash-durres-shen-vlash\/","og_site_name":"Bashkia Durr\u00ebs","article_published_time":"2024-05-08T13:38:34+00:00","article_modified_time":"2024-05-08T13:41:03+00:00","author":"admin","twitter_card":"summary_large_image","twitter_misc":{"Written by":"admin","Est. reading time":"1 minute"},"schema":{"@context":"https:\/\/schema.org","@graph":[{"@type":"Article","@id":"https:\/\/durres.gov.al\/2024\/05\/08\/njoftim-per-perzgjedhjen-me-konkurs-te-hapur-te-kandidatit-per-operimin-ne-linjen-rrethqytetase-te-transportit-teudhetareve-shen-vlash-durres-shen-vlash\/#article","isPartOf":{"@id":"https:\/\/durres.gov.al\/2024\/05\/08\/njoftim-per-perzgjedhjen-me-konkurs-te-hapur-te-kandidatit-per-operimin-ne-linjen-rrethqytetase-te-transportit-teudhetareve-shen-vlash-durres-shen-vlash\/"},"author":{"name":"admin","@id":"https:\/\/durres.gov.al\/en\/#\/schema\/person\/b635fa3d3fcab493eb6efe564996a856"},"headline":"NJOFTIM P\u00cbR P\u00cbRZGJEDHJEN ME KONKURS T\u00cb HAPUR T\u00cb KANDIDATIT P\u00cbR OPERIMIN N\u00cb LINJ\u00cbN RRETHQYTETASE T\u00cb TRANSPORTIT T\u00cbUDH\u00cbTAR\u00cbVE SH\u00cbN VLASH-DURR\u00cbS- SH\u00cbN VLASH","datePublished":"2024-05-08T13:38:34+00:00","dateModified":"2024-05-08T13:41:03+00:00","mainEntityOfPage":{"@id":"https:\/\/durres.gov.al\/2024\/05\/08\/njoftim-per-perzgjedhjen-me-konkurs-te-hapur-te-kandidatit-per-operimin-ne-linjen-rrethqytetase-te-transportit-teudhetareve-shen-vlash-durres-shen-vlash\/"},"wordCount":313,"publisher":{"@id":"https:\/\/durres.gov.al\/en\/#organization"},"articleSection":["Njoftime"],"inLanguage":"en-US"},{"@type":"WebPage","@id":"https:\/\/durres.gov.al\/2024\/05\/08\/njoftim-per-perzgjedhjen-me-konkurs-te-hapur-te-kandidatit-per-operimin-ne-linjen-rrethqytetase-te-transportit-teudhetareve-shen-vlash-durres-shen-vlash\/","url":"https:\/\/durres.gov.al\/2024\/05\/08\/njoftim-per-perzgjedhjen-me-konkurs-te-hapur-te-kandidatit-per-operimin-ne-linjen-rrethqytetase-te-transportit-teudhetareve-shen-vlash-durres-shen-vlash\/","name":"NJOFTIM P\u00cbR P\u00cbRZGJEDHJEN ME KONKURS T\u00cb HAPUR T\u00cb KANDIDATIT P\u00cbR OPERIMIN N\u00cb LINJ\u00cbN RRETHQYTETASE T\u00cb TRANSPORTIT T\u00cbUDH\u00cbTAR\u00cbVE SH\u00cbN VLASH-DURR\u00cbS- SH\u00cbN VLASH - Bashkia Durr\u00ebs","isPartOf":{"@id":"https:\/\/durres.gov.al\/en\/#website"},"datePublished":"2024-05-08T13:38:34+00:00","dateModified":"2024-05-08T13:41:03+00:00","breadcrumb":{"@id":"https:\/\/durres.gov.al\/2024\/05\/08\/njoftim-per-perzgjedhjen-me-konkurs-te-hapur-te-kandidatit-per-operimin-ne-linjen-rrethqytetase-te-transportit-teudhetareve-shen-vlash-durres-shen-vlash\/#breadcrumb"},"inLanguage":"en-US","potentialAction":[{"@type":"ReadAction","target":["https:\/\/durres.gov.al\/2024\/05\/08\/njoftim-per-perzgjedhjen-me-konkurs-te-hapur-te-kandidatit-per-operimin-ne-linjen-rrethqytetase-te-transportit-teudhetareve-shen-vlash-durres-shen-vlash\/"]}]},{"@type":"BreadcrumbList","@id":"https:\/\/durres.gov.al\/2024\/05\/08\/njoftim-per-perzgjedhjen-me-konkurs-te-hapur-te-kandidatit-per-operimin-ne-linjen-rrethqytetase-te-transportit-teudhetareve-shen-vlash-durres-shen-vlash\/#breadcrumb","itemListElement":[{"@type":"ListItem","position":1,"name":"Home","item":"https:\/\/durres.gov.al\/"},{"@type":"ListItem","position":2,"name":"NJOFTIM P\u00cbR P\u00cbRZGJEDHJEN ME KONKURS T\u00cb HAPUR T\u00cb KANDIDATIT P\u00cbR OPERIMIN N\u00cb LINJ\u00cbN RRETHQYTETASE T\u00cb TRANSPORTIT T\u00cbUDH\u00cbTAR\u00cbVE SH\u00cbN VLASH-DURR\u00cbS- SH\u00cbN VLASH"}]},{"@type":"WebSite","@id":"https:\/\/durres.gov.al\/en\/#website","url":"https:\/\/durres.gov.al\/en\/","name":"Municipality of Durr\u00ebs","description":"Faqja Zyrtare n\u00eb Internet","publisher":{"@id":"https:\/\/durres.gov.al\/en\/#organization"},"potentialAction":[{"@type":"SearchAction","target":{"@type":"EntryPoint","urlTemplate":"https:\/\/durres.gov.al\/en\/?s={search_term_string}"},"query-input":{"@type":"PropertyValueSpecification","valueRequired":true,"valueName":"search_term_string"}}],"inLanguage":"en-US"},{"@type":"Organization","@id":"https:\/\/durres.gov.al\/en\/#organization","name":"Municipality of Durr\u00ebs","url":"https:\/\/durres.gov.al\/en\/","logo":{"@type":"ImageObject","inLanguage":"en-US","@id":"https:\/\/durres.gov.al\/en\/#\/schema\/logo\/image\/","url":"https:\/\/durres.gov.al\/wp-content\/uploads\/2023\/01\/cropped-logo.png","contentUrl":"https:\/\/durres.gov.al\/wp-content\/uploads\/2023\/01\/cropped-logo.png","width":512,"height":512,"caption":"Bashkia Durr\u00ebs"},"image":{"@id":"https:\/\/durres.gov.al\/en\/#\/schema\/logo\/image\/"}},{"@type":"Person","@id":"https:\/\/durres.gov.al\/en\/#\/schema\/person\/b635fa3d3fcab493eb6efe564996a856","name":"admin","sameAs":["https:\/\/durres.gov.al"],"url":"https:\/\/durres.gov.al\/en\/author\/admin\/"}]}},"_links":{"self":[{"href":"https:\/\/durres.gov.al\/en\/wp-json\/wp\/v2\/posts\/22040","targetHints":{"allow":["GET"]}}],"collection":[{"href":"https:\/\/durres.gov.al\/en\/wp-json\/wp\/v2\/posts"}],"about":[{"href":"https:\/\/durres.gov.al\/en\/wp-json\/wp\/v2\/types\/post"}],"author":[{"embeddable":true,"href":"https:\/\/durres.gov.al\/en\/wp-json\/wp\/v2\/users\/4"}],"replies":[{"embeddable":true,"href":"https:\/\/durres.gov.al\/en\/wp-json\/wp\/v2\/comments?post=22040"}],"version-history":[{"count":0,"href":"https:\/\/durres.gov.al\/en\/wp-json\/wp\/v2\/posts\/22040\/revisions"}],"wp:attachment":[{"href":"https:\/\/durres.gov.al\/en\/wp-json\/wp\/v2\/media?parent=22040"}],"wp:term":[{"taxonomy":"category","embeddable":true,"href":"https:\/\/durres.gov.al\/en\/wp-json\/wp\/v2\/categories?post=22040"},{"taxonomy":"post_tag","embeddable":true,"href":"https:\/\/durres.gov.al\/en\/wp-json\/wp\/v2\/tags?post=22040"}],"curies":[{"name":"wp","href":"https:\/\/api.w.org\/{rel}","templated":true}]}}