{"id":22111,"date":"2024-05-21T15:22:12","date_gmt":"2024-05-21T13:22:12","guid":{"rendered":"https:\/\/durres.gov.al\/?p=22111"},"modified":"2024-05-21T15:22:46","modified_gmt":"2024-05-21T13:22:46","slug":"keshilli-bashkiak-i-durresit-zhvillon-mbledhjen-e-rradhes-ja-vendimet-e-miratuara-6","status":"publish","type":"post","link":"https:\/\/durres.gov.al\/en\/2024\/05\/21\/keshilli-bashkiak-i-durresit-zhvillon-mbledhjen-e-rradhes-ja-vendimet-e-miratuara-6\/","title":{"rendered":"K\u00ebshilli bashkiak i Durr\u00ebsit zhvillon mbledhjen e rradh\u00ebs, ja vendimet e miratuara"},"content":{"rendered":"<div data-elementor-type=\"wp-post\" data-elementor-id=\"22111\" class=\"elementor elementor-22111\" data-elementor-post-type=\"post\">\n\t\t\t\t\t\t<section class=\"elementor-section elementor-top-section elementor-element elementor-element-18355a4 elementor-section-boxed elementor-section-height-default elementor-section-height-default\" data-id=\"18355a4\" data-element_type=\"section\" data-e-type=\"section\">\n\t\t\t\t\t\t<div class=\"elementor-container elementor-column-gap-default\">\n\t\t\t\t\t<div class=\"elementor-column elementor-col-100 elementor-top-column elementor-element elementor-element-9a3990d\" data-id=\"9a3990d\" data-element_type=\"column\" data-e-type=\"column\">\n\t\t\t<div class=\"elementor-widget-wrap elementor-element-populated\">\n\t\t\t\t\t\t<div class=\"elementor-element elementor-element-fc1da9e elementor-widget elementor-widget-text-editor\" data-id=\"fc1da9e\" data-element_type=\"widget\" data-e-type=\"widget\" data-widget_type=\"text-editor.default\">\n\t\t\t\t<div class=\"elementor-widget-container\">\n\t\t\t\t\t\t\t\t\t<p>K\u00ebshilli bashkiak i Durr\u00ebsit ka zhvilluar mbledhjen e rradh\u00ebs. N\u00eb k\u00ebt\u00eb mbledhje ku mori pjes\u00eb kryetarja e Bashkis\u00eb s\u00eb Durr\u00ebsit Emiriana Sako u miratuan t\u00eb gjitha vendimet e rendit t\u00eb dit\u00ebs. Po k\u00ebshtu u zgjodh n\u00ebnkryetare e k\u00ebshillit bashkiak, znj. Denisa Luarasi n\u00eb vend t\u00eb znj. Alneida Rroshi. N\u00eb fund t\u00eb mbledhjes u raportua lidhur me parandalimin e dhun\u0451s me baz\u0451 gjinore si dhe p\u00ebr auditimin e brendsh\u00ebm t\u00eb nd\u00ebrmarrjeve n\u00eb var\u00ebsi t\u00eb bashkis\u00eb p\u00ebr vitin 2023. Ja vendimet e miratuara:<\/p><p>P\u00ebr miratimin e familjeve p\u00ebrfituese t\u00eb ndihm\u00ebs ekonomike nga fondi i kusht\u00ebzuar p\u00ebr bllok-ndihm\u00ebn ekonomike deri 6 % dhe fondi i t\u00eb ardhurave t\u00eb bashkis\u00eb Durr\u00ebs, p\u00ebr muajin prill 2024.<\/p><p>P\u00ebr miratimin e raportit mbi monitorimin e zbatimit t\u00eb buxhetit t\u00eb bashkis\u00eb Durr\u00ebs p\u00ebr vitin 2023.<\/p><p>P\u00ebr miratimin e p\u00ebrdorimit t\u00eb fondeve t\u00eb trash\u00ebguara nga viti 2023.<\/p><p>P\u00ebr korrigjim gabimi material n\u00eb vendimin nr. 160, dat\u00eb 18.10.2023 t\u00eb k\u00ebshillit bashkiak Durr\u00ebs \u201cp\u00ebr miratimin e disa shtesave dhe ndryshimeve n\u00eb vendimet e k\u00ebshillit bashkiak nr. 71, dat\u00eb 20.07.2020, p\u00ebrsa i p\u00ebrket z. Altin Xhafa, nr. 36, dat\u00eb 09.05.2022 p\u00ebrsa i p\u00ebrket z.Petrit Hajro, nr. 32, dat\u00eb 26.03.2021, p\u00ebrsa i p\u00ebrket z. Lirim Ibrahimi, nr. 67, dat\u00eb 17.03.2023, p\u00ebrsa i p\u00ebrket z. Qani Xhabli dhe z. Xhevahir Xhabli, nr. 37, dat\u00eb 09.05.2022 p\u00ebrsa i p\u00ebrket z. Pandeli Sht\u00ebmbari, z. Thoma Sht\u00ebmbari, znj. Violeta Sht\u00ebmbari dhe znj. Adriana Sht\u00ebmbari, nr. 77, dat\u00eb 28.06.2021 p\u00ebrsa i p\u00ebrket z. Rustem Gjergji\u201d.<\/p><p>P\u00ebr miratimin e disa ndryshimeve n\u00eb vendimet e k\u00ebshillit bashkiak nr. 104, dat\u00eb 30.03.2023 p\u00ebrsa i p\u00ebrket znj. Shqipe Daja, nr.99, dat\u00eb 30.03.2023 p\u00ebrsa i p\u00ebrket z. Alfred Dylaver Berisha, nr.61, dat\u00eb 28.02.2023 p\u00ebrsa i p\u00ebrket znj. Syle Durmishi, znj.Q\u00ebndrime Durmishi, z. Fabrinio Durmishi, znj. Alesia Durmishi, z. Agim Durmishi dhe z. Mersin Durmishi, nr. 109, dat\u00eb 19.10.2022 p\u00ebrsa i p\u00ebrket znj. Suzana Hakani, z. Buljan Hakani, z.Shuster Hakani dhe z. Mirsel Hakani.<\/p><p>P\u00ebr miratimin e vler\u00ebs mesatare t\u00eb qiras\u00eb s\u00eb apartamenteve t\u00eb banimit p\u00ebr efekt t\u00eb subvencionimit t\u00eb qiras\u00eb p\u00ebr kategorit\u00eb, q\u00eb g\u00ebzojn\u00eb p\u00ebrpar\u00ebsi n\u00eb subvencionimin e qiras\u00eb n\u00eb tregun e lir\u00eb.<\/p><p>P\u00ebr miratimin e list\u00ebs em\u00ebrore t\u00eb familjeve q\u00eb p\u00ebrmbushin kriteret ligjore p\u00ebr p\u00ebrfitimin e grantit t\u00eb menj\u00ebhersh\u00ebm, q\u00eb do t\u00eb akordohet nga Ministria e Ekonomis\u00eb, Kultur\u00ebs dhe Inovacionit n\u00eb favor t\u00eb bashkis\u00eb Durr\u00ebs p\u00ebr familjet q\u00eb p\u00ebrfitojn\u00eb ulje t\u00eb vler\u00ebs s\u00eb kontrat\u00ebs p\u00ebr vitin 2024.<\/p><p>P\u00ebr miratimin e nj\u00eb ndryshim n\u00eb vkb-n\u00eb nr. 196, dat\u00eb 22.12.2023 \u201cp\u00ebr miratimin e list\u00ebs em\u00ebrore t\u00eb nx\u00ebn\u00ebsve t\u00eb arsimit parauniversitar, q\u00eb plot\u00ebsojn\u00eb kriteret ligjore p\u00ebr p\u00ebrfitimin e bursave dhe pagesave p\u00ebr vitin shkollor 2023-2024\u201d, i ndryshuar.<\/p><p>P\u00ebr miratimin e \u201cplanit t\u00eb p\u00ebrmir\u00ebsimit t\u00eb sh\u00ebrbimit n\u00eb arsimin parashkollor n\u00eb bashkin\u00eb Durr\u00ebs p\u00ebr vitet 2024-2026\u201d.<\/p><p>P\u00ebr miratimin e planit t\u00eb masave p\u00ebr parandalimin dhe menaxhimin e zjarreve n\u00eb pyje dhe kullota t\u00eb bashkis\u00eb Durr\u00ebs p\u00ebr vitin 2024.<\/p><p>P\u00ebr nj\u00eb shtes\u00eb n\u00eb vkb-n\u00eb nr. 475, dat\u00eb 23.12.2017 \u201cp\u00ebr miratimin e sistemit t\u00eb ri t\u00eb adresave t\u00eb bashkis\u00eb Durr\u00ebs\u201d, i ndryshuar.<\/p><p>P\u00ebr nj\u00eb shtes\u00eb n\u00eb vendimin e k\u00ebshillit bashkiak nr.3, dat\u00eb 6.02.2024 \u201cp\u00ebr miratimin e hart\u00ebs s\u00eb p\u00ebrgjithshme t\u00eb plazheve t\u00eb lejuara ku do t\u00eb ushtrohet veprimtaria si stacion plazhi, plazhet publike p\u00ebr vitin 2024 si dhe plot\u00ebsimin e saj me element\u00ebt e nevojsh\u00ebm lidhur me standartet e k\u00ebrkuara nga aktet ligjore n\u00eb fuqi\u201d.<\/p><p>P\u00ebr ndryshimin e vendimit nr. 32, dat\u00eb 26.03.2021, \u201cp\u00ebr miratimin e list\u00ebs s\u00eb p\u00ebrfituesve nga programi i procesit t\u00eb rind\u00ebrtimit p\u00ebr 4 banesa kolektive, l. 17, rruga \u201cLura\u201d, pallatet nr. 1&amp;3, dhe rruga \u201cAhmet Dakli\u201d, pallatet nr. 15&amp;23, t\u00eb d\u00ebmtuara nga fatkeq\u00ebsia natyrore e t\u00ebrmetit t\u00eb dat\u00ebs 26 n\u00ebntor 2019\u201d, i ndryshuar, p\u00ebrsa i p\u00ebrket znj. Miriana Shkodra\u201d.<\/p><p>P\u00ebr miratimin e disa shtesave dhe ndryshimeve n\u00eb vendimet e k\u00ebshillit bashkiak nr. 67, dat\u00eb 14.07.2020 p\u00ebrsa i p\u00ebrket z. Astrit Gjergji, znj. Flora Gjergji, z. Dornard Gjergji, znj. Oslana Gjergji, z. Fatmir Gjergji, znj. Myzejene Gjergji, znj. Rossella Gjergji dhe znj. Kiara Gjergji, nr. 72, dat\u00eb 20.07.2020 p\u00ebrsa i p\u00ebrket z. Besim Berberi, nr. 32, dat\u00eb 26.03.2021 p\u00ebrsa i p\u00ebrket z. Xhevdet Qerimi dhe Myzejen Qerimi, nr. 93, dat\u00eb 26.07.2021 p\u00ebrsa i p\u00ebrket z.Andi Alliu, Igli Alliu, Besmira Alliu dhe Jeme Alliu, nr. 118, dat\u00eb 27.10.2022 p\u00ebrsa i p\u00ebrket z. Mentor Zene dhe Rezarta Magani.<\/p><p>P\u00ebr miratimin e k\u00ebrkes\u00ebs p\u00ebr transferimin n\u00eb pron\u00ebsi t\u00eb bashkis\u00eb Durr\u00ebs, p\u00ebr nj\u00ebsin\u00eb administrative Katundi i Ri, t\u00eb pasuris\u00eb me nr. 101\/2, e llojit truall, me sip\u00ebrfaqe 1664 m2 , me vendodhje n\u00eb zon\u00ebn kadastrale 3541.<\/p><p>P\u00ebr miratimin e k\u00ebrkes\u00ebs p\u00ebr transferimin p\u00ebrfundimtar dhe p\u00ebrdit\u00ebsimin e t\u00eb dh\u00ebnave, t\u00eb pron\u00ebs me nr. 4, t\u00eb list\u00ebs s\u00eb transferimit, miratuar me vkm nr.538, dat\u00eb 07.8.2012, me em\u00ebrtimin \u201ctruall\u201d, me nr. pas.10\/34, zk 2590, Ku\u00e7ok, Man\u00ebz n\u00eb funksion t\u00eb nd\u00ebrtimit t\u00eb shkoll\u00ebs s\u00eb mesme Ku\u00e7ok, Man\u00ebz.<\/p><p>P\u00ebr miratimin e k\u00ebrkes\u00ebs p\u00ebr disa ndryshime n\u00eb vendimin nr. 536, dat\u00eb 1.5.2008, t\u00eb k\u00ebshillit t\u00eb ministrave \u201cp\u00ebr miratimin e list\u00ebs p\u00ebrfundimtare t\u00eb pronave t\u00eb paluajtshme publike, shtet\u00ebrore, q\u00eb transferohen n\u00eb pron\u00ebsi ose n\u00eb p\u00ebrdorim t\u00eb bashkis\u00eb Durr\u00ebs t\u00eb qarkut t\u00eb Durr\u00ebsit\u201d, t\u00eb ndryshuar.<\/p><p>P\u00ebr miratimin e nj\u00eb ndryshimi n\u00eb vkb nr.123, dat\u00eb 13.07.2023 \u201cp\u00ebr miratimin e komisioneve t\u00eb p\u00ebrhersh\u00ebm t\u00eb k\u00ebshillit bashkiak dhe p\u00ebrb\u00ebrjen e tyre\u201d.<\/p><p>Raportim mbi \u201cparandalimin e dhun\u0451s me baz\u0451 gjinore\u201d .<\/p><p>Raport mbi auditimin e brendsh\u00ebm t\u00eb nd\u00ebrmarrjeve n\u00eb var\u00ebsi t\u00eb bashkis\u00eb p\u00ebr vitin 2023.<\/p>\t\t\t\t\t\t\t\t<\/div>\n\t\t\t\t<\/div>\n\t\t\t\t\t<\/div>\n\t\t<\/div>\n\t\t\t\t\t<\/div>\n\t\t<\/section>\n\t\t\t\t<\/div>","protected":false},"excerpt":{"rendered":"<p>K\u00ebshilli bashkiak i Durr\u00ebsit ka zhvilluar mbledhjen e rradh\u00ebs. N\u00eb k\u00ebt\u00eb mbledhje ku mori pjes\u00eb kryetarja e Bashkis\u00eb s\u00eb Durr\u00ebsit Emiriana Sako u miratuan t\u00eb gjitha vendimet e rendit t\u00eb dit\u00ebs. Po k\u00ebshtu u zgjodh n\u00ebnkryetare e k\u00ebshillit bashkiak, znj. Denisa Luarasi n\u00eb vend t\u00eb znj. Alneida Rroshi. N\u00eb fund t\u00eb mbledhjes u raportua lidhur [&hellip;]<\/p>\n","protected":false},"author":4,"featured_media":22114,"comment_status":"closed","ping_status":"closed","sticky":false,"template":"","format":"standard","meta":{"_acf_changed":false,"footnotes":""},"categories":[37],"tags":[],"class_list":["post-22111","post","type-post","status-publish","format-standard","has-post-thumbnail","hentry","category-njoftime"],"acf":[],"yoast_head":"<!-- This site is optimized with the Yoast SEO plugin v27.4 - https:\/\/yoast.com\/product\/yoast-seo-wordpress\/ -->\n<title>K\u00ebshilli bashkiak i Durr\u00ebsit zhvillon mbledhjen e rradh\u00ebs, ja vendimet e miratuara - Bashkia Durr\u00ebs<\/title>\n<meta name=\"robots\" content=\"index, follow, max-snippet:-1, max-image-preview:large, max-video-preview:-1\" \/>\n<link rel=\"canonical\" href=\"https:\/\/durres.gov.al\/en\/2024\/05\/21\/keshilli-bashkiak-i-durresit-zhvillon-mbledhjen-e-rradhes-ja-vendimet-e-miratuara-6\/\" \/>\n<meta property=\"og:locale\" content=\"en_US\" \/>\n<meta property=\"og:type\" content=\"article\" \/>\n<meta property=\"og:title\" content=\"K\u00ebshilli bashkiak i Durr\u00ebsit zhvillon mbledhjen e rradh\u00ebs, ja vendimet e miratuara - Bashkia Durr\u00ebs\" \/>\n<meta property=\"og:description\" content=\"K\u00ebshilli bashkiak i Durr\u00ebsit ka zhvilluar mbledhjen e rradh\u00ebs. N\u00eb k\u00ebt\u00eb mbledhje ku mori pjes\u00eb kryetarja e Bashkis\u00eb s\u00eb Durr\u00ebsit Emiriana Sako u miratuan t\u00eb gjitha vendimet e rendit t\u00eb dit\u00ebs. Po k\u00ebshtu u zgjodh n\u00ebnkryetare e k\u00ebshillit bashkiak, znj. Denisa Luarasi n\u00eb vend t\u00eb znj. Alneida Rroshi. N\u00eb fund t\u00eb mbledhjes u raportua lidhur [&hellip;]\" \/>\n<meta property=\"og:url\" content=\"https:\/\/durres.gov.al\/en\/2024\/05\/21\/keshilli-bashkiak-i-durresit-zhvillon-mbledhjen-e-rradhes-ja-vendimet-e-miratuara-6\/\" \/>\n<meta property=\"og:site_name\" content=\"Bashkia Durr\u00ebs\" \/>\n<meta property=\"article:published_time\" content=\"2024-05-21T13:22:12+00:00\" \/>\n<meta property=\"article:modified_time\" content=\"2024-05-21T13:22:46+00:00\" \/>\n<meta property=\"og:image\" content=\"https:\/\/durres.gov.al\/wp-content\/uploads\/2024\/05\/Image-1-scaled.jpeg\" \/>\n\t<meta property=\"og:image:width\" content=\"2560\" \/>\n\t<meta property=\"og:image:height\" content=\"1707\" \/>\n\t<meta property=\"og:image:type\" content=\"image\/jpeg\" \/>\n<meta name=\"author\" content=\"admin\" \/>\n<meta name=\"twitter:card\" content=\"summary_large_image\" \/>\n<meta name=\"twitter:label1\" content=\"Written by\" \/>\n\t<meta name=\"twitter:data1\" content=\"admin\" \/>\n\t<meta name=\"twitter:label2\" content=\"Est. reading time\" \/>\n\t<meta name=\"twitter:data2\" content=\"5 minutes\" \/>\n<script type=\"application\/ld+json\" class=\"yoast-schema-graph\">{\"@context\":\"https:\\\/\\\/schema.org\",\"@graph\":[{\"@type\":\"Article\",\"@id\":\"https:\\\/\\\/durres.gov.al\\\/en\\\/2024\\\/05\\\/21\\\/keshilli-bashkiak-i-durresit-zhvillon-mbledhjen-e-rradhes-ja-vendimet-e-miratuara-6\\\/#article\",\"isPartOf\":{\"@id\":\"https:\\\/\\\/durres.gov.al\\\/en\\\/2024\\\/05\\\/21\\\/keshilli-bashkiak-i-durresit-zhvillon-mbledhjen-e-rradhes-ja-vendimet-e-miratuara-6\\\/\"},\"author\":{\"name\":\"admin\",\"@id\":\"https:\\\/\\\/durres.gov.al\\\/en\\\/#\\\/schema\\\/person\\\/b635fa3d3fcab493eb6efe564996a856\"},\"headline\":\"K\u00ebshilli bashkiak i Durr\u00ebsit zhvillon mbledhjen e rradh\u00ebs, ja vendimet e miratuara\",\"datePublished\":\"2024-05-21T13:22:12+00:00\",\"dateModified\":\"2024-05-21T13:22:46+00:00\",\"mainEntityOfPage\":{\"@id\":\"https:\\\/\\\/durres.gov.al\\\/en\\\/2024\\\/05\\\/21\\\/keshilli-bashkiak-i-durresit-zhvillon-mbledhjen-e-rradhes-ja-vendimet-e-miratuara-6\\\/\"},\"wordCount\":1013,\"publisher\":{\"@id\":\"https:\\\/\\\/durres.gov.al\\\/en\\\/#organization\"},\"image\":{\"@id\":\"https:\\\/\\\/durres.gov.al\\\/en\\\/2024\\\/05\\\/21\\\/keshilli-bashkiak-i-durresit-zhvillon-mbledhjen-e-rradhes-ja-vendimet-e-miratuara-6\\\/#primaryimage\"},\"thumbnailUrl\":\"https:\\\/\\\/durres.gov.al\\\/wp-content\\\/uploads\\\/2024\\\/05\\\/Image-1-scaled.jpeg\",\"articleSection\":[\"Njoftime\"],\"inLanguage\":\"en-US\"},{\"@type\":\"WebPage\",\"@id\":\"https:\\\/\\\/durres.gov.al\\\/en\\\/2024\\\/05\\\/21\\\/keshilli-bashkiak-i-durresit-zhvillon-mbledhjen-e-rradhes-ja-vendimet-e-miratuara-6\\\/\",\"url\":\"https:\\\/\\\/durres.gov.al\\\/en\\\/2024\\\/05\\\/21\\\/keshilli-bashkiak-i-durresit-zhvillon-mbledhjen-e-rradhes-ja-vendimet-e-miratuara-6\\\/\",\"name\":\"K\u00ebshilli bashkiak i Durr\u00ebsit zhvillon mbledhjen e rradh\u00ebs, ja vendimet e miratuara - Bashkia Durr\u00ebs\",\"isPartOf\":{\"@id\":\"https:\\\/\\\/durres.gov.al\\\/en\\\/#website\"},\"primaryImageOfPage\":{\"@id\":\"https:\\\/\\\/durres.gov.al\\\/en\\\/2024\\\/05\\\/21\\\/keshilli-bashkiak-i-durresit-zhvillon-mbledhjen-e-rradhes-ja-vendimet-e-miratuara-6\\\/#primaryimage\"},\"image\":{\"@id\":\"https:\\\/\\\/durres.gov.al\\\/en\\\/2024\\\/05\\\/21\\\/keshilli-bashkiak-i-durresit-zhvillon-mbledhjen-e-rradhes-ja-vendimet-e-miratuara-6\\\/#primaryimage\"},\"thumbnailUrl\":\"https:\\\/\\\/durres.gov.al\\\/wp-content\\\/uploads\\\/2024\\\/05\\\/Image-1-scaled.jpeg\",\"datePublished\":\"2024-05-21T13:22:12+00:00\",\"dateModified\":\"2024-05-21T13:22:46+00:00\",\"breadcrumb\":{\"@id\":\"https:\\\/\\\/durres.gov.al\\\/en\\\/2024\\\/05\\\/21\\\/keshilli-bashkiak-i-durresit-zhvillon-mbledhjen-e-rradhes-ja-vendimet-e-miratuara-6\\\/#breadcrumb\"},\"inLanguage\":\"en-US\",\"potentialAction\":[{\"@type\":\"ReadAction\",\"target\":[\"https:\\\/\\\/durres.gov.al\\\/en\\\/2024\\\/05\\\/21\\\/keshilli-bashkiak-i-durresit-zhvillon-mbledhjen-e-rradhes-ja-vendimet-e-miratuara-6\\\/\"]}]},{\"@type\":\"ImageObject\",\"inLanguage\":\"en-US\",\"@id\":\"https:\\\/\\\/durres.gov.al\\\/en\\\/2024\\\/05\\\/21\\\/keshilli-bashkiak-i-durresit-zhvillon-mbledhjen-e-rradhes-ja-vendimet-e-miratuara-6\\\/#primaryimage\",\"url\":\"https:\\\/\\\/durres.gov.al\\\/wp-content\\\/uploads\\\/2024\\\/05\\\/Image-1-scaled.jpeg\",\"contentUrl\":\"https:\\\/\\\/durres.gov.al\\\/wp-content\\\/uploads\\\/2024\\\/05\\\/Image-1-scaled.jpeg\",\"width\":2560,\"height\":1707},{\"@type\":\"BreadcrumbList\",\"@id\":\"https:\\\/\\\/durres.gov.al\\\/en\\\/2024\\\/05\\\/21\\\/keshilli-bashkiak-i-durresit-zhvillon-mbledhjen-e-rradhes-ja-vendimet-e-miratuara-6\\\/#breadcrumb\",\"itemListElement\":[{\"@type\":\"ListItem\",\"position\":1,\"name\":\"Home\",\"item\":\"https:\\\/\\\/durres.gov.al\\\/\"},{\"@type\":\"ListItem\",\"position\":2,\"name\":\"K\u00ebshilli bashkiak i Durr\u00ebsit zhvillon mbledhjen e rradh\u00ebs, ja vendimet e miratuara\"}]},{\"@type\":\"WebSite\",\"@id\":\"https:\\\/\\\/durres.gov.al\\\/en\\\/#website\",\"url\":\"https:\\\/\\\/durres.gov.al\\\/en\\\/\",\"name\":\"Bashkia Durr\u00ebs\",\"description\":\"Faqja Zyrtare n\u00eb Internet\",\"publisher\":{\"@id\":\"https:\\\/\\\/durres.gov.al\\\/en\\\/#organization\"},\"potentialAction\":[{\"@type\":\"SearchAction\",\"target\":{\"@type\":\"EntryPoint\",\"urlTemplate\":\"https:\\\/\\\/durres.gov.al\\\/en\\\/?s={search_term_string}\"},\"query-input\":{\"@type\":\"PropertyValueSpecification\",\"valueRequired\":true,\"valueName\":\"search_term_string\"}}],\"inLanguage\":\"en-US\"},{\"@type\":\"Organization\",\"@id\":\"https:\\\/\\\/durres.gov.al\\\/en\\\/#organization\",\"name\":\"Bashkia Durr\u00ebs\",\"url\":\"https:\\\/\\\/durres.gov.al\\\/en\\\/\",\"logo\":{\"@type\":\"ImageObject\",\"inLanguage\":\"en-US\",\"@id\":\"https:\\\/\\\/durres.gov.al\\\/en\\\/#\\\/schema\\\/logo\\\/image\\\/\",\"url\":\"https:\\\/\\\/durres.gov.al\\\/wp-content\\\/uploads\\\/2023\\\/01\\\/cropped-logo.png\",\"contentUrl\":\"https:\\\/\\\/durres.gov.al\\\/wp-content\\\/uploads\\\/2023\\\/01\\\/cropped-logo.png\",\"width\":512,\"height\":512,\"caption\":\"Bashkia Durr\u00ebs\"},\"image\":{\"@id\":\"https:\\\/\\\/durres.gov.al\\\/en\\\/#\\\/schema\\\/logo\\\/image\\\/\"}},{\"@type\":\"Person\",\"@id\":\"https:\\\/\\\/durres.gov.al\\\/en\\\/#\\\/schema\\\/person\\\/b635fa3d3fcab493eb6efe564996a856\",\"name\":\"admin\",\"sameAs\":[\"https:\\\/\\\/durres.gov.al\"],\"url\":\"https:\\\/\\\/durres.gov.al\\\/en\\\/author\\\/admin\\\/\"}]}<\/script>\n<!-- \/ Yoast SEO plugin. -->","yoast_head_json":{"title":"K\u00ebshilli bashkiak i Durr\u00ebsit zhvillon mbledhjen e rradh\u00ebs, ja vendimet e miratuara - Bashkia Durr\u00ebs","robots":{"index":"index","follow":"follow","max-snippet":"max-snippet:-1","max-image-preview":"max-image-preview:large","max-video-preview":"max-video-preview:-1"},"canonical":"https:\/\/durres.gov.al\/en\/2024\/05\/21\/keshilli-bashkiak-i-durresit-zhvillon-mbledhjen-e-rradhes-ja-vendimet-e-miratuara-6\/","og_locale":"en_US","og_type":"article","og_title":"K\u00ebshilli bashkiak i Durr\u00ebsit zhvillon mbledhjen e rradh\u00ebs, ja vendimet e miratuara - Bashkia Durr\u00ebs","og_description":"K\u00ebshilli bashkiak i Durr\u00ebsit ka zhvilluar mbledhjen e rradh\u00ebs. N\u00eb k\u00ebt\u00eb mbledhje ku mori pjes\u00eb kryetarja e Bashkis\u00eb s\u00eb Durr\u00ebsit Emiriana Sako u miratuan t\u00eb gjitha vendimet e rendit t\u00eb dit\u00ebs. Po k\u00ebshtu u zgjodh n\u00ebnkryetare e k\u00ebshillit bashkiak, znj. Denisa Luarasi n\u00eb vend t\u00eb znj. Alneida Rroshi. N\u00eb fund t\u00eb mbledhjes u raportua lidhur [&hellip;]","og_url":"https:\/\/durres.gov.al\/en\/2024\/05\/21\/keshilli-bashkiak-i-durresit-zhvillon-mbledhjen-e-rradhes-ja-vendimet-e-miratuara-6\/","og_site_name":"Bashkia Durr\u00ebs","article_published_time":"2024-05-21T13:22:12+00:00","article_modified_time":"2024-05-21T13:22:46+00:00","og_image":[{"width":2560,"height":1707,"url":"https:\/\/durres.gov.al\/wp-content\/uploads\/2024\/05\/Image-1-scaled.jpeg","type":"image\/jpeg"}],"author":"admin","twitter_card":"summary_large_image","twitter_misc":{"Written by":"admin","Est. reading time":"5 minutes"},"schema":{"@context":"https:\/\/schema.org","@graph":[{"@type":"Article","@id":"https:\/\/durres.gov.al\/en\/2024\/05\/21\/keshilli-bashkiak-i-durresit-zhvillon-mbledhjen-e-rradhes-ja-vendimet-e-miratuara-6\/#article","isPartOf":{"@id":"https:\/\/durres.gov.al\/en\/2024\/05\/21\/keshilli-bashkiak-i-durresit-zhvillon-mbledhjen-e-rradhes-ja-vendimet-e-miratuara-6\/"},"author":{"name":"admin","@id":"https:\/\/durres.gov.al\/en\/#\/schema\/person\/b635fa3d3fcab493eb6efe564996a856"},"headline":"K\u00ebshilli bashkiak i Durr\u00ebsit zhvillon mbledhjen e rradh\u00ebs, ja vendimet e miratuara","datePublished":"2024-05-21T13:22:12+00:00","dateModified":"2024-05-21T13:22:46+00:00","mainEntityOfPage":{"@id":"https:\/\/durres.gov.al\/en\/2024\/05\/21\/keshilli-bashkiak-i-durresit-zhvillon-mbledhjen-e-rradhes-ja-vendimet-e-miratuara-6\/"},"wordCount":1013,"publisher":{"@id":"https:\/\/durres.gov.al\/en\/#organization"},"image":{"@id":"https:\/\/durres.gov.al\/en\/2024\/05\/21\/keshilli-bashkiak-i-durresit-zhvillon-mbledhjen-e-rradhes-ja-vendimet-e-miratuara-6\/#primaryimage"},"thumbnailUrl":"https:\/\/durres.gov.al\/wp-content\/uploads\/2024\/05\/Image-1-scaled.jpeg","articleSection":["Njoftime"],"inLanguage":"en-US"},{"@type":"WebPage","@id":"https:\/\/durres.gov.al\/en\/2024\/05\/21\/keshilli-bashkiak-i-durresit-zhvillon-mbledhjen-e-rradhes-ja-vendimet-e-miratuara-6\/","url":"https:\/\/durres.gov.al\/en\/2024\/05\/21\/keshilli-bashkiak-i-durresit-zhvillon-mbledhjen-e-rradhes-ja-vendimet-e-miratuara-6\/","name":"K\u00ebshilli bashkiak i Durr\u00ebsit zhvillon mbledhjen e rradh\u00ebs, ja vendimet e miratuara - Bashkia Durr\u00ebs","isPartOf":{"@id":"https:\/\/durres.gov.al\/en\/#website"},"primaryImageOfPage":{"@id":"https:\/\/durres.gov.al\/en\/2024\/05\/21\/keshilli-bashkiak-i-durresit-zhvillon-mbledhjen-e-rradhes-ja-vendimet-e-miratuara-6\/#primaryimage"},"image":{"@id":"https:\/\/durres.gov.al\/en\/2024\/05\/21\/keshilli-bashkiak-i-durresit-zhvillon-mbledhjen-e-rradhes-ja-vendimet-e-miratuara-6\/#primaryimage"},"thumbnailUrl":"https:\/\/durres.gov.al\/wp-content\/uploads\/2024\/05\/Image-1-scaled.jpeg","datePublished":"2024-05-21T13:22:12+00:00","dateModified":"2024-05-21T13:22:46+00:00","breadcrumb":{"@id":"https:\/\/durres.gov.al\/en\/2024\/05\/21\/keshilli-bashkiak-i-durresit-zhvillon-mbledhjen-e-rradhes-ja-vendimet-e-miratuara-6\/#breadcrumb"},"inLanguage":"en-US","potentialAction":[{"@type":"ReadAction","target":["https:\/\/durres.gov.al\/en\/2024\/05\/21\/keshilli-bashkiak-i-durresit-zhvillon-mbledhjen-e-rradhes-ja-vendimet-e-miratuara-6\/"]}]},{"@type":"ImageObject","inLanguage":"en-US","@id":"https:\/\/durres.gov.al\/en\/2024\/05\/21\/keshilli-bashkiak-i-durresit-zhvillon-mbledhjen-e-rradhes-ja-vendimet-e-miratuara-6\/#primaryimage","url":"https:\/\/durres.gov.al\/wp-content\/uploads\/2024\/05\/Image-1-scaled.jpeg","contentUrl":"https:\/\/durres.gov.al\/wp-content\/uploads\/2024\/05\/Image-1-scaled.jpeg","width":2560,"height":1707},{"@type":"BreadcrumbList","@id":"https:\/\/durres.gov.al\/en\/2024\/05\/21\/keshilli-bashkiak-i-durresit-zhvillon-mbledhjen-e-rradhes-ja-vendimet-e-miratuara-6\/#breadcrumb","itemListElement":[{"@type":"ListItem","position":1,"name":"Home","item":"https:\/\/durres.gov.al\/"},{"@type":"ListItem","position":2,"name":"K\u00ebshilli bashkiak i Durr\u00ebsit zhvillon mbledhjen e rradh\u00ebs, ja vendimet e miratuara"}]},{"@type":"WebSite","@id":"https:\/\/durres.gov.al\/en\/#website","url":"https:\/\/durres.gov.al\/en\/","name":"Municipality of Durr\u00ebs","description":"Faqja Zyrtare n\u00eb Internet","publisher":{"@id":"https:\/\/durres.gov.al\/en\/#organization"},"potentialAction":[{"@type":"SearchAction","target":{"@type":"EntryPoint","urlTemplate":"https:\/\/durres.gov.al\/en\/?s={search_term_string}"},"query-input":{"@type":"PropertyValueSpecification","valueRequired":true,"valueName":"search_term_string"}}],"inLanguage":"en-US"},{"@type":"Organization","@id":"https:\/\/durres.gov.al\/en\/#organization","name":"Municipality of Durr\u00ebs","url":"https:\/\/durres.gov.al\/en\/","logo":{"@type":"ImageObject","inLanguage":"en-US","@id":"https:\/\/durres.gov.al\/en\/#\/schema\/logo\/image\/","url":"https:\/\/durres.gov.al\/wp-content\/uploads\/2023\/01\/cropped-logo.png","contentUrl":"https:\/\/durres.gov.al\/wp-content\/uploads\/2023\/01\/cropped-logo.png","width":512,"height":512,"caption":"Bashkia Durr\u00ebs"},"image":{"@id":"https:\/\/durres.gov.al\/en\/#\/schema\/logo\/image\/"}},{"@type":"Person","@id":"https:\/\/durres.gov.al\/en\/#\/schema\/person\/b635fa3d3fcab493eb6efe564996a856","name":"admin","sameAs":["https:\/\/durres.gov.al"],"url":"https:\/\/durres.gov.al\/en\/author\/admin\/"}]}},"_links":{"self":[{"href":"https:\/\/durres.gov.al\/en\/wp-json\/wp\/v2\/posts\/22111","targetHints":{"allow":["GET"]}}],"collection":[{"href":"https:\/\/durres.gov.al\/en\/wp-json\/wp\/v2\/posts"}],"about":[{"href":"https:\/\/durres.gov.al\/en\/wp-json\/wp\/v2\/types\/post"}],"author":[{"embeddable":true,"href":"https:\/\/durres.gov.al\/en\/wp-json\/wp\/v2\/users\/4"}],"replies":[{"embeddable":true,"href":"https:\/\/durres.gov.al\/en\/wp-json\/wp\/v2\/comments?post=22111"}],"version-history":[{"count":0,"href":"https:\/\/durres.gov.al\/en\/wp-json\/wp\/v2\/posts\/22111\/revisions"}],"wp:featuredmedia":[{"embeddable":true,"href":"https:\/\/durres.gov.al\/en\/wp-json\/wp\/v2\/media\/22114"}],"wp:attachment":[{"href":"https:\/\/durres.gov.al\/en\/wp-json\/wp\/v2\/media?parent=22111"}],"wp:term":[{"taxonomy":"category","embeddable":true,"href":"https:\/\/durres.gov.al\/en\/wp-json\/wp\/v2\/categories?post=22111"},{"taxonomy":"post_tag","embeddable":true,"href":"https:\/\/durres.gov.al\/en\/wp-json\/wp\/v2\/tags?post=22111"}],"curies":[{"name":"wp","href":"https:\/\/api.w.org\/{rel}","templated":true}]}}