{"id":22271,"date":"2024-06-24T14:26:16","date_gmt":"2024-06-24T12:26:16","guid":{"rendered":"https:\/\/durres.gov.al\/?p=22271"},"modified":"2024-06-24T14:28:28","modified_gmt":"2024-06-24T12:28:28","slug":"njoftim-per-kufizim-qarkullimi-mjetesh-ne-bulevardin-epidamn","status":"publish","type":"post","link":"https:\/\/durres.gov.al\/en\/2024\/06\/24\/njoftim-per-kufizim-qarkullimi-mjetesh-ne-bulevardin-epidamn\/","title":{"rendered":"Njoftim p\u00ebr kufizim qarkullimi mjetesh n\u00eb bulevardin \u201cEpidamn\u201d"},"content":{"rendered":"<div data-elementor-type=\"wp-post\" data-elementor-id=\"22271\" class=\"elementor elementor-22271\" data-elementor-post-type=\"post\">\n\t\t\t\t\t\t<section class=\"elementor-section elementor-top-section elementor-element elementor-element-18355a4 elementor-section-boxed elementor-section-height-default elementor-section-height-default\" data-id=\"18355a4\" data-element_type=\"section\" data-e-type=\"section\">\n\t\t\t\t\t\t<div class=\"elementor-container elementor-column-gap-default\">\n\t\t\t\t\t<div class=\"elementor-column elementor-col-100 elementor-top-column elementor-element elementor-element-9a3990d\" data-id=\"9a3990d\" data-element_type=\"column\" data-e-type=\"column\">\n\t\t\t<div class=\"elementor-widget-wrap elementor-element-populated\">\n\t\t\t\t\t\t<div class=\"elementor-element elementor-element-fc1da9e elementor-widget elementor-widget-text-editor\" data-id=\"fc1da9e\" data-element_type=\"widget\" data-e-type=\"widget\" data-widget_type=\"text-editor.default\">\n\t\t\t\t<div class=\"elementor-widget-container\">\n\t\t\t\t\t\t\t\t\t<p>\ud83d\udce2 NJOFTIM \ud83d\udce2<\/p><p>N\u00eb kuad\u00ebr t\u00eb masave p\u00ebr mbar\u00ebvajtjen e sezonit turistik Bashkia e Durr\u00ebsit njofton t\u00eb gjith\u00eb qytetar\u00ebt se bulevardi \u201cEpidamn\u201d do t\u00eb kthehet n\u00eb nj\u00eb hap\u00ebsir\u00eb pedonale nga \ud83d\uddd3\ufe0f 29 qershori deri n\u00eb 15 shtator, prej or\u00ebs \u23f0 19:00 \u2013 23:00, me q\u00ebllim q\u00eb t\u00eb leht\u00ebsohet l\u00ebvizja e qytetar\u00ebve por edhe e vizitor\u00ebve t\u00eb shumt\u00eb q\u00eb vijn\u00eb n\u00eb qytetin ton\u00eb p\u00ebr t\u00eb kaluar pushimet. Duke patur parasysh q\u00eb vitin e kaluar kjo nis\u00ebm u mir\u00ebprit nga qytetar\u00ebt dhe bizneset k\u00ebt\u00eb vit \u00ebsht\u00eb menduar q\u00eb t\u00eb zgjatet m\u00eb shum\u00eb afati kohor i ndalimit t\u00eb mjeteve p\u00ebr arsye q\u00eb t\u00eb b\u00ebhet e mundur reduktimi m\u00eb i madh i trafikut dhe krijimi i hap\u00ebsirave p\u00ebr k\u00ebmb\u00ebsor\u00ebt. P\u00ebr k\u00ebt\u00eb q\u00ebllim njoftojm\u00eb se:<\/p><p>\u00a0<\/p><p>\u274c\ud83d\ude97 Ndalohet qarkullimi dhe parkimi i automjeteve n\u00eb bulevardin Epidamn \ud83d\udccd (Segmenti Rrugor nga Prefektura deri tek Torra Veneciane) nga data 29.06.2024 deri m\u00eb dat\u00eb 15.09.2024, prej or\u00ebs 19:00 \u2013 23:00.<\/p><p>P\u00ebr ti ardhur n\u00eb ndihm\u00eb fluksit t\u00eb automjeteve, do t\u00eb b\u00ebhen ndryshimet e akseve rrugore, sipas planvendosjes, si m\u00eb posht\u00eb:<\/p><p>\u25b6\ufe0f Rruga \u201cKarl Topia\u201d dhe rruga \u201cGjergj Komnino\u201d, me nj\u00eb sens l\u00ebvizje (ngjitja drejt Vil\u00ebs s\u00eb Zogut)<\/p><p>\u25b6\ufe0f Rruga \u201cTelha \u00c7ela\u201d dhe rruga \u201c11 D\u00ebshmor\u00ebt e Stanit\u201d, me nj\u00eb sens l\u00ebvizje (zbritja n\u00eb drejtim t\u00eb Muzeut t\u00eb D\u00ebshmor\u00ebve)<\/p><p>\ud83d\udd34 Ndalohet parkimi i automjeteve p\u00ebrgjat\u00eb orarit 19:00-23:00 nga data 29.06.2024 deri m\u00eb dat\u00eb 15.09.2024 si m\u00eb posht\u00eb :<\/p><p>a)\u200bRruga \u201cAnastas Durrsaku\u201d (Segmenti nga Kisha Ortodokse &#8211; Shkolla Gjergj Kastrioti), ndalim parkimi i automjeteve<\/p><p>b)\u200bRruga \u201c Hysen Matlija\u201d dhe Rruga \u201cMbret\u00ebresha Teuta\u201d (Shkolla Italiane), ndalim parkimi i automjeteve nga nj\u00eb krah l\u00ebvizje<\/p><p>c)\u200bRruga \u201cKarl Topia\u201d dhe rruga \u201cGjergj Komnino\u201d, ndalim parkimi i automjeteve nga nj\u00eb krah l\u00ebvizje<\/p><p>\ud83d\udd34 Ndalohet parkimi i automjeteve p\u00ebrgjat\u00eb gjith\u00eb dit\u00ebs Rruga \u201cTaulantia\u201d n\u00eb nj\u00ebrin krah t\u00eb rrug\u00ebs (segmenti nga karburant \u201cKastrati\u201d &#8211; \u00a0kryq\u00ebzimi i shkoll\u00ebs Italiane) nga data 29.06.2024 deri m\u00eb dat\u00eb 15.09.2024<\/p><p>Shpresojm\u00eb n\u00eb mir\u00ebkuptimin e drejtuesve t\u00eb mjeteve dhe ftojm\u00eb t\u00eb gjith\u00eb qytetar\u00ebt q\u00eb t\u00eb l\u00ebn\u00eb makinat dhe t\u00eb shijojn\u00eb sh\u00ebtitjet n\u00eb k\u00ebmb\u00eb n\u00eb bulevardin kryesor t\u00eb Durr\u00ebsit n\u00eb k\u00ebto mbr\u00ebmje verore.<\/p>\t\t\t\t\t\t\t\t<\/div>\n\t\t\t\t<\/div>\n\t\t\t\t\t<\/div>\n\t\t<\/div>\n\t\t\t\t\t<\/div>\n\t\t<\/section>\n\t\t\t\t<\/div>","protected":false},"excerpt":{"rendered":"<p>\ud83d\udce2 NJOFTIM \ud83d\udce2 N\u00eb kuad\u00ebr t\u00eb masave p\u00ebr mbar\u00ebvajtjen e sezonit turistik Bashkia e Durr\u00ebsit njofton t\u00eb gjith\u00eb qytetar\u00ebt se bulevardi \u201cEpidamn\u201d do t\u00eb kthehet n\u00eb nj\u00eb hap\u00ebsir\u00eb pedonale nga \ud83d\uddd3\ufe0f 29 qershori deri n\u00eb 15 shtator, prej or\u00ebs \u23f0 19:00 \u2013 23:00, me q\u00ebllim q\u00eb t\u00eb leht\u00ebsohet l\u00ebvizja e qytetar\u00ebve por edhe e vizitor\u00ebve [&hellip;]<\/p>\n","protected":false},"author":4,"featured_media":0,"comment_status":"closed","ping_status":"closed","sticky":false,"template":"","format":"standard","meta":{"_acf_changed":false,"footnotes":""},"categories":[37],"tags":[],"class_list":["post-22271","post","type-post","status-publish","format-standard","hentry","category-njoftime"],"acf":[],"yoast_head":"<!-- This site is optimized with the Yoast SEO plugin v27.4 - https:\/\/yoast.com\/product\/yoast-seo-wordpress\/ -->\n<title>Njoftim p\u00ebr kufizim qarkullimi mjetesh n\u00eb bulevardin \u201cEpidamn\u201d - Bashkia Durr\u00ebs<\/title>\n<meta name=\"robots\" content=\"index, follow, max-snippet:-1, max-image-preview:large, max-video-preview:-1\" \/>\n<link rel=\"canonical\" href=\"https:\/\/durres.gov.al\/en\/2024\/06\/24\/njoftim-per-kufizim-qarkullimi-mjetesh-ne-bulevardin-epidamn\/\" \/>\n<meta property=\"og:locale\" content=\"en_US\" \/>\n<meta property=\"og:type\" content=\"article\" \/>\n<meta property=\"og:title\" content=\"Njoftim p\u00ebr kufizim qarkullimi mjetesh n\u00eb bulevardin \u201cEpidamn\u201d - Bashkia Durr\u00ebs\" \/>\n<meta property=\"og:description\" content=\"\ud83d\udce2 NJOFTIM \ud83d\udce2 N\u00eb kuad\u00ebr t\u00eb masave p\u00ebr mbar\u00ebvajtjen e sezonit turistik Bashkia e Durr\u00ebsit njofton t\u00eb gjith\u00eb qytetar\u00ebt se bulevardi \u201cEpidamn\u201d do t\u00eb kthehet n\u00eb nj\u00eb hap\u00ebsir\u00eb pedonale nga \ud83d\uddd3\ufe0f 29 qershori deri n\u00eb 15 shtator, prej or\u00ebs \u23f0 19:00 \u2013 23:00, me q\u00ebllim q\u00eb t\u00eb leht\u00ebsohet l\u00ebvizja e qytetar\u00ebve por edhe e vizitor\u00ebve [&hellip;]\" \/>\n<meta property=\"og:url\" content=\"https:\/\/durres.gov.al\/en\/2024\/06\/24\/njoftim-per-kufizim-qarkullimi-mjetesh-ne-bulevardin-epidamn\/\" \/>\n<meta property=\"og:site_name\" content=\"Bashkia Durr\u00ebs\" \/>\n<meta property=\"article:published_time\" content=\"2024-06-24T12:26:16+00:00\" \/>\n<meta property=\"article:modified_time\" content=\"2024-06-24T12:28:28+00:00\" \/>\n<meta name=\"author\" content=\"admin\" \/>\n<meta name=\"twitter:card\" content=\"summary_large_image\" \/>\n<meta name=\"twitter:label1\" content=\"Written by\" \/>\n\t<meta name=\"twitter:data1\" content=\"admin\" \/>\n\t<meta name=\"twitter:label2\" content=\"Est. reading time\" \/>\n\t<meta name=\"twitter:data2\" content=\"2 minutes\" \/>\n<script type=\"application\/ld+json\" class=\"yoast-schema-graph\">{\"@context\":\"https:\\\/\\\/schema.org\",\"@graph\":[{\"@type\":\"Article\",\"@id\":\"https:\\\/\\\/durres.gov.al\\\/2024\\\/06\\\/24\\\/njoftim-per-kufizim-qarkullimi-mjetesh-ne-bulevardin-epidamn\\\/#article\",\"isPartOf\":{\"@id\":\"https:\\\/\\\/durres.gov.al\\\/2024\\\/06\\\/24\\\/njoftim-per-kufizim-qarkullimi-mjetesh-ne-bulevardin-epidamn\\\/\"},\"author\":{\"name\":\"admin\",\"@id\":\"https:\\\/\\\/durres.gov.al\\\/en\\\/#\\\/schema\\\/person\\\/b635fa3d3fcab493eb6efe564996a856\"},\"headline\":\"Njoftim p\u00ebr kufizim qarkullimi mjetesh n\u00eb bulevardin \u201cEpidamn\u201d\",\"datePublished\":\"2024-06-24T12:26:16+00:00\",\"dateModified\":\"2024-06-24T12:28:28+00:00\",\"mainEntityOfPage\":{\"@id\":\"https:\\\/\\\/durres.gov.al\\\/2024\\\/06\\\/24\\\/njoftim-per-kufizim-qarkullimi-mjetesh-ne-bulevardin-epidamn\\\/\"},\"wordCount\":378,\"publisher\":{\"@id\":\"https:\\\/\\\/durres.gov.al\\\/en\\\/#organization\"},\"articleSection\":[\"Njoftime\"],\"inLanguage\":\"en-US\"},{\"@type\":\"WebPage\",\"@id\":\"https:\\\/\\\/durres.gov.al\\\/2024\\\/06\\\/24\\\/njoftim-per-kufizim-qarkullimi-mjetesh-ne-bulevardin-epidamn\\\/\",\"url\":\"https:\\\/\\\/durres.gov.al\\\/2024\\\/06\\\/24\\\/njoftim-per-kufizim-qarkullimi-mjetesh-ne-bulevardin-epidamn\\\/\",\"name\":\"Njoftim p\u00ebr kufizim qarkullimi mjetesh n\u00eb bulevardin \u201cEpidamn\u201d - Bashkia Durr\u00ebs\",\"isPartOf\":{\"@id\":\"https:\\\/\\\/durres.gov.al\\\/en\\\/#website\"},\"datePublished\":\"2024-06-24T12:26:16+00:00\",\"dateModified\":\"2024-06-24T12:28:28+00:00\",\"breadcrumb\":{\"@id\":\"https:\\\/\\\/durres.gov.al\\\/2024\\\/06\\\/24\\\/njoftim-per-kufizim-qarkullimi-mjetesh-ne-bulevardin-epidamn\\\/#breadcrumb\"},\"inLanguage\":\"en-US\",\"potentialAction\":[{\"@type\":\"ReadAction\",\"target\":[\"https:\\\/\\\/durres.gov.al\\\/2024\\\/06\\\/24\\\/njoftim-per-kufizim-qarkullimi-mjetesh-ne-bulevardin-epidamn\\\/\"]}]},{\"@type\":\"BreadcrumbList\",\"@id\":\"https:\\\/\\\/durres.gov.al\\\/2024\\\/06\\\/24\\\/njoftim-per-kufizim-qarkullimi-mjetesh-ne-bulevardin-epidamn\\\/#breadcrumb\",\"itemListElement\":[{\"@type\":\"ListItem\",\"position\":1,\"name\":\"Home\",\"item\":\"https:\\\/\\\/durres.gov.al\\\/\"},{\"@type\":\"ListItem\",\"position\":2,\"name\":\"Njoftim p\u00ebr kufizim qarkullimi mjetesh n\u00eb bulevardin \u201cEpidamn\u201d\"}]},{\"@type\":\"WebSite\",\"@id\":\"https:\\\/\\\/durres.gov.al\\\/en\\\/#website\",\"url\":\"https:\\\/\\\/durres.gov.al\\\/en\\\/\",\"name\":\"Bashkia Durr\u00ebs\",\"description\":\"Faqja Zyrtare n\u00eb Internet\",\"publisher\":{\"@id\":\"https:\\\/\\\/durres.gov.al\\\/en\\\/#organization\"},\"potentialAction\":[{\"@type\":\"SearchAction\",\"target\":{\"@type\":\"EntryPoint\",\"urlTemplate\":\"https:\\\/\\\/durres.gov.al\\\/en\\\/?s={search_term_string}\"},\"query-input\":{\"@type\":\"PropertyValueSpecification\",\"valueRequired\":true,\"valueName\":\"search_term_string\"}}],\"inLanguage\":\"en-US\"},{\"@type\":\"Organization\",\"@id\":\"https:\\\/\\\/durres.gov.al\\\/en\\\/#organization\",\"name\":\"Bashkia Durr\u00ebs\",\"url\":\"https:\\\/\\\/durres.gov.al\\\/en\\\/\",\"logo\":{\"@type\":\"ImageObject\",\"inLanguage\":\"en-US\",\"@id\":\"https:\\\/\\\/durres.gov.al\\\/en\\\/#\\\/schema\\\/logo\\\/image\\\/\",\"url\":\"https:\\\/\\\/durres.gov.al\\\/wp-content\\\/uploads\\\/2023\\\/01\\\/cropped-logo.png\",\"contentUrl\":\"https:\\\/\\\/durres.gov.al\\\/wp-content\\\/uploads\\\/2023\\\/01\\\/cropped-logo.png\",\"width\":512,\"height\":512,\"caption\":\"Bashkia Durr\u00ebs\"},\"image\":{\"@id\":\"https:\\\/\\\/durres.gov.al\\\/en\\\/#\\\/schema\\\/logo\\\/image\\\/\"}},{\"@type\":\"Person\",\"@id\":\"https:\\\/\\\/durres.gov.al\\\/en\\\/#\\\/schema\\\/person\\\/b635fa3d3fcab493eb6efe564996a856\",\"name\":\"admin\",\"sameAs\":[\"https:\\\/\\\/durres.gov.al\"],\"url\":\"https:\\\/\\\/durres.gov.al\\\/en\\\/author\\\/admin\\\/\"}]}<\/script>\n<!-- \/ Yoast SEO plugin. -->","yoast_head_json":{"title":"Njoftim p\u00ebr kufizim qarkullimi mjetesh n\u00eb bulevardin \u201cEpidamn\u201d - Bashkia Durr\u00ebs","robots":{"index":"index","follow":"follow","max-snippet":"max-snippet:-1","max-image-preview":"max-image-preview:large","max-video-preview":"max-video-preview:-1"},"canonical":"https:\/\/durres.gov.al\/en\/2024\/06\/24\/njoftim-per-kufizim-qarkullimi-mjetesh-ne-bulevardin-epidamn\/","og_locale":"en_US","og_type":"article","og_title":"Njoftim p\u00ebr kufizim qarkullimi mjetesh n\u00eb bulevardin \u201cEpidamn\u201d - Bashkia Durr\u00ebs","og_description":"\ud83d\udce2 NJOFTIM \ud83d\udce2 N\u00eb kuad\u00ebr t\u00eb masave p\u00ebr mbar\u00ebvajtjen e sezonit turistik Bashkia e Durr\u00ebsit njofton t\u00eb gjith\u00eb qytetar\u00ebt se bulevardi \u201cEpidamn\u201d do t\u00eb kthehet n\u00eb nj\u00eb hap\u00ebsir\u00eb pedonale nga \ud83d\uddd3\ufe0f 29 qershori deri n\u00eb 15 shtator, prej or\u00ebs \u23f0 19:00 \u2013 23:00, me q\u00ebllim q\u00eb t\u00eb leht\u00ebsohet l\u00ebvizja e qytetar\u00ebve por edhe e vizitor\u00ebve [&hellip;]","og_url":"https:\/\/durres.gov.al\/en\/2024\/06\/24\/njoftim-per-kufizim-qarkullimi-mjetesh-ne-bulevardin-epidamn\/","og_site_name":"Bashkia Durr\u00ebs","article_published_time":"2024-06-24T12:26:16+00:00","article_modified_time":"2024-06-24T12:28:28+00:00","author":"admin","twitter_card":"summary_large_image","twitter_misc":{"Written by":"admin","Est. reading time":"2 minutes"},"schema":{"@context":"https:\/\/schema.org","@graph":[{"@type":"Article","@id":"https:\/\/durres.gov.al\/2024\/06\/24\/njoftim-per-kufizim-qarkullimi-mjetesh-ne-bulevardin-epidamn\/#article","isPartOf":{"@id":"https:\/\/durres.gov.al\/2024\/06\/24\/njoftim-per-kufizim-qarkullimi-mjetesh-ne-bulevardin-epidamn\/"},"author":{"name":"admin","@id":"https:\/\/durres.gov.al\/en\/#\/schema\/person\/b635fa3d3fcab493eb6efe564996a856"},"headline":"Njoftim p\u00ebr kufizim qarkullimi mjetesh n\u00eb bulevardin \u201cEpidamn\u201d","datePublished":"2024-06-24T12:26:16+00:00","dateModified":"2024-06-24T12:28:28+00:00","mainEntityOfPage":{"@id":"https:\/\/durres.gov.al\/2024\/06\/24\/njoftim-per-kufizim-qarkullimi-mjetesh-ne-bulevardin-epidamn\/"},"wordCount":378,"publisher":{"@id":"https:\/\/durres.gov.al\/en\/#organization"},"articleSection":["Njoftime"],"inLanguage":"en-US"},{"@type":"WebPage","@id":"https:\/\/durres.gov.al\/2024\/06\/24\/njoftim-per-kufizim-qarkullimi-mjetesh-ne-bulevardin-epidamn\/","url":"https:\/\/durres.gov.al\/2024\/06\/24\/njoftim-per-kufizim-qarkullimi-mjetesh-ne-bulevardin-epidamn\/","name":"Njoftim p\u00ebr kufizim qarkullimi mjetesh n\u00eb bulevardin \u201cEpidamn\u201d - Bashkia Durr\u00ebs","isPartOf":{"@id":"https:\/\/durres.gov.al\/en\/#website"},"datePublished":"2024-06-24T12:26:16+00:00","dateModified":"2024-06-24T12:28:28+00:00","breadcrumb":{"@id":"https:\/\/durres.gov.al\/2024\/06\/24\/njoftim-per-kufizim-qarkullimi-mjetesh-ne-bulevardin-epidamn\/#breadcrumb"},"inLanguage":"en-US","potentialAction":[{"@type":"ReadAction","target":["https:\/\/durres.gov.al\/2024\/06\/24\/njoftim-per-kufizim-qarkullimi-mjetesh-ne-bulevardin-epidamn\/"]}]},{"@type":"BreadcrumbList","@id":"https:\/\/durres.gov.al\/2024\/06\/24\/njoftim-per-kufizim-qarkullimi-mjetesh-ne-bulevardin-epidamn\/#breadcrumb","itemListElement":[{"@type":"ListItem","position":1,"name":"Home","item":"https:\/\/durres.gov.al\/"},{"@type":"ListItem","position":2,"name":"Njoftim p\u00ebr kufizim qarkullimi mjetesh n\u00eb bulevardin \u201cEpidamn\u201d"}]},{"@type":"WebSite","@id":"https:\/\/durres.gov.al\/en\/#website","url":"https:\/\/durres.gov.al\/en\/","name":"Municipality of Durr\u00ebs","description":"Faqja Zyrtare n\u00eb Internet","publisher":{"@id":"https:\/\/durres.gov.al\/en\/#organization"},"potentialAction":[{"@type":"SearchAction","target":{"@type":"EntryPoint","urlTemplate":"https:\/\/durres.gov.al\/en\/?s={search_term_string}"},"query-input":{"@type":"PropertyValueSpecification","valueRequired":true,"valueName":"search_term_string"}}],"inLanguage":"en-US"},{"@type":"Organization","@id":"https:\/\/durres.gov.al\/en\/#organization","name":"Municipality of Durr\u00ebs","url":"https:\/\/durres.gov.al\/en\/","logo":{"@type":"ImageObject","inLanguage":"en-US","@id":"https:\/\/durres.gov.al\/en\/#\/schema\/logo\/image\/","url":"https:\/\/durres.gov.al\/wp-content\/uploads\/2023\/01\/cropped-logo.png","contentUrl":"https:\/\/durres.gov.al\/wp-content\/uploads\/2023\/01\/cropped-logo.png","width":512,"height":512,"caption":"Bashkia Durr\u00ebs"},"image":{"@id":"https:\/\/durres.gov.al\/en\/#\/schema\/logo\/image\/"}},{"@type":"Person","@id":"https:\/\/durres.gov.al\/en\/#\/schema\/person\/b635fa3d3fcab493eb6efe564996a856","name":"admin","sameAs":["https:\/\/durres.gov.al"],"url":"https:\/\/durres.gov.al\/en\/author\/admin\/"}]}},"_links":{"self":[{"href":"https:\/\/durres.gov.al\/en\/wp-json\/wp\/v2\/posts\/22271","targetHints":{"allow":["GET"]}}],"collection":[{"href":"https:\/\/durres.gov.al\/en\/wp-json\/wp\/v2\/posts"}],"about":[{"href":"https:\/\/durres.gov.al\/en\/wp-json\/wp\/v2\/types\/post"}],"author":[{"embeddable":true,"href":"https:\/\/durres.gov.al\/en\/wp-json\/wp\/v2\/users\/4"}],"replies":[{"embeddable":true,"href":"https:\/\/durres.gov.al\/en\/wp-json\/wp\/v2\/comments?post=22271"}],"version-history":[{"count":0,"href":"https:\/\/durres.gov.al\/en\/wp-json\/wp\/v2\/posts\/22271\/revisions"}],"wp:attachment":[{"href":"https:\/\/durres.gov.al\/en\/wp-json\/wp\/v2\/media?parent=22271"}],"wp:term":[{"taxonomy":"category","embeddable":true,"href":"https:\/\/durres.gov.al\/en\/wp-json\/wp\/v2\/categories?post=22271"},{"taxonomy":"post_tag","embeddable":true,"href":"https:\/\/durres.gov.al\/en\/wp-json\/wp\/v2\/tags?post=22271"}],"curies":[{"name":"wp","href":"https:\/\/api.w.org\/{rel}","templated":true}]}}