{"id":22960,"date":"2024-12-17T15:53:17","date_gmt":"2024-12-17T14:53:17","guid":{"rendered":"https:\/\/durres.gov.al\/?p=22960"},"modified":"2024-12-17T15:55:34","modified_gmt":"2024-12-17T14:55:34","slug":"rikonstruksioni-dhe-permiresimi-i-infrastruktures-se-rruges-adria-nga-rotonda-e-ures-se-dajlanit-deri-tek-rotonda-prane-stacionit-te-trenit","status":"publish","type":"post","link":"https:\/\/durres.gov.al\/en\/2024\/12\/17\/rikonstruksioni-dhe-permiresimi-i-infrastruktures-se-rruges-adria-nga-rotonda-e-ures-se-dajlanit-deri-tek-rotonda-prane-stacionit-te-trenit\/","title":{"rendered":"Rikonstruksioni dhe p\u00ebrmir\u00ebsimi i infrastruktur\u00ebs s\u00eb rrug\u00ebs &#8220;Adria nga rotonda e Ur\u00ebs s\u00eb Dajlanit deri tek Rotonda pran\u00eb Stacionit t\u00eb Trenit&#8221;"},"content":{"rendered":"<div data-elementor-type=\"wp-post\" data-elementor-id=\"22960\" class=\"elementor elementor-22960\" data-elementor-post-type=\"post\">\n\t\t\t\t\t\t<section class=\"elementor-section elementor-top-section elementor-element elementor-element-9c79146 elementor-section-boxed elementor-section-height-default elementor-section-height-default\" data-id=\"9c79146\" data-element_type=\"section\" data-e-type=\"section\">\n\t\t\t\t\t\t<div class=\"elementor-container elementor-column-gap-default\">\n\t\t\t\t\t<div class=\"elementor-column elementor-col-100 elementor-top-column elementor-element elementor-element-4ec2746\" data-id=\"4ec2746\" data-element_type=\"column\" data-e-type=\"column\">\n\t\t\t<div class=\"elementor-widget-wrap elementor-element-populated\">\n\t\t\t\t\t\t<div class=\"elementor-element elementor-element-eb5fc4d elementor-widget elementor-widget-text-editor\" data-id=\"eb5fc4d\" data-element_type=\"widget\" data-e-type=\"widget\" data-widget_type=\"text-editor.default\">\n\t\t\t\t<div class=\"elementor-widget-container\">\n\t\t\t\t\t\t\t\t\t<p><a href=\"https:\/\/durres.gov.al\/wp-content\/uploads\/2024\/12\/Afishim-Publik-Hyrja-DurresitRruga-Adria.pdf\" target=\"_blank\" rel=\"noopener\">Rikonstruksioni dhe p\u00ebrmir\u00ebsimi i infrastruktur\u00ebs s\u00eb rrug\u00ebs &#8220;Adria nga rotonda e Ur\u00ebs s\u00eb Dajlanit deri tek Rotonda pran\u00eb Stacionit t\u00eb Trenit&#8221;<\/a><\/p>\t\t\t\t\t\t\t\t<\/div>\n\t\t\t\t<\/div>\n\t\t\t\t\t<\/div>\n\t\t<\/div>\n\t\t\t\t\t<\/div>\n\t\t<\/section>\n\t\t\t\t<\/div>","protected":false},"excerpt":{"rendered":"<p>Rikonstruksioni dhe p\u00ebrmir\u00ebsimi i infrastruktur\u00ebs s\u00eb rrug\u00ebs &#8220;Adria nga rotonda e Ur\u00ebs s\u00eb Dajlanit deri tek Rotonda pran\u00eb Stacionit t\u00eb Trenit&#8221;<\/p>","protected":false},"author":4,"featured_media":0,"comment_status":"closed","ping_status":"closed","sticky":false,"template":"","format":"standard","meta":{"_acf_changed":false,"footnotes":""},"categories":[37],"tags":[],"class_list":["post-22960","post","type-post","status-publish","format-standard","hentry","category-njoftime"],"acf":[],"yoast_head":"<!-- This site is optimized with the Yoast SEO plugin v27.4 - https:\/\/yoast.com\/product\/yoast-seo-wordpress\/ -->\n<title>Rikonstruksioni dhe p\u00ebrmir\u00ebsimi i infrastruktur\u00ebs s\u00eb rrug\u00ebs &quot;Adria nga rotonda e Ur\u00ebs s\u00eb Dajlanit deri tek Rotonda pran\u00eb Stacionit t\u00eb Trenit&quot; - Bashkia Durr\u00ebs<\/title>\n<meta name=\"robots\" content=\"index, follow, max-snippet:-1, max-image-preview:large, max-video-preview:-1\" \/>\n<link rel=\"canonical\" href=\"https:\/\/durres.gov.al\/en\/2024\/12\/17\/rikonstruksioni-dhe-permiresimi-i-infrastruktures-se-rruges-adria-nga-rotonda-e-ures-se-dajlanit-deri-tek-rotonda-prane-stacionit-te-trenit\/\" \/>\n<meta property=\"og:locale\" content=\"en_US\" \/>\n<meta property=\"og:type\" content=\"article\" \/>\n<meta property=\"og:title\" content=\"Rikonstruksioni dhe p\u00ebrmir\u00ebsimi i infrastruktur\u00ebs s\u00eb rrug\u00ebs &quot;Adria nga rotonda e Ur\u00ebs s\u00eb Dajlanit deri tek Rotonda pran\u00eb Stacionit t\u00eb Trenit&quot; - Bashkia Durr\u00ebs\" \/>\n<meta property=\"og:description\" content=\"Rikonstruksioni dhe p\u00ebrmir\u00ebsimi i infrastruktur\u00ebs s\u00eb rrug\u00ebs &#8220;Adria nga rotonda e Ur\u00ebs s\u00eb Dajlanit deri tek Rotonda pran\u00eb Stacionit t\u00eb Trenit&#8221;\" \/>\n<meta property=\"og:url\" content=\"https:\/\/durres.gov.al\/en\/2024\/12\/17\/rikonstruksioni-dhe-permiresimi-i-infrastruktures-se-rruges-adria-nga-rotonda-e-ures-se-dajlanit-deri-tek-rotonda-prane-stacionit-te-trenit\/\" \/>\n<meta property=\"og:site_name\" content=\"Bashkia Durr\u00ebs\" \/>\n<meta property=\"article:published_time\" content=\"2024-12-17T14:53:17+00:00\" \/>\n<meta property=\"article:modified_time\" content=\"2024-12-17T14:55:34+00:00\" \/>\n<meta name=\"author\" content=\"admin\" \/>\n<meta name=\"twitter:card\" content=\"summary_large_image\" \/>\n<meta name=\"twitter:label1\" content=\"Written by\" \/>\n\t<meta name=\"twitter:data1\" content=\"admin\" \/>\n<script type=\"application\/ld+json\" class=\"yoast-schema-graph\">{\"@context\":\"https:\\\/\\\/schema.org\",\"@graph\":[{\"@type\":\"Article\",\"@id\":\"https:\\\/\\\/durres.gov.al\\\/2024\\\/12\\\/17\\\/rikonstruksioni-dhe-permiresimi-i-infrastruktures-se-rruges-adria-nga-rotonda-e-ures-se-dajlanit-deri-tek-rotonda-prane-stacionit-te-trenit\\\/#article\",\"isPartOf\":{\"@id\":\"https:\\\/\\\/durres.gov.al\\\/2024\\\/12\\\/17\\\/rikonstruksioni-dhe-permiresimi-i-infrastruktures-se-rruges-adria-nga-rotonda-e-ures-se-dajlanit-deri-tek-rotonda-prane-stacionit-te-trenit\\\/\"},\"author\":{\"name\":\"admin\",\"@id\":\"https:\\\/\\\/durres.gov.al\\\/en\\\/#\\\/schema\\\/person\\\/b635fa3d3fcab493eb6efe564996a856\"},\"headline\":\"Rikonstruksioni dhe p\u00ebrmir\u00ebsimi i infrastruktur\u00ebs s\u00eb rrug\u00ebs &#8220;Adria nga rotonda e Ur\u00ebs s\u00eb Dajlanit deri tek Rotonda pran\u00eb Stacionit t\u00eb Trenit&#8221;\",\"datePublished\":\"2024-12-17T14:53:17+00:00\",\"dateModified\":\"2024-12-17T14:55:34+00:00\",\"mainEntityOfPage\":{\"@id\":\"https:\\\/\\\/durres.gov.al\\\/2024\\\/12\\\/17\\\/rikonstruksioni-dhe-permiresimi-i-infrastruktures-se-rruges-adria-nga-rotonda-e-ures-se-dajlanit-deri-tek-rotonda-prane-stacionit-te-trenit\\\/\"},\"wordCount\":52,\"publisher\":{\"@id\":\"https:\\\/\\\/durres.gov.al\\\/en\\\/#organization\"},\"articleSection\":[\"Njoftime\"],\"inLanguage\":\"en-US\"},{\"@type\":\"WebPage\",\"@id\":\"https:\\\/\\\/durres.gov.al\\\/2024\\\/12\\\/17\\\/rikonstruksioni-dhe-permiresimi-i-infrastruktures-se-rruges-adria-nga-rotonda-e-ures-se-dajlanit-deri-tek-rotonda-prane-stacionit-te-trenit\\\/\",\"url\":\"https:\\\/\\\/durres.gov.al\\\/2024\\\/12\\\/17\\\/rikonstruksioni-dhe-permiresimi-i-infrastruktures-se-rruges-adria-nga-rotonda-e-ures-se-dajlanit-deri-tek-rotonda-prane-stacionit-te-trenit\\\/\",\"name\":\"Rikonstruksioni dhe p\u00ebrmir\u00ebsimi i infrastruktur\u00ebs s\u00eb rrug\u00ebs \\\"Adria nga rotonda e Ur\u00ebs s\u00eb Dajlanit deri tek Rotonda pran\u00eb Stacionit t\u00eb Trenit\\\" - Bashkia Durr\u00ebs\",\"isPartOf\":{\"@id\":\"https:\\\/\\\/durres.gov.al\\\/en\\\/#website\"},\"datePublished\":\"2024-12-17T14:53:17+00:00\",\"dateModified\":\"2024-12-17T14:55:34+00:00\",\"breadcrumb\":{\"@id\":\"https:\\\/\\\/durres.gov.al\\\/2024\\\/12\\\/17\\\/rikonstruksioni-dhe-permiresimi-i-infrastruktures-se-rruges-adria-nga-rotonda-e-ures-se-dajlanit-deri-tek-rotonda-prane-stacionit-te-trenit\\\/#breadcrumb\"},\"inLanguage\":\"en-US\",\"potentialAction\":[{\"@type\":\"ReadAction\",\"target\":[\"https:\\\/\\\/durres.gov.al\\\/2024\\\/12\\\/17\\\/rikonstruksioni-dhe-permiresimi-i-infrastruktures-se-rruges-adria-nga-rotonda-e-ures-se-dajlanit-deri-tek-rotonda-prane-stacionit-te-trenit\\\/\"]}]},{\"@type\":\"BreadcrumbList\",\"@id\":\"https:\\\/\\\/durres.gov.al\\\/2024\\\/12\\\/17\\\/rikonstruksioni-dhe-permiresimi-i-infrastruktures-se-rruges-adria-nga-rotonda-e-ures-se-dajlanit-deri-tek-rotonda-prane-stacionit-te-trenit\\\/#breadcrumb\",\"itemListElement\":[{\"@type\":\"ListItem\",\"position\":1,\"name\":\"Home\",\"item\":\"https:\\\/\\\/durres.gov.al\\\/\"},{\"@type\":\"ListItem\",\"position\":2,\"name\":\"Rikonstruksioni dhe p\u00ebrmir\u00ebsimi i infrastruktur\u00ebs s\u00eb rrug\u00ebs &#8220;Adria nga rotonda e Ur\u00ebs s\u00eb Dajlanit deri tek Rotonda pran\u00eb Stacionit t\u00eb Trenit&#8221;\"}]},{\"@type\":\"WebSite\",\"@id\":\"https:\\\/\\\/durres.gov.al\\\/en\\\/#website\",\"url\":\"https:\\\/\\\/durres.gov.al\\\/en\\\/\",\"name\":\"Bashkia Durr\u00ebs\",\"description\":\"Faqja Zyrtare n\u00eb Internet\",\"publisher\":{\"@id\":\"https:\\\/\\\/durres.gov.al\\\/en\\\/#organization\"},\"potentialAction\":[{\"@type\":\"SearchAction\",\"target\":{\"@type\":\"EntryPoint\",\"urlTemplate\":\"https:\\\/\\\/durres.gov.al\\\/en\\\/?s={search_term_string}\"},\"query-input\":{\"@type\":\"PropertyValueSpecification\",\"valueRequired\":true,\"valueName\":\"search_term_string\"}}],\"inLanguage\":\"en-US\"},{\"@type\":\"Organization\",\"@id\":\"https:\\\/\\\/durres.gov.al\\\/en\\\/#organization\",\"name\":\"Bashkia Durr\u00ebs\",\"url\":\"https:\\\/\\\/durres.gov.al\\\/en\\\/\",\"logo\":{\"@type\":\"ImageObject\",\"inLanguage\":\"en-US\",\"@id\":\"https:\\\/\\\/durres.gov.al\\\/en\\\/#\\\/schema\\\/logo\\\/image\\\/\",\"url\":\"https:\\\/\\\/durres.gov.al\\\/wp-content\\\/uploads\\\/2023\\\/01\\\/cropped-logo.png\",\"contentUrl\":\"https:\\\/\\\/durres.gov.al\\\/wp-content\\\/uploads\\\/2023\\\/01\\\/cropped-logo.png\",\"width\":512,\"height\":512,\"caption\":\"Bashkia Durr\u00ebs\"},\"image\":{\"@id\":\"https:\\\/\\\/durres.gov.al\\\/en\\\/#\\\/schema\\\/logo\\\/image\\\/\"}},{\"@type\":\"Person\",\"@id\":\"https:\\\/\\\/durres.gov.al\\\/en\\\/#\\\/schema\\\/person\\\/b635fa3d3fcab493eb6efe564996a856\",\"name\":\"admin\",\"sameAs\":[\"https:\\\/\\\/durres.gov.al\"],\"url\":\"https:\\\/\\\/durres.gov.al\\\/en\\\/author\\\/admin\\\/\"}]}<\/script>\n<!-- \/ Yoast SEO plugin. -->","yoast_head_json":{"title":"Rikonstruksioni dhe p\u00ebrmir\u00ebsimi i infrastruktur\u00ebs s\u00eb rrug\u00ebs \"Adria nga rotonda e Ur\u00ebs s\u00eb Dajlanit deri tek Rotonda pran\u00eb Stacionit t\u00eb Trenit\" - Bashkia Durr\u00ebs","robots":{"index":"index","follow":"follow","max-snippet":"max-snippet:-1","max-image-preview":"max-image-preview:large","max-video-preview":"max-video-preview:-1"},"canonical":"https:\/\/durres.gov.al\/en\/2024\/12\/17\/rikonstruksioni-dhe-permiresimi-i-infrastruktures-se-rruges-adria-nga-rotonda-e-ures-se-dajlanit-deri-tek-rotonda-prane-stacionit-te-trenit\/","og_locale":"en_US","og_type":"article","og_title":"Rikonstruksioni dhe p\u00ebrmir\u00ebsimi i infrastruktur\u00ebs s\u00eb rrug\u00ebs \"Adria nga rotonda e Ur\u00ebs s\u00eb Dajlanit deri tek Rotonda pran\u00eb Stacionit t\u00eb Trenit\" - Bashkia Durr\u00ebs","og_description":"Rikonstruksioni dhe p\u00ebrmir\u00ebsimi i infrastruktur\u00ebs s\u00eb rrug\u00ebs &#8220;Adria nga rotonda e Ur\u00ebs s\u00eb Dajlanit deri tek Rotonda pran\u00eb Stacionit t\u00eb Trenit&#8221;","og_url":"https:\/\/durres.gov.al\/en\/2024\/12\/17\/rikonstruksioni-dhe-permiresimi-i-infrastruktures-se-rruges-adria-nga-rotonda-e-ures-se-dajlanit-deri-tek-rotonda-prane-stacionit-te-trenit\/","og_site_name":"Bashkia Durr\u00ebs","article_published_time":"2024-12-17T14:53:17+00:00","article_modified_time":"2024-12-17T14:55:34+00:00","author":"admin","twitter_card":"summary_large_image","twitter_misc":{"Written by":"admin"},"schema":{"@context":"https:\/\/schema.org","@graph":[{"@type":"Article","@id":"https:\/\/durres.gov.al\/2024\/12\/17\/rikonstruksioni-dhe-permiresimi-i-infrastruktures-se-rruges-adria-nga-rotonda-e-ures-se-dajlanit-deri-tek-rotonda-prane-stacionit-te-trenit\/#article","isPartOf":{"@id":"https:\/\/durres.gov.al\/2024\/12\/17\/rikonstruksioni-dhe-permiresimi-i-infrastruktures-se-rruges-adria-nga-rotonda-e-ures-se-dajlanit-deri-tek-rotonda-prane-stacionit-te-trenit\/"},"author":{"name":"admin","@id":"https:\/\/durres.gov.al\/en\/#\/schema\/person\/b635fa3d3fcab493eb6efe564996a856"},"headline":"Rikonstruksioni dhe p\u00ebrmir\u00ebsimi i infrastruktur\u00ebs s\u00eb rrug\u00ebs &#8220;Adria nga rotonda e Ur\u00ebs s\u00eb Dajlanit deri tek Rotonda pran\u00eb Stacionit t\u00eb Trenit&#8221;","datePublished":"2024-12-17T14:53:17+00:00","dateModified":"2024-12-17T14:55:34+00:00","mainEntityOfPage":{"@id":"https:\/\/durres.gov.al\/2024\/12\/17\/rikonstruksioni-dhe-permiresimi-i-infrastruktures-se-rruges-adria-nga-rotonda-e-ures-se-dajlanit-deri-tek-rotonda-prane-stacionit-te-trenit\/"},"wordCount":52,"publisher":{"@id":"https:\/\/durres.gov.al\/en\/#organization"},"articleSection":["Njoftime"],"inLanguage":"en-US"},{"@type":"WebPage","@id":"https:\/\/durres.gov.al\/2024\/12\/17\/rikonstruksioni-dhe-permiresimi-i-infrastruktures-se-rruges-adria-nga-rotonda-e-ures-se-dajlanit-deri-tek-rotonda-prane-stacionit-te-trenit\/","url":"https:\/\/durres.gov.al\/2024\/12\/17\/rikonstruksioni-dhe-permiresimi-i-infrastruktures-se-rruges-adria-nga-rotonda-e-ures-se-dajlanit-deri-tek-rotonda-prane-stacionit-te-trenit\/","name":"Rikonstruksioni dhe p\u00ebrmir\u00ebsimi i infrastruktur\u00ebs s\u00eb rrug\u00ebs \"Adria nga rotonda e Ur\u00ebs s\u00eb Dajlanit deri tek Rotonda pran\u00eb Stacionit t\u00eb Trenit\" - Bashkia Durr\u00ebs","isPartOf":{"@id":"https:\/\/durres.gov.al\/en\/#website"},"datePublished":"2024-12-17T14:53:17+00:00","dateModified":"2024-12-17T14:55:34+00:00","breadcrumb":{"@id":"https:\/\/durres.gov.al\/2024\/12\/17\/rikonstruksioni-dhe-permiresimi-i-infrastruktures-se-rruges-adria-nga-rotonda-e-ures-se-dajlanit-deri-tek-rotonda-prane-stacionit-te-trenit\/#breadcrumb"},"inLanguage":"en-US","potentialAction":[{"@type":"ReadAction","target":["https:\/\/durres.gov.al\/2024\/12\/17\/rikonstruksioni-dhe-permiresimi-i-infrastruktures-se-rruges-adria-nga-rotonda-e-ures-se-dajlanit-deri-tek-rotonda-prane-stacionit-te-trenit\/"]}]},{"@type":"BreadcrumbList","@id":"https:\/\/durres.gov.al\/2024\/12\/17\/rikonstruksioni-dhe-permiresimi-i-infrastruktures-se-rruges-adria-nga-rotonda-e-ures-se-dajlanit-deri-tek-rotonda-prane-stacionit-te-trenit\/#breadcrumb","itemListElement":[{"@type":"ListItem","position":1,"name":"Home","item":"https:\/\/durres.gov.al\/"},{"@type":"ListItem","position":2,"name":"Rikonstruksioni dhe p\u00ebrmir\u00ebsimi i infrastruktur\u00ebs s\u00eb rrug\u00ebs &#8220;Adria nga rotonda e Ur\u00ebs s\u00eb Dajlanit deri tek Rotonda pran\u00eb Stacionit t\u00eb Trenit&#8221;"}]},{"@type":"WebSite","@id":"https:\/\/durres.gov.al\/en\/#website","url":"https:\/\/durres.gov.al\/en\/","name":"Municipality of Durr\u00ebs","description":"Faqja Zyrtare n\u00eb Internet","publisher":{"@id":"https:\/\/durres.gov.al\/en\/#organization"},"potentialAction":[{"@type":"SearchAction","target":{"@type":"EntryPoint","urlTemplate":"https:\/\/durres.gov.al\/en\/?s={search_term_string}"},"query-input":{"@type":"PropertyValueSpecification","valueRequired":true,"valueName":"search_term_string"}}],"inLanguage":"en-US"},{"@type":"Organization","@id":"https:\/\/durres.gov.al\/en\/#organization","name":"Municipality of Durr\u00ebs","url":"https:\/\/durres.gov.al\/en\/","logo":{"@type":"ImageObject","inLanguage":"en-US","@id":"https:\/\/durres.gov.al\/en\/#\/schema\/logo\/image\/","url":"https:\/\/durres.gov.al\/wp-content\/uploads\/2023\/01\/cropped-logo.png","contentUrl":"https:\/\/durres.gov.al\/wp-content\/uploads\/2023\/01\/cropped-logo.png","width":512,"height":512,"caption":"Bashkia Durr\u00ebs"},"image":{"@id":"https:\/\/durres.gov.al\/en\/#\/schema\/logo\/image\/"}},{"@type":"Person","@id":"https:\/\/durres.gov.al\/en\/#\/schema\/person\/b635fa3d3fcab493eb6efe564996a856","name":"admin","sameAs":["https:\/\/durres.gov.al"],"url":"https:\/\/durres.gov.al\/en\/author\/admin\/"}]}},"_links":{"self":[{"href":"https:\/\/durres.gov.al\/en\/wp-json\/wp\/v2\/posts\/22960","targetHints":{"allow":["GET"]}}],"collection":[{"href":"https:\/\/durres.gov.al\/en\/wp-json\/wp\/v2\/posts"}],"about":[{"href":"https:\/\/durres.gov.al\/en\/wp-json\/wp\/v2\/types\/post"}],"author":[{"embeddable":true,"href":"https:\/\/durres.gov.al\/en\/wp-json\/wp\/v2\/users\/4"}],"replies":[{"embeddable":true,"href":"https:\/\/durres.gov.al\/en\/wp-json\/wp\/v2\/comments?post=22960"}],"version-history":[{"count":0,"href":"https:\/\/durres.gov.al\/en\/wp-json\/wp\/v2\/posts\/22960\/revisions"}],"wp:attachment":[{"href":"https:\/\/durres.gov.al\/en\/wp-json\/wp\/v2\/media?parent=22960"}],"wp:term":[{"taxonomy":"category","embeddable":true,"href":"https:\/\/durres.gov.al\/en\/wp-json\/wp\/v2\/categories?post=22960"},{"taxonomy":"post_tag","embeddable":true,"href":"https:\/\/durres.gov.al\/en\/wp-json\/wp\/v2\/tags?post=22960"}],"curies":[{"name":"wp","href":"https:\/\/api.w.org\/{rel}","templated":true}]}}