{"id":23734,"date":"2025-06-10T13:25:01","date_gmt":"2025-06-10T11:25:01","guid":{"rendered":"https:\/\/durres.gov.al\/?p=23734"},"modified":"2025-06-10T13:25:01","modified_gmt":"2025-06-10T11:25:01","slug":"njoftim-per-degjese-publike-2","status":"publish","type":"post","link":"https:\/\/durres.gov.al\/en\/2025\/06\/10\/njoftim-per-degjese-publike-2\/","title":{"rendered":"Njoftim p\u00ebr d\u00ebgjes\u00eb publike"},"content":{"rendered":"<p><a href=\"https:\/\/durres.gov.al\/wp-content\/uploads\/2025\/06\/SECAP-Durres_Albanian-draft4-26korrik2024.pdf\">Njoftim p\u00ebr d\u00ebgjes\u00eb publike<\/a><\/p>\n<div>N\u00eb kuad\u00ebr t\u00eb procedur\u00ebs p\u00ebr miratimin e Plani i Veprimit p\u00ebr Energjin\u00eb e Qendrueshme dhe Klim\u00ebn (SECAP), do t\u00eb organizohet Degjesa me Publikun me dat\u00eb\u00a0<b><span dir=\"ltr\">24.06.2025<\/span>\u00a0ora 10.00<\/b>\u00a0ne Sallen e Keshillit Bashkiak.<\/div>\n<div><b>Q\u00ebllimi: 1.<\/b>\u00a0Rritja e eficenc\u00ebs dhe q\u00ebndrueshm\u00ebria e sh\u00ebrbimit t\u00eb menaxhimit t\u00eb mbetjeve urbane p\u00ebrmes optimizimit operacional dhe kontrollit t\u00eb kostove.\u00a0<b>2.\u00a0<\/b>N\u00eb aspektin e energjis\u00eb s\u00eb q\u00ebndrueshme t\u00eb klim\u00ebs, ku objektivi madhor dhe q\u00ebllimi i p\u00ebrbashk\u00ebt i CoM (Konvent\u00ebs s\u00eb Kryetar\u00ebve t\u00eb Bashkive)\u00a0\u00ebsht\u00eb reduktimi i shkarkimeve t\u00eb gazrave ser\u00eb (me focus n\u00eb Co2) p\u00ebr s\u00eb paku 40% deri n\u00eb vitin 2030 krahasuar me vitin referent, por pa l\u00ebn\u00eb jasht\u00eb fokusit:<\/div>\n<ul>\n<li>Dekarbonizimin e territorit t\u00eb bashkive n\u00ebnshkruese t\u00eb CoM (Konvent\u00ebs s\u00eb Kryetar\u00ebve t\u00eb Bashkive), duke kontibuar n\u00eb mbajtjen e nivelit global t\u00eb ngrohjes n\u00ebn +2oC krahasuar me temeraturat e periudh\u00ebs &#8216;para-industriale&#8217;, n\u00eb p\u00ebrputhje me Marr\u00ebveshjen e Parisit (COP 21) t\u00eb vitit 2015;<\/li>\n<li>Territori i bashkis\u00eb t\u00eb jet\u00eb m\u00eb rezistent ndaj ndikimeve t\u00eb d\u00ebmshme t\u00eb ndryshimeve klimatike;<\/li>\n<li>Qasje universale n\u00eb sh\u00ebrbimet t\u00eb q\u00ebndrueshme dhe cil\u00ebsore energjetike, me \u00e7mime t\u00eb p\u00ebrballueshme, p\u00ebr t\u00eb rritur sigurin\u00eb e furnizmit me energji dhe cil\u00ebsin\u00eb e jet\u00ebs s\u00eb qytetar\u00ebve.<\/li>\n<li>Plot\u00ebsimi i kuadrit ligjor, me an\u00eb t\u00eb nj\u00eb plani veprimi lokal p\u00ebr energjin\u00eb e q\u00ebndrueshme dhe ndryshimet klimatike.<\/li>\n<\/ul>\n<p>Klima e ardhshme nuk \u00ebsht\u00eb e sigurt dhe ne kemi planifikuar nj\u00eb plan masash q\u00eb do t\u00eb pasqyrojn\u00eb klim\u00ebn ton\u00eb n\u00eb ndryshim. Plani i Veprimit p\u00ebr Energjin\u00eb e Qendrueshme dhe Klim\u00ebn (SECAP) i Bashkis\u00eb Durr\u00ebs p\u00ebrcakton veprimet e zbutjes dhe t\u00eb p\u00ebrshtatjes p\u00ebr energjin\u00eb dhe ndryshimet e klim\u00ebs, t\u00eb cilat nevojiten t\u00eb nd\u00ebrmerren n\u00eb nivelin e qeverisjes vendore, dhe t\u00eb cilat i bashkohen veprimeve n\u00eb nivelin e qeverisjes qendrore, duke kontribuar s\u00eb bashku n\u00eb p\u00ebrmbushjen e objektivave komb\u00ebtare p\u00ebr zbutjen dhe p\u00ebrshtatjen ndaj ndryshimit t\u00eb klim\u00ebs deri n\u00eb vitin 2030. Ky plan \u00ebsht\u00eb hartuar n\u00eb periudh\u00ebn 2023-2024 permes p\u00ebrfshirjes s\u00eb nj\u00eb grupi t\u00eb gjer\u00eb specialist\u00ebsh vendore t\u00eb sektor\u00ebve t\u00eb ndrysh\u00ebm, t\u00eb ekspert\u00ebve komb\u00ebtare dhe me mb\u00ebshtetjen e GIZ. Plani p\u00ebrmban Inventarin Baz\u00eb t\u00eb Emetimeve (BEI) p\u00ebr t\u00eb p\u00ebrcaktuar dhe krahasuar ndikimin e aktiviteteve zbut\u00ebse dhe Vler\u00ebsimin e Riskut dhe Cenueshm\u00ebris\u00eb (RVA) t\u00eb sektor\u00ebve p\u00ebrkat\u00ebs t\u00eb aktiviteteve ndaj ndryshimeve klimatike.<\/p>","protected":false},"excerpt":{"rendered":"<p>Njoftim p\u00ebr d\u00ebgjes\u00eb publike N\u00eb kuad\u00ebr t\u00eb procedur\u00ebs p\u00ebr miratimin e Plani i Veprimit p\u00ebr Energjin\u00eb e Qendrueshme dhe Klim\u00ebn (SECAP), do t\u00eb organizohet Degjesa me Publikun me dat\u00eb\u00a024.06.2025\u00a0ora 10.00\u00a0ne Sallen e Keshillit Bashkiak. Q\u00ebllimi: 1.\u00a0Rritja e eficenc\u00ebs dhe q\u00ebndrueshm\u00ebria e sh\u00ebrbimit t\u00eb menaxhimit t\u00eb mbetjeve urbane p\u00ebrmes optimizimit operacional dhe kontrollit t\u00eb kostove.\u00a02.\u00a0N\u00eb aspektin [&hellip;]<\/p>\n","protected":false},"author":4,"featured_media":0,"comment_status":"closed","ping_status":"closed","sticky":false,"template":"","format":"standard","meta":{"_acf_changed":false,"footnotes":""},"categories":[37],"tags":[],"class_list":["post-23734","post","type-post","status-publish","format-standard","hentry","category-njoftime"],"acf":[],"yoast_head":"<!-- This site is optimized with the Yoast SEO plugin v27.4 - https:\/\/yoast.com\/product\/yoast-seo-wordpress\/ -->\n<title>Njoftim p\u00ebr d\u00ebgjes\u00eb publike - Bashkia Durr\u00ebs<\/title>\n<meta name=\"robots\" content=\"index, follow, max-snippet:-1, max-image-preview:large, max-video-preview:-1\" \/>\n<link rel=\"canonical\" href=\"https:\/\/durres.gov.al\/en\/2025\/06\/10\/njoftim-per-degjese-publike-2\/\" \/>\n<meta property=\"og:locale\" content=\"en_US\" \/>\n<meta property=\"og:type\" content=\"article\" \/>\n<meta property=\"og:title\" content=\"Njoftim p\u00ebr d\u00ebgjes\u00eb publike - Bashkia Durr\u00ebs\" \/>\n<meta property=\"og:description\" content=\"Njoftim p\u00ebr d\u00ebgjes\u00eb publike N\u00eb kuad\u00ebr t\u00eb procedur\u00ebs p\u00ebr miratimin e Plani i Veprimit p\u00ebr Energjin\u00eb e Qendrueshme dhe Klim\u00ebn (SECAP), do t\u00eb organizohet Degjesa me Publikun me dat\u00eb\u00a024.06.2025\u00a0ora 10.00\u00a0ne Sallen e Keshillit Bashkiak. Q\u00ebllimi: 1.\u00a0Rritja e eficenc\u00ebs dhe q\u00ebndrueshm\u00ebria e sh\u00ebrbimit t\u00eb menaxhimit t\u00eb mbetjeve urbane p\u00ebrmes optimizimit operacional dhe kontrollit t\u00eb kostove.\u00a02.\u00a0N\u00eb aspektin [&hellip;]\" \/>\n<meta property=\"og:url\" content=\"https:\/\/durres.gov.al\/en\/2025\/06\/10\/njoftim-per-degjese-publike-2\/\" \/>\n<meta property=\"og:site_name\" content=\"Bashkia Durr\u00ebs\" \/>\n<meta property=\"article:published_time\" content=\"2025-06-10T11:25:01+00:00\" \/>\n<meta name=\"author\" content=\"admin\" \/>\n<meta name=\"twitter:card\" content=\"summary_large_image\" \/>\n<meta name=\"twitter:label1\" content=\"Written by\" \/>\n\t<meta name=\"twitter:data1\" content=\"admin\" \/>\n\t<meta name=\"twitter:label2\" content=\"Est. reading time\" \/>\n\t<meta name=\"twitter:data2\" content=\"2 minutes\" \/>\n<script type=\"application\/ld+json\" class=\"yoast-schema-graph\">{\"@context\":\"https:\\\/\\\/schema.org\",\"@graph\":[{\"@type\":\"Article\",\"@id\":\"https:\\\/\\\/durres.gov.al\\\/en\\\/2025\\\/06\\\/10\\\/njoftim-per-degjese-publike-2\\\/#article\",\"isPartOf\":{\"@id\":\"https:\\\/\\\/durres.gov.al\\\/en\\\/2025\\\/06\\\/10\\\/njoftim-per-degjese-publike-2\\\/\"},\"author\":{\"name\":\"admin\",\"@id\":\"https:\\\/\\\/durres.gov.al\\\/en\\\/#\\\/schema\\\/person\\\/b635fa3d3fcab493eb6efe564996a856\"},\"headline\":\"Njoftim p\u00ebr d\u00ebgjes\u00eb publike\",\"datePublished\":\"2025-06-10T11:25:01+00:00\",\"mainEntityOfPage\":{\"@id\":\"https:\\\/\\\/durres.gov.al\\\/en\\\/2025\\\/06\\\/10\\\/njoftim-per-degjese-publike-2\\\/\"},\"wordCount\":427,\"publisher\":{\"@id\":\"https:\\\/\\\/durres.gov.al\\\/en\\\/#organization\"},\"articleSection\":[\"Njoftime\"],\"inLanguage\":\"en-US\"},{\"@type\":\"WebPage\",\"@id\":\"https:\\\/\\\/durres.gov.al\\\/en\\\/2025\\\/06\\\/10\\\/njoftim-per-degjese-publike-2\\\/\",\"url\":\"https:\\\/\\\/durres.gov.al\\\/en\\\/2025\\\/06\\\/10\\\/njoftim-per-degjese-publike-2\\\/\",\"name\":\"Njoftim p\u00ebr d\u00ebgjes\u00eb publike - Bashkia Durr\u00ebs\",\"isPartOf\":{\"@id\":\"https:\\\/\\\/durres.gov.al\\\/en\\\/#website\"},\"datePublished\":\"2025-06-10T11:25:01+00:00\",\"breadcrumb\":{\"@id\":\"https:\\\/\\\/durres.gov.al\\\/en\\\/2025\\\/06\\\/10\\\/njoftim-per-degjese-publike-2\\\/#breadcrumb\"},\"inLanguage\":\"en-US\",\"potentialAction\":[{\"@type\":\"ReadAction\",\"target\":[\"https:\\\/\\\/durres.gov.al\\\/en\\\/2025\\\/06\\\/10\\\/njoftim-per-degjese-publike-2\\\/\"]}]},{\"@type\":\"BreadcrumbList\",\"@id\":\"https:\\\/\\\/durres.gov.al\\\/en\\\/2025\\\/06\\\/10\\\/njoftim-per-degjese-publike-2\\\/#breadcrumb\",\"itemListElement\":[{\"@type\":\"ListItem\",\"position\":1,\"name\":\"Home\",\"item\":\"https:\\\/\\\/durres.gov.al\\\/\"},{\"@type\":\"ListItem\",\"position\":2,\"name\":\"Njoftim p\u00ebr d\u00ebgjes\u00eb publike\"}]},{\"@type\":\"WebSite\",\"@id\":\"https:\\\/\\\/durres.gov.al\\\/en\\\/#website\",\"url\":\"https:\\\/\\\/durres.gov.al\\\/en\\\/\",\"name\":\"Bashkia Durr\u00ebs\",\"description\":\"Faqja Zyrtare n\u00eb Internet\",\"publisher\":{\"@id\":\"https:\\\/\\\/durres.gov.al\\\/en\\\/#organization\"},\"potentialAction\":[{\"@type\":\"SearchAction\",\"target\":{\"@type\":\"EntryPoint\",\"urlTemplate\":\"https:\\\/\\\/durres.gov.al\\\/en\\\/?s={search_term_string}\"},\"query-input\":{\"@type\":\"PropertyValueSpecification\",\"valueRequired\":true,\"valueName\":\"search_term_string\"}}],\"inLanguage\":\"en-US\"},{\"@type\":\"Organization\",\"@id\":\"https:\\\/\\\/durres.gov.al\\\/en\\\/#organization\",\"name\":\"Bashkia Durr\u00ebs\",\"url\":\"https:\\\/\\\/durres.gov.al\\\/en\\\/\",\"logo\":{\"@type\":\"ImageObject\",\"inLanguage\":\"en-US\",\"@id\":\"https:\\\/\\\/durres.gov.al\\\/en\\\/#\\\/schema\\\/logo\\\/image\\\/\",\"url\":\"https:\\\/\\\/durres.gov.al\\\/wp-content\\\/uploads\\\/2023\\\/01\\\/cropped-logo.png\",\"contentUrl\":\"https:\\\/\\\/durres.gov.al\\\/wp-content\\\/uploads\\\/2023\\\/01\\\/cropped-logo.png\",\"width\":512,\"height\":512,\"caption\":\"Bashkia Durr\u00ebs\"},\"image\":{\"@id\":\"https:\\\/\\\/durres.gov.al\\\/en\\\/#\\\/schema\\\/logo\\\/image\\\/\"}},{\"@type\":\"Person\",\"@id\":\"https:\\\/\\\/durres.gov.al\\\/en\\\/#\\\/schema\\\/person\\\/b635fa3d3fcab493eb6efe564996a856\",\"name\":\"admin\",\"sameAs\":[\"https:\\\/\\\/durres.gov.al\"],\"url\":\"https:\\\/\\\/durres.gov.al\\\/en\\\/author\\\/admin\\\/\"}]}<\/script>\n<!-- \/ Yoast SEO plugin. -->","yoast_head_json":{"title":"Njoftim p\u00ebr d\u00ebgjes\u00eb publike - Bashkia Durr\u00ebs","robots":{"index":"index","follow":"follow","max-snippet":"max-snippet:-1","max-image-preview":"max-image-preview:large","max-video-preview":"max-video-preview:-1"},"canonical":"https:\/\/durres.gov.al\/en\/2025\/06\/10\/njoftim-per-degjese-publike-2\/","og_locale":"en_US","og_type":"article","og_title":"Njoftim p\u00ebr d\u00ebgjes\u00eb publike - Bashkia Durr\u00ebs","og_description":"Njoftim p\u00ebr d\u00ebgjes\u00eb publike N\u00eb kuad\u00ebr t\u00eb procedur\u00ebs p\u00ebr miratimin e Plani i Veprimit p\u00ebr Energjin\u00eb e Qendrueshme dhe Klim\u00ebn (SECAP), do t\u00eb organizohet Degjesa me Publikun me dat\u00eb\u00a024.06.2025\u00a0ora 10.00\u00a0ne Sallen e Keshillit Bashkiak. Q\u00ebllimi: 1.\u00a0Rritja e eficenc\u00ebs dhe q\u00ebndrueshm\u00ebria e sh\u00ebrbimit t\u00eb menaxhimit t\u00eb mbetjeve urbane p\u00ebrmes optimizimit operacional dhe kontrollit t\u00eb kostove.\u00a02.\u00a0N\u00eb aspektin [&hellip;]","og_url":"https:\/\/durres.gov.al\/en\/2025\/06\/10\/njoftim-per-degjese-publike-2\/","og_site_name":"Bashkia Durr\u00ebs","article_published_time":"2025-06-10T11:25:01+00:00","author":"admin","twitter_card":"summary_large_image","twitter_misc":{"Written by":"admin","Est. reading time":"2 minutes"},"schema":{"@context":"https:\/\/schema.org","@graph":[{"@type":"Article","@id":"https:\/\/durres.gov.al\/en\/2025\/06\/10\/njoftim-per-degjese-publike-2\/#article","isPartOf":{"@id":"https:\/\/durres.gov.al\/en\/2025\/06\/10\/njoftim-per-degjese-publike-2\/"},"author":{"name":"admin","@id":"https:\/\/durres.gov.al\/en\/#\/schema\/person\/b635fa3d3fcab493eb6efe564996a856"},"headline":"Njoftim p\u00ebr d\u00ebgjes\u00eb publike","datePublished":"2025-06-10T11:25:01+00:00","mainEntityOfPage":{"@id":"https:\/\/durres.gov.al\/en\/2025\/06\/10\/njoftim-per-degjese-publike-2\/"},"wordCount":427,"publisher":{"@id":"https:\/\/durres.gov.al\/en\/#organization"},"articleSection":["Njoftime"],"inLanguage":"en-US"},{"@type":"WebPage","@id":"https:\/\/durres.gov.al\/en\/2025\/06\/10\/njoftim-per-degjese-publike-2\/","url":"https:\/\/durres.gov.al\/en\/2025\/06\/10\/njoftim-per-degjese-publike-2\/","name":"Njoftim p\u00ebr d\u00ebgjes\u00eb publike - Bashkia Durr\u00ebs","isPartOf":{"@id":"https:\/\/durres.gov.al\/en\/#website"},"datePublished":"2025-06-10T11:25:01+00:00","breadcrumb":{"@id":"https:\/\/durres.gov.al\/en\/2025\/06\/10\/njoftim-per-degjese-publike-2\/#breadcrumb"},"inLanguage":"en-US","potentialAction":[{"@type":"ReadAction","target":["https:\/\/durres.gov.al\/en\/2025\/06\/10\/njoftim-per-degjese-publike-2\/"]}]},{"@type":"BreadcrumbList","@id":"https:\/\/durres.gov.al\/en\/2025\/06\/10\/njoftim-per-degjese-publike-2\/#breadcrumb","itemListElement":[{"@type":"ListItem","position":1,"name":"Home","item":"https:\/\/durres.gov.al\/"},{"@type":"ListItem","position":2,"name":"Njoftim p\u00ebr d\u00ebgjes\u00eb publike"}]},{"@type":"WebSite","@id":"https:\/\/durres.gov.al\/en\/#website","url":"https:\/\/durres.gov.al\/en\/","name":"Municipality of Durr\u00ebs","description":"Faqja Zyrtare n\u00eb Internet","publisher":{"@id":"https:\/\/durres.gov.al\/en\/#organization"},"potentialAction":[{"@type":"SearchAction","target":{"@type":"EntryPoint","urlTemplate":"https:\/\/durres.gov.al\/en\/?s={search_term_string}"},"query-input":{"@type":"PropertyValueSpecification","valueRequired":true,"valueName":"search_term_string"}}],"inLanguage":"en-US"},{"@type":"Organization","@id":"https:\/\/durres.gov.al\/en\/#organization","name":"Municipality of Durr\u00ebs","url":"https:\/\/durres.gov.al\/en\/","logo":{"@type":"ImageObject","inLanguage":"en-US","@id":"https:\/\/durres.gov.al\/en\/#\/schema\/logo\/image\/","url":"https:\/\/durres.gov.al\/wp-content\/uploads\/2023\/01\/cropped-logo.png","contentUrl":"https:\/\/durres.gov.al\/wp-content\/uploads\/2023\/01\/cropped-logo.png","width":512,"height":512,"caption":"Bashkia Durr\u00ebs"},"image":{"@id":"https:\/\/durres.gov.al\/en\/#\/schema\/logo\/image\/"}},{"@type":"Person","@id":"https:\/\/durres.gov.al\/en\/#\/schema\/person\/b635fa3d3fcab493eb6efe564996a856","name":"admin","sameAs":["https:\/\/durres.gov.al"],"url":"https:\/\/durres.gov.al\/en\/author\/admin\/"}]}},"_links":{"self":[{"href":"https:\/\/durres.gov.al\/en\/wp-json\/wp\/v2\/posts\/23734","targetHints":{"allow":["GET"]}}],"collection":[{"href":"https:\/\/durres.gov.al\/en\/wp-json\/wp\/v2\/posts"}],"about":[{"href":"https:\/\/durres.gov.al\/en\/wp-json\/wp\/v2\/types\/post"}],"author":[{"embeddable":true,"href":"https:\/\/durres.gov.al\/en\/wp-json\/wp\/v2\/users\/4"}],"replies":[{"embeddable":true,"href":"https:\/\/durres.gov.al\/en\/wp-json\/wp\/v2\/comments?post=23734"}],"version-history":[{"count":2,"href":"https:\/\/durres.gov.al\/en\/wp-json\/wp\/v2\/posts\/23734\/revisions"}],"predecessor-version":[{"id":23737,"href":"https:\/\/durres.gov.al\/en\/wp-json\/wp\/v2\/posts\/23734\/revisions\/23737"}],"wp:attachment":[{"href":"https:\/\/durres.gov.al\/en\/wp-json\/wp\/v2\/media?parent=23734"}],"wp:term":[{"taxonomy":"category","embeddable":true,"href":"https:\/\/durres.gov.al\/en\/wp-json\/wp\/v2\/categories?post=23734"},{"taxonomy":"post_tag","embeddable":true,"href":"https:\/\/durres.gov.al\/en\/wp-json\/wp\/v2\/tags?post=23734"}],"curies":[{"name":"wp","href":"https:\/\/api.w.org\/{rel}","templated":true}]}}