{"id":23738,"date":"2025-06-11T19:21:41","date_gmt":"2025-06-11T17:21:41","guid":{"rendered":"https:\/\/durres.gov.al\/?p=23738"},"modified":"2026-04-02T14:29:49","modified_gmt":"2026-04-02T12:29:49","slug":"zhvillohet-mbledhja-e-rradhes-e-keshillit-bashkiak-te-durresit","status":"publish","type":"post","link":"https:\/\/durres.gov.al\/en\/2025\/06\/11\/zhvillohet-mbledhja-e-rradhes-e-keshillit-bashkiak-te-durresit\/","title":{"rendered":"Zhvillohet mbledhja e rradh\u00ebs e k\u00ebshillit bashkiak t\u00eb Durr\u00ebsit"},"content":{"rendered":"<div>K\u00ebshilli Bashkiak i Durr\u00ebsit ka zhvilluar mbledhjen e rradh\u00ebs. N\u00eb k\u00ebt\u00eb mbledhje u miratuan t\u00eb gjitha vendimet e rendit t\u00eb dit\u00ebs ku pikat 4, 5, 6 dhe 7 u miratuan me disa ndryshime:<\/div>\n<div>1.\u2002\u2002\u2002\u2002P\u00ebr miratimin e k\u00ebrkes\u00ebs p\u00ebr transferimin p\u00ebrfundimtar t\u00eb pron\u00ebs, me em\u00ebrtimin \u201cVarreza\u201d, bashkia Durr\u00ebs, nj\u00ebsia administrative Rrashbull.<\/div>\n<div>2.\u2002\u2002\u2002\u2002P\u00ebr miratimin e k\u00ebrkes\u00ebs p\u00ebr transferimin p\u00ebrfundimtar t\u00eb pronave t\u00eb paluajtshme shtet\u00ebrore tek bashkia Durr\u00ebs, p\u00ebr nj\u00ebsin\u00eb administrative Man\u00ebz.<\/div>\n<div>3.\u2002\u2002\u2002\u2002P\u00ebr miratimin e k\u00ebrkes\u00ebs p\u00ebr transferimin p\u00ebrfundimtar t\u00eb pron\u00ebs, me em\u00ebrtimin \u201cVarreza\u201d, bashkia Durr\u00ebs, nj\u00ebsia administrative Katundi i Ri.<\/div>\n<div>4.\u2002\u2002\u2002\u2002P\u00ebr disa ndryshime n\u00eb vendimet e k\u00ebshillit bashkiak p\u00ebrsa i p\u00ebrket listave t\u00eb p\u00ebrfituesve, banor\u00eb n\u00eb banesat individuale, t\u00eb cil\u00ebt kan\u00eb p\u00ebrfituar nga programi i pro\u00e7esit t\u00eb rind\u00ebrtimit t\u00eb zon\u00ebs s\u00eb re p\u00ebr zhvillim, nj\u00ebsia administrative Durr\u00ebs, sipas vendimit t\u00eb k\u00ebshillit t\u00eb ministrave nr. 164, dat\u00eb 19.2.2020, \u201cp\u00ebr shpalljen e zon\u00ebs s\u00eb re p\u00ebr zhvillim, n\u00eb nj\u00ebsin\u00eb administrative Durr\u00ebs, bashkia Durr\u00ebs, dhe caktimin e fondit shqiptar t\u00eb zhvillimit si nj\u00ebsi zbatuese\u201d.<\/div>\n<div>5.\u2002\u2002\u2002\u2002P\u00ebr disa ndryshime n\u00eb vendimet e k\u00ebshillit bashkiak t\u00eb list\u00ebs s\u00eb p\u00ebrfituesve, banor\u00eb n\u00eb pallatet e d\u00ebmtuara n\u00eb nj\u00ebsit\u00eb administrative Sukth, Katund i Ri si dhe nj\u00ebsit\u00eb administrative nr.3 dhe nr.4, bashkia Durr\u00ebs, t\u00eb cil\u00ebt kan\u00eb p\u00ebrfituar nga programi i procesit t\u00eb rind\u00ebrtimit t\u00eb zon\u00ebs s\u00eb re p\u00ebr zhvillim, sipas vendimit t\u00eb k\u00ebshillit t\u00eb ministrave nr. 164, dat\u00eb 19.2.2020, \u201cp\u00ebr shpalljen e zon\u00ebs s\u00eb re p\u00ebr zhvillim, n\u00eb nj\u00ebsin\u00eb administrative Durr\u00ebs, bashkia Durr\u00ebs, dhe caktimin e fondit shqiptar t\u00eb zhvillimit si nj\u00ebsi zbatuese\u201d.<\/div>\n<div>6.\u2002\u2002\u2002\u2002P\u00ebr miratimin e ndryshimit t\u00eb vendimit nr. 30, dat\u00eb 26.03.2021 \u201cp\u00ebr miratimin e list\u00ebs s\u00eb p\u00ebrfituesve nga programi i procesit t\u00eb rind\u00ebrtimit p\u00ebr pallatin nr.1032, rruga \u201cAleks Komneni\u201d dhe pallatin \u201cKastrati\u201d, rruga \u201cRamadan Veliu\u201d, t\u00eb d\u00ebmtuar nga fatkeq\u00ebsia natyrore e t\u00ebrmetit t\u00eb dat\u00ebs 26 n\u00ebntor 2019\u201d t\u00eb ndryshuar, p\u00ebrsa i p\u00ebrket miratimit t\u00eb sip\u00ebrfaqeve shtes\u00eb.<\/div>\n<div>7.\u2002\u2002\u2002\u2002P\u00ebr miratimin e procedur\u00ebs s\u00eb shp\u00ebrndarjes s\u00eb subvencionimit p\u00ebr operator\u00ebt e sh\u00ebrbimit t\u00eb transportit publik qytetas n\u00eb bashkin\u00eb Durr\u00ebs.<\/div>\n<div>8.\u2002\u2002\u2002\u2002P\u00ebr miratimin e hart\u00ebs s\u00eb p\u00ebrgjithshme t\u00eb plazheve t\u00eb lejuara ku do t\u00eb ushtrohet veprimtaria si stacion plazhi, plazhet publike p\u00ebr vitin 2025, si dhe plot\u00ebsimin e saj me element\u00ebt e nevojsh\u00ebm lidhur me standartet e k\u00ebrkuara nga aktet ligjore n\u00eb fuqi.<\/div>\n<div>9.\u2002\u2002\u2002\u2002P\u00ebr mbarimin p\u00ebrpara afatit t\u00eb mandatit t\u00eb k\u00ebshilltarit z.Ani Dyrmishi.<\/div>\n<div>10.\u2002\u2002\u2002P\u00ebr mbarimin p\u00ebrpara afatit t\u00eb mandatit t\u00eb k\u00ebshilltares znj.Manjola Luku.<\/div>\n<div>11.\u2002\u2002\u2002P\u00ebr ndryshimin e pik\u00ebs 1, t\u00eb vendimit t\u00eb k\u00ebshillit bashkiak nr.166, dat\u00eb 03.11.2023 \u201cp\u00ebr ngritjen dhe funksionimin e bordit artistik pran\u00eb qendr\u00ebs kulturore \u201cAleksand\u00ebr Moisiu\u201d.<\/div>\n<p>12.\u2002\u2002\u2002P\u00ebr ndryshimin e pik\u00ebs 1, t\u00eb vkb-s\u00eb nr.11, dat\u00eb 30.04.2025 \u201cp\u00ebr dh\u00ebnien e dakord\u00ebsis\u00eb p\u00ebr vazhdimin e procedur\u00ebs s\u00eb ndryshimit t\u00eb kategoris\u00eb s\u00eb p\u00ebrdorimit t\u00eb sip\u00ebrfaqes pyjore nga fondi pyjor komb\u00ebtar, n\u00eb zbatim t\u00eb vendimit nr.37, dat\u00eb 01.08.2023 t\u00eb KKT-s\u00eb \u201cp\u00ebr miratimin e lejes s\u00eb nd\u00ebrtimit p\u00ebr objektin resort turistik Lura 5, faza 3, nj\u00ebsia administrative Ish\u00ebm, bashkia Durr\u00ebs\u201d, p\u00ebr shkak t\u00eb nj\u00eb gabimi material.<\/p>","protected":false},"excerpt":{"rendered":"<p>K\u00ebshilli Bashkiak i Durr\u00ebsit ka zhvilluar mbledhjen e rradh\u00ebs. N\u00eb k\u00ebt\u00eb mbledhje u miratuan t\u00eb gjitha vendimet e rendit t\u00eb dit\u00ebs ku pikat 4, 5, 6 dhe 7 u miratuan me disa ndryshime: 1.\u2002\u2002\u2002\u2002P\u00ebr miratimin e k\u00ebrkes\u00ebs p\u00ebr transferimin p\u00ebrfundimtar t\u00eb pron\u00ebs, me em\u00ebrtimin \u201cVarreza\u201d, bashkia Durr\u00ebs, nj\u00ebsia administrative Rrashbull. 2.\u2002\u2002\u2002\u2002P\u00ebr miratimin e k\u00ebrkes\u00ebs p\u00ebr [&hellip;]<\/p>\n","protected":false},"author":4,"featured_media":23739,"comment_status":"closed","ping_status":"closed","sticky":false,"template":"","format":"standard","meta":{"_acf_changed":false,"footnotes":""},"categories":[37,123,1],"tags":[],"class_list":["post-23738","post","type-post","status-publish","format-standard","has-post-thumbnail","hentry","category-njoftime","category-njoftime-kryesore","category-uncategorized"],"acf":[],"yoast_head":"<!-- This site is optimized with the Yoast SEO plugin v27.4 - https:\/\/yoast.com\/product\/yoast-seo-wordpress\/ -->\n<title>Zhvillohet mbledhja e rradh\u00ebs e k\u00ebshillit bashkiak t\u00eb Durr\u00ebsit - Bashkia Durr\u00ebs<\/title>\n<meta name=\"robots\" content=\"index, follow, max-snippet:-1, max-image-preview:large, max-video-preview:-1\" \/>\n<link rel=\"canonical\" href=\"https:\/\/durres.gov.al\/en\/2025\/06\/11\/zhvillohet-mbledhja-e-rradhes-e-keshillit-bashkiak-te-durresit\/\" \/>\n<meta property=\"og:locale\" content=\"en_US\" \/>\n<meta property=\"og:type\" content=\"article\" \/>\n<meta property=\"og:title\" content=\"Zhvillohet mbledhja e rradh\u00ebs e k\u00ebshillit bashkiak t\u00eb Durr\u00ebsit - Bashkia Durr\u00ebs\" \/>\n<meta property=\"og:description\" content=\"K\u00ebshilli Bashkiak i Durr\u00ebsit ka zhvilluar mbledhjen e rradh\u00ebs. N\u00eb k\u00ebt\u00eb mbledhje u miratuan t\u00eb gjitha vendimet e rendit t\u00eb dit\u00ebs ku pikat 4, 5, 6 dhe 7 u miratuan me disa ndryshime: 1.\u2002\u2002\u2002\u2002P\u00ebr miratimin e k\u00ebrkes\u00ebs p\u00ebr transferimin p\u00ebrfundimtar t\u00eb pron\u00ebs, me em\u00ebrtimin \u201cVarreza\u201d, bashkia Durr\u00ebs, nj\u00ebsia administrative Rrashbull. 2.\u2002\u2002\u2002\u2002P\u00ebr miratimin e k\u00ebrkes\u00ebs p\u00ebr [&hellip;]\" \/>\n<meta property=\"og:url\" content=\"https:\/\/durres.gov.al\/en\/2025\/06\/11\/zhvillohet-mbledhja-e-rradhes-e-keshillit-bashkiak-te-durresit\/\" \/>\n<meta property=\"og:site_name\" content=\"Bashkia Durr\u00ebs\" \/>\n<meta property=\"article:published_time\" content=\"2025-06-11T17:21:41+00:00\" \/>\n<meta property=\"article:modified_time\" content=\"2026-04-02T12:29:49+00:00\" \/>\n<meta property=\"og:image\" content=\"https:\/\/durres.gov.al\/wp-content\/uploads\/2025\/06\/Image-14-scaled.webp\" \/>\n\t<meta property=\"og:image:width\" content=\"2560\" \/>\n\t<meta property=\"og:image:height\" content=\"1707\" \/>\n\t<meta property=\"og:image:type\" content=\"image\/webp\" \/>\n<meta name=\"author\" content=\"admin\" \/>\n<meta name=\"twitter:card\" content=\"summary_large_image\" \/>\n<meta name=\"twitter:label1\" content=\"Written by\" \/>\n\t<meta name=\"twitter:data1\" content=\"admin\" \/>\n\t<meta name=\"twitter:label2\" content=\"Est. reading time\" \/>\n\t<meta name=\"twitter:data2\" content=\"3 minutes\" \/>\n<script type=\"application\/ld+json\" class=\"yoast-schema-graph\">{\"@context\":\"https:\\\/\\\/schema.org\",\"@graph\":[{\"@type\":\"Article\",\"@id\":\"https:\\\/\\\/durres.gov.al\\\/2025\\\/06\\\/11\\\/zhvillohet-mbledhja-e-rradhes-e-keshillit-bashkiak-te-durresit\\\/#article\",\"isPartOf\":{\"@id\":\"https:\\\/\\\/durres.gov.al\\\/2025\\\/06\\\/11\\\/zhvillohet-mbledhja-e-rradhes-e-keshillit-bashkiak-te-durresit\\\/\"},\"author\":{\"name\":\"admin\",\"@id\":\"https:\\\/\\\/durres.gov.al\\\/en\\\/#\\\/schema\\\/person\\\/b635fa3d3fcab493eb6efe564996a856\"},\"headline\":\"Zhvillohet mbledhja e rradh\u00ebs e k\u00ebshillit bashkiak t\u00eb Durr\u00ebsit\",\"datePublished\":\"2025-06-11T17:21:41+00:00\",\"dateModified\":\"2026-04-02T12:29:49+00:00\",\"mainEntityOfPage\":{\"@id\":\"https:\\\/\\\/durres.gov.al\\\/2025\\\/06\\\/11\\\/zhvillohet-mbledhja-e-rradhes-e-keshillit-bashkiak-te-durresit\\\/\"},\"wordCount\":595,\"publisher\":{\"@id\":\"https:\\\/\\\/durres.gov.al\\\/en\\\/#organization\"},\"image\":{\"@id\":\"https:\\\/\\\/durres.gov.al\\\/2025\\\/06\\\/11\\\/zhvillohet-mbledhja-e-rradhes-e-keshillit-bashkiak-te-durresit\\\/#primaryimage\"},\"thumbnailUrl\":\"https:\\\/\\\/durres.gov.al\\\/wp-content\\\/uploads\\\/2025\\\/06\\\/Image-14-scaled.webp\",\"articleSection\":[\"Njoftime\",\"Njoftime kryesore\"],\"inLanguage\":\"en-US\"},{\"@type\":\"WebPage\",\"@id\":\"https:\\\/\\\/durres.gov.al\\\/2025\\\/06\\\/11\\\/zhvillohet-mbledhja-e-rradhes-e-keshillit-bashkiak-te-durresit\\\/\",\"url\":\"https:\\\/\\\/durres.gov.al\\\/2025\\\/06\\\/11\\\/zhvillohet-mbledhja-e-rradhes-e-keshillit-bashkiak-te-durresit\\\/\",\"name\":\"Zhvillohet mbledhja e rradh\u00ebs e k\u00ebshillit bashkiak t\u00eb Durr\u00ebsit - Bashkia Durr\u00ebs\",\"isPartOf\":{\"@id\":\"https:\\\/\\\/durres.gov.al\\\/en\\\/#website\"},\"primaryImageOfPage\":{\"@id\":\"https:\\\/\\\/durres.gov.al\\\/2025\\\/06\\\/11\\\/zhvillohet-mbledhja-e-rradhes-e-keshillit-bashkiak-te-durresit\\\/#primaryimage\"},\"image\":{\"@id\":\"https:\\\/\\\/durres.gov.al\\\/2025\\\/06\\\/11\\\/zhvillohet-mbledhja-e-rradhes-e-keshillit-bashkiak-te-durresit\\\/#primaryimage\"},\"thumbnailUrl\":\"https:\\\/\\\/durres.gov.al\\\/wp-content\\\/uploads\\\/2025\\\/06\\\/Image-14-scaled.webp\",\"datePublished\":\"2025-06-11T17:21:41+00:00\",\"dateModified\":\"2026-04-02T12:29:49+00:00\",\"breadcrumb\":{\"@id\":\"https:\\\/\\\/durres.gov.al\\\/2025\\\/06\\\/11\\\/zhvillohet-mbledhja-e-rradhes-e-keshillit-bashkiak-te-durresit\\\/#breadcrumb\"},\"inLanguage\":\"en-US\",\"potentialAction\":[{\"@type\":\"ReadAction\",\"target\":[\"https:\\\/\\\/durres.gov.al\\\/2025\\\/06\\\/11\\\/zhvillohet-mbledhja-e-rradhes-e-keshillit-bashkiak-te-durresit\\\/\"]}]},{\"@type\":\"ImageObject\",\"inLanguage\":\"en-US\",\"@id\":\"https:\\\/\\\/durres.gov.al\\\/2025\\\/06\\\/11\\\/zhvillohet-mbledhja-e-rradhes-e-keshillit-bashkiak-te-durresit\\\/#primaryimage\",\"url\":\"https:\\\/\\\/durres.gov.al\\\/wp-content\\\/uploads\\\/2025\\\/06\\\/Image-14-scaled.webp\",\"contentUrl\":\"https:\\\/\\\/durres.gov.al\\\/wp-content\\\/uploads\\\/2025\\\/06\\\/Image-14-scaled.webp\",\"width\":2560,\"height\":1707},{\"@type\":\"BreadcrumbList\",\"@id\":\"https:\\\/\\\/durres.gov.al\\\/2025\\\/06\\\/11\\\/zhvillohet-mbledhja-e-rradhes-e-keshillit-bashkiak-te-durresit\\\/#breadcrumb\",\"itemListElement\":[{\"@type\":\"ListItem\",\"position\":1,\"name\":\"Home\",\"item\":\"https:\\\/\\\/durres.gov.al\\\/\"},{\"@type\":\"ListItem\",\"position\":2,\"name\":\"Zhvillohet mbledhja e rradh\u00ebs e k\u00ebshillit bashkiak t\u00eb Durr\u00ebsit\"}]},{\"@type\":\"WebSite\",\"@id\":\"https:\\\/\\\/durres.gov.al\\\/en\\\/#website\",\"url\":\"https:\\\/\\\/durres.gov.al\\\/en\\\/\",\"name\":\"Bashkia Durr\u00ebs\",\"description\":\"Faqja Zyrtare n\u00eb Internet\",\"publisher\":{\"@id\":\"https:\\\/\\\/durres.gov.al\\\/en\\\/#organization\"},\"potentialAction\":[{\"@type\":\"SearchAction\",\"target\":{\"@type\":\"EntryPoint\",\"urlTemplate\":\"https:\\\/\\\/durres.gov.al\\\/en\\\/?s={search_term_string}\"},\"query-input\":{\"@type\":\"PropertyValueSpecification\",\"valueRequired\":true,\"valueName\":\"search_term_string\"}}],\"inLanguage\":\"en-US\"},{\"@type\":\"Organization\",\"@id\":\"https:\\\/\\\/durres.gov.al\\\/en\\\/#organization\",\"name\":\"Bashkia Durr\u00ebs\",\"url\":\"https:\\\/\\\/durres.gov.al\\\/en\\\/\",\"logo\":{\"@type\":\"ImageObject\",\"inLanguage\":\"en-US\",\"@id\":\"https:\\\/\\\/durres.gov.al\\\/en\\\/#\\\/schema\\\/logo\\\/image\\\/\",\"url\":\"https:\\\/\\\/durres.gov.al\\\/wp-content\\\/uploads\\\/2023\\\/01\\\/cropped-logo.png\",\"contentUrl\":\"https:\\\/\\\/durres.gov.al\\\/wp-content\\\/uploads\\\/2023\\\/01\\\/cropped-logo.png\",\"width\":512,\"height\":512,\"caption\":\"Bashkia Durr\u00ebs\"},\"image\":{\"@id\":\"https:\\\/\\\/durres.gov.al\\\/en\\\/#\\\/schema\\\/logo\\\/image\\\/\"}},{\"@type\":\"Person\",\"@id\":\"https:\\\/\\\/durres.gov.al\\\/en\\\/#\\\/schema\\\/person\\\/b635fa3d3fcab493eb6efe564996a856\",\"name\":\"admin\",\"sameAs\":[\"https:\\\/\\\/durres.gov.al\"],\"url\":\"https:\\\/\\\/durres.gov.al\\\/en\\\/author\\\/admin\\\/\"}]}<\/script>\n<!-- \/ Yoast SEO plugin. -->","yoast_head_json":{"title":"Zhvillohet mbledhja e rradh\u00ebs e k\u00ebshillit bashkiak t\u00eb Durr\u00ebsit - Bashkia Durr\u00ebs","robots":{"index":"index","follow":"follow","max-snippet":"max-snippet:-1","max-image-preview":"max-image-preview:large","max-video-preview":"max-video-preview:-1"},"canonical":"https:\/\/durres.gov.al\/en\/2025\/06\/11\/zhvillohet-mbledhja-e-rradhes-e-keshillit-bashkiak-te-durresit\/","og_locale":"en_US","og_type":"article","og_title":"Zhvillohet mbledhja e rradh\u00ebs e k\u00ebshillit bashkiak t\u00eb Durr\u00ebsit - Bashkia Durr\u00ebs","og_description":"K\u00ebshilli Bashkiak i Durr\u00ebsit ka zhvilluar mbledhjen e rradh\u00ebs. N\u00eb k\u00ebt\u00eb mbledhje u miratuan t\u00eb gjitha vendimet e rendit t\u00eb dit\u00ebs ku pikat 4, 5, 6 dhe 7 u miratuan me disa ndryshime: 1.\u2002\u2002\u2002\u2002P\u00ebr miratimin e k\u00ebrkes\u00ebs p\u00ebr transferimin p\u00ebrfundimtar t\u00eb pron\u00ebs, me em\u00ebrtimin \u201cVarreza\u201d, bashkia Durr\u00ebs, nj\u00ebsia administrative Rrashbull. 2.\u2002\u2002\u2002\u2002P\u00ebr miratimin e k\u00ebrkes\u00ebs p\u00ebr [&hellip;]","og_url":"https:\/\/durres.gov.al\/en\/2025\/06\/11\/zhvillohet-mbledhja-e-rradhes-e-keshillit-bashkiak-te-durresit\/","og_site_name":"Bashkia Durr\u00ebs","article_published_time":"2025-06-11T17:21:41+00:00","article_modified_time":"2026-04-02T12:29:49+00:00","og_image":[{"width":2560,"height":1707,"url":"https:\/\/durres.gov.al\/wp-content\/uploads\/2025\/06\/Image-14-scaled.webp","type":"image\/webp"}],"author":"admin","twitter_card":"summary_large_image","twitter_misc":{"Written by":"admin","Est. reading time":"3 minutes"},"schema":{"@context":"https:\/\/schema.org","@graph":[{"@type":"Article","@id":"https:\/\/durres.gov.al\/2025\/06\/11\/zhvillohet-mbledhja-e-rradhes-e-keshillit-bashkiak-te-durresit\/#article","isPartOf":{"@id":"https:\/\/durres.gov.al\/2025\/06\/11\/zhvillohet-mbledhja-e-rradhes-e-keshillit-bashkiak-te-durresit\/"},"author":{"name":"admin","@id":"https:\/\/durres.gov.al\/en\/#\/schema\/person\/b635fa3d3fcab493eb6efe564996a856"},"headline":"Zhvillohet mbledhja e rradh\u00ebs e k\u00ebshillit bashkiak t\u00eb Durr\u00ebsit","datePublished":"2025-06-11T17:21:41+00:00","dateModified":"2026-04-02T12:29:49+00:00","mainEntityOfPage":{"@id":"https:\/\/durres.gov.al\/2025\/06\/11\/zhvillohet-mbledhja-e-rradhes-e-keshillit-bashkiak-te-durresit\/"},"wordCount":595,"publisher":{"@id":"https:\/\/durres.gov.al\/en\/#organization"},"image":{"@id":"https:\/\/durres.gov.al\/2025\/06\/11\/zhvillohet-mbledhja-e-rradhes-e-keshillit-bashkiak-te-durresit\/#primaryimage"},"thumbnailUrl":"https:\/\/durres.gov.al\/wp-content\/uploads\/2025\/06\/Image-14-scaled.webp","articleSection":["Njoftime","Njoftime kryesore"],"inLanguage":"en-US"},{"@type":"WebPage","@id":"https:\/\/durres.gov.al\/2025\/06\/11\/zhvillohet-mbledhja-e-rradhes-e-keshillit-bashkiak-te-durresit\/","url":"https:\/\/durres.gov.al\/2025\/06\/11\/zhvillohet-mbledhja-e-rradhes-e-keshillit-bashkiak-te-durresit\/","name":"Zhvillohet mbledhja e rradh\u00ebs e k\u00ebshillit bashkiak t\u00eb Durr\u00ebsit - Bashkia Durr\u00ebs","isPartOf":{"@id":"https:\/\/durres.gov.al\/en\/#website"},"primaryImageOfPage":{"@id":"https:\/\/durres.gov.al\/2025\/06\/11\/zhvillohet-mbledhja-e-rradhes-e-keshillit-bashkiak-te-durresit\/#primaryimage"},"image":{"@id":"https:\/\/durres.gov.al\/2025\/06\/11\/zhvillohet-mbledhja-e-rradhes-e-keshillit-bashkiak-te-durresit\/#primaryimage"},"thumbnailUrl":"https:\/\/durres.gov.al\/wp-content\/uploads\/2025\/06\/Image-14-scaled.webp","datePublished":"2025-06-11T17:21:41+00:00","dateModified":"2026-04-02T12:29:49+00:00","breadcrumb":{"@id":"https:\/\/durres.gov.al\/2025\/06\/11\/zhvillohet-mbledhja-e-rradhes-e-keshillit-bashkiak-te-durresit\/#breadcrumb"},"inLanguage":"en-US","potentialAction":[{"@type":"ReadAction","target":["https:\/\/durres.gov.al\/2025\/06\/11\/zhvillohet-mbledhja-e-rradhes-e-keshillit-bashkiak-te-durresit\/"]}]},{"@type":"ImageObject","inLanguage":"en-US","@id":"https:\/\/durres.gov.al\/2025\/06\/11\/zhvillohet-mbledhja-e-rradhes-e-keshillit-bashkiak-te-durresit\/#primaryimage","url":"https:\/\/durres.gov.al\/wp-content\/uploads\/2025\/06\/Image-14-scaled.webp","contentUrl":"https:\/\/durres.gov.al\/wp-content\/uploads\/2025\/06\/Image-14-scaled.webp","width":2560,"height":1707},{"@type":"BreadcrumbList","@id":"https:\/\/durres.gov.al\/2025\/06\/11\/zhvillohet-mbledhja-e-rradhes-e-keshillit-bashkiak-te-durresit\/#breadcrumb","itemListElement":[{"@type":"ListItem","position":1,"name":"Home","item":"https:\/\/durres.gov.al\/"},{"@type":"ListItem","position":2,"name":"Zhvillohet mbledhja e rradh\u00ebs e k\u00ebshillit bashkiak t\u00eb Durr\u00ebsit"}]},{"@type":"WebSite","@id":"https:\/\/durres.gov.al\/en\/#website","url":"https:\/\/durres.gov.al\/en\/","name":"Municipality of Durr\u00ebs","description":"Faqja Zyrtare n\u00eb Internet","publisher":{"@id":"https:\/\/durres.gov.al\/en\/#organization"},"potentialAction":[{"@type":"SearchAction","target":{"@type":"EntryPoint","urlTemplate":"https:\/\/durres.gov.al\/en\/?s={search_term_string}"},"query-input":{"@type":"PropertyValueSpecification","valueRequired":true,"valueName":"search_term_string"}}],"inLanguage":"en-US"},{"@type":"Organization","@id":"https:\/\/durres.gov.al\/en\/#organization","name":"Municipality of Durr\u00ebs","url":"https:\/\/durres.gov.al\/en\/","logo":{"@type":"ImageObject","inLanguage":"en-US","@id":"https:\/\/durres.gov.al\/en\/#\/schema\/logo\/image\/","url":"https:\/\/durres.gov.al\/wp-content\/uploads\/2023\/01\/cropped-logo.png","contentUrl":"https:\/\/durres.gov.al\/wp-content\/uploads\/2023\/01\/cropped-logo.png","width":512,"height":512,"caption":"Bashkia Durr\u00ebs"},"image":{"@id":"https:\/\/durres.gov.al\/en\/#\/schema\/logo\/image\/"}},{"@type":"Person","@id":"https:\/\/durres.gov.al\/en\/#\/schema\/person\/b635fa3d3fcab493eb6efe564996a856","name":"admin","sameAs":["https:\/\/durres.gov.al"],"url":"https:\/\/durres.gov.al\/en\/author\/admin\/"}]}},"_links":{"self":[{"href":"https:\/\/durres.gov.al\/en\/wp-json\/wp\/v2\/posts\/23738","targetHints":{"allow":["GET"]}}],"collection":[{"href":"https:\/\/durres.gov.al\/en\/wp-json\/wp\/v2\/posts"}],"about":[{"href":"https:\/\/durres.gov.al\/en\/wp-json\/wp\/v2\/types\/post"}],"author":[{"embeddable":true,"href":"https:\/\/durres.gov.al\/en\/wp-json\/wp\/v2\/users\/4"}],"replies":[{"embeddable":true,"href":"https:\/\/durres.gov.al\/en\/wp-json\/wp\/v2\/comments?post=23738"}],"version-history":[{"count":2,"href":"https:\/\/durres.gov.al\/en\/wp-json\/wp\/v2\/posts\/23738\/revisions"}],"predecessor-version":[{"id":23741,"href":"https:\/\/durres.gov.al\/en\/wp-json\/wp\/v2\/posts\/23738\/revisions\/23741"}],"wp:featuredmedia":[{"embeddable":true,"href":"https:\/\/durres.gov.al\/en\/wp-json\/wp\/v2\/media\/23739"}],"wp:attachment":[{"href":"https:\/\/durres.gov.al\/en\/wp-json\/wp\/v2\/media?parent=23738"}],"wp:term":[{"taxonomy":"category","embeddable":true,"href":"https:\/\/durres.gov.al\/en\/wp-json\/wp\/v2\/categories?post=23738"},{"taxonomy":"post_tag","embeddable":true,"href":"https:\/\/durres.gov.al\/en\/wp-json\/wp\/v2\/tags?post=23738"}],"curies":[{"name":"wp","href":"https:\/\/api.w.org\/{rel}","templated":true}]}}