{"id":24183,"date":"2025-09-10T15:18:50","date_gmt":"2025-09-10T13:18:50","guid":{"rendered":"https:\/\/durres.gov.al\/?p=24183"},"modified":"2026-04-02T14:25:46","modified_gmt":"2026-04-02T12:25:46","slug":"ja-vendimet-e-miratuara-ne-mbledhjen-e-keshillit-bashkiak-te-durresit","status":"publish","type":"post","link":"https:\/\/durres.gov.al\/en\/2025\/09\/10\/ja-vendimet-e-miratuara-ne-mbledhjen-e-keshillit-bashkiak-te-durresit\/","title":{"rendered":"Ja vendimet e miratuara n\u00eb mbledhjen e k\u00ebshillit bashkiak t\u00eb Durr\u00ebsit"},"content":{"rendered":"<p>Ja vendimet e miratuara n\u00eb mbledhjen e k\u00ebshillit bashkiak t\u00eb Durr\u00ebsit<\/p>\n<p>K\u00ebshilli Bashkiak i Durr\u00ebsit ka zhvilluar mbledhjen e radh\u00ebs. N\u00eb k\u00ebt\u00eb mbledhje u miratuan t\u00eb gjitha vendimet e rendit t\u00eb dit\u00ebs:<\/p>\n<p>P\u00ebr miratimin e mandatit t\u00eb an\u00ebtares s\u00eb k\u00ebshillit bashkiak znj. Mirela Rasim Shala.<\/p>\n<p>P\u00ebr miratimin e planit social 2025-2028, t\u00eb bashkis\u00eb Durr\u00ebs.<\/p>\n<p>P\u00ebr miratimin e planit t\u00eb arsimit parauniversitar 2026-2028 n\u00eb bashkin\u00eb Durr\u00ebs.<\/p>\n<p>P\u00ebr miratimin e projektdokumentit t\u00eb par\u00eb t\u00eb programit buxhetor afatmes\u00ebm 2026-2028 t\u00eb bashkis\u00eb Durr\u00ebs.<\/p>\n<p>P\u00ebr miratimin e familjeve p\u00ebrfituese t\u00eb ndihm\u00ebs ekonomike nga fondi i kusht\u00ebzuar p\u00ebr bllok-ndihm\u00ebn ekonomike deri 6% dhe fondi i t\u00eb ardhurave t\u00eb bashkis\u00eb Durr\u00ebs, p\u00ebr muajin gusht 2025.<\/p>\n<p>P\u00ebr miratimin e p\u00ebrdorimit t\u00eb fondit prej 6.200.000 ( gjasht\u00eb milion e dyqind mij\u00eb) lek\u00eb p\u00ebr furnizimin me orendi e pajisje t\u00eb shkoll\u00ebs s\u00eb mesme t\u00eb p\u00ebrgjithshme Man\u00ebz, nj\u00ebsia administrative Man\u00ebz, sipas projektit \u201cfv orendi e pajisje gjimnazi Man\u00ebz\u201d.<\/p>\n<p>P\u00ebr miratimin e marr\u00ebveshjes p\u00ebr krijimin e personit juridik si subjekt i kompetencave t\u00eb p\u00ebrbashk\u00ebta midis nj\u00ebsive t\u00eb vet\u00ebqeverisjes vendore dhe k\u00ebshillit t\u00eb ministrave t\u00eb Republik\u00ebs s\u00eb Shqip\u00ebris\u00eb p\u00ebr rritjen e kapaciteteve t\u00eb qeverisjes vendore, akademia e trajnimit t\u00eb nj\u00ebsive t\u00eb vet\u00ebqeverisjes vendore t\u00eb Republik\u00ebs s\u00eb Shqip\u00ebris\u00eb (Talga).<\/p>\n<p>P\u00ebr miratimin e nj\u00eb shtese n\u00eb pik\u00ebn nr. 2 t\u00eb vendimit t\u00eb k\u00ebshillit bashkiak nr. 66, dat\u00eb 25.06.2024 \u201cp\u00ebr p\u00ebrcaktimin e zonave t\u00eb administrimit t\u00eb parkimit dhe tarifave t\u00eb sh\u00ebrbimit t\u00eb parkimit me pages\u00eb n\u00eb rrug\u00eb dhe sheshe n\u00eb territorin e bashkis\u00eb\u00a0Durr\u00ebs\u201d.<\/p>","protected":false},"excerpt":{"rendered":"<p>Ja vendimet e miratuara n\u00eb mbledhjen e k\u00ebshillit bashkiak t\u00eb Durr\u00ebsit K\u00ebshilli Bashkiak i Durr\u00ebsit ka zhvilluar mbledhjen e radh\u00ebs. N\u00eb k\u00ebt\u00eb mbledhje u miratuan t\u00eb gjitha vendimet e rendit t\u00eb dit\u00ebs: P\u00ebr miratimin e mandatit t\u00eb an\u00ebtares s\u00eb k\u00ebshillit bashkiak znj. Mirela Rasim Shala. P\u00ebr miratimin e planit social 2025-2028, t\u00eb bashkis\u00eb Durr\u00ebs. P\u00ebr [&hellip;]<\/p>\n","protected":false},"author":4,"featured_media":24184,"comment_status":"closed","ping_status":"closed","sticky":false,"template":"","format":"standard","meta":{"_acf_changed":false,"footnotes":""},"categories":[37,123,1],"tags":[],"class_list":["post-24183","post","type-post","status-publish","format-standard","has-post-thumbnail","hentry","category-njoftime","category-njoftime-kryesore","category-uncategorized"],"acf":[],"yoast_head":"<!-- This site is optimized with the Yoast SEO plugin v27.4 - https:\/\/yoast.com\/product\/yoast-seo-wordpress\/ -->\n<title>Ja vendimet e miratuara n\u00eb mbledhjen e k\u00ebshillit bashkiak t\u00eb Durr\u00ebsit - Bashkia Durr\u00ebs<\/title>\n<meta name=\"robots\" content=\"index, follow, max-snippet:-1, max-image-preview:large, max-video-preview:-1\" \/>\n<link rel=\"canonical\" href=\"https:\/\/durres.gov.al\/en\/2025\/09\/10\/ja-vendimet-e-miratuara-ne-mbledhjen-e-keshillit-bashkiak-te-durresit\/\" \/>\n<meta property=\"og:locale\" content=\"en_US\" \/>\n<meta property=\"og:type\" content=\"article\" \/>\n<meta property=\"og:title\" content=\"Ja vendimet e miratuara n\u00eb mbledhjen e k\u00ebshillit bashkiak t\u00eb Durr\u00ebsit - Bashkia Durr\u00ebs\" \/>\n<meta property=\"og:description\" content=\"Ja vendimet e miratuara n\u00eb mbledhjen e k\u00ebshillit bashkiak t\u00eb Durr\u00ebsit K\u00ebshilli Bashkiak i Durr\u00ebsit ka zhvilluar mbledhjen e radh\u00ebs. N\u00eb k\u00ebt\u00eb mbledhje u miratuan t\u00eb gjitha vendimet e rendit t\u00eb dit\u00ebs: P\u00ebr miratimin e mandatit t\u00eb an\u00ebtares s\u00eb k\u00ebshillit bashkiak znj. Mirela Rasim Shala. P\u00ebr miratimin e planit social 2025-2028, t\u00eb bashkis\u00eb Durr\u00ebs. P\u00ebr [&hellip;]\" \/>\n<meta property=\"og:url\" content=\"https:\/\/durres.gov.al\/en\/2025\/09\/10\/ja-vendimet-e-miratuara-ne-mbledhjen-e-keshillit-bashkiak-te-durresit\/\" \/>\n<meta property=\"og:site_name\" content=\"Bashkia Durr\u00ebs\" \/>\n<meta property=\"article:published_time\" content=\"2025-09-10T13:18:50+00:00\" \/>\n<meta property=\"article:modified_time\" content=\"2026-04-02T12:25:46+00:00\" \/>\n<meta property=\"og:image\" content=\"https:\/\/durres.gov.al\/wp-content\/uploads\/2025\/09\/WhatsApp-Image-2025-09-10-at-14.30.11_7f6651f0-scaled.jpg\" \/>\n\t<meta property=\"og:image:width\" content=\"2560\" \/>\n\t<meta property=\"og:image:height\" content=\"1607\" \/>\n\t<meta property=\"og:image:type\" content=\"image\/jpeg\" \/>\n<meta name=\"author\" content=\"admin\" \/>\n<meta name=\"twitter:card\" content=\"summary_large_image\" \/>\n<meta name=\"twitter:label1\" content=\"Written by\" \/>\n\t<meta name=\"twitter:data1\" content=\"admin\" \/>\n\t<meta name=\"twitter:label2\" content=\"Est. reading time\" \/>\n\t<meta name=\"twitter:data2\" content=\"2 minutes\" \/>\n<script type=\"application\/ld+json\" class=\"yoast-schema-graph\">{\"@context\":\"https:\\\/\\\/schema.org\",\"@graph\":[{\"@type\":\"Article\",\"@id\":\"https:\\\/\\\/durres.gov.al\\\/2025\\\/09\\\/10\\\/ja-vendimet-e-miratuara-ne-mbledhjen-e-keshillit-bashkiak-te-durresit\\\/#article\",\"isPartOf\":{\"@id\":\"https:\\\/\\\/durres.gov.al\\\/2025\\\/09\\\/10\\\/ja-vendimet-e-miratuara-ne-mbledhjen-e-keshillit-bashkiak-te-durresit\\\/\"},\"author\":{\"name\":\"admin\",\"@id\":\"https:\\\/\\\/durres.gov.al\\\/en\\\/#\\\/schema\\\/person\\\/b635fa3d3fcab493eb6efe564996a856\"},\"headline\":\"Ja vendimet e miratuara n\u00eb mbledhjen e k\u00ebshillit bashkiak t\u00eb Durr\u00ebsit\",\"datePublished\":\"2025-09-10T13:18:50+00:00\",\"dateModified\":\"2026-04-02T12:25:46+00:00\",\"mainEntityOfPage\":{\"@id\":\"https:\\\/\\\/durres.gov.al\\\/2025\\\/09\\\/10\\\/ja-vendimet-e-miratuara-ne-mbledhjen-e-keshillit-bashkiak-te-durresit\\\/\"},\"wordCount\":300,\"publisher\":{\"@id\":\"https:\\\/\\\/durres.gov.al\\\/en\\\/#organization\"},\"image\":{\"@id\":\"https:\\\/\\\/durres.gov.al\\\/2025\\\/09\\\/10\\\/ja-vendimet-e-miratuara-ne-mbledhjen-e-keshillit-bashkiak-te-durresit\\\/#primaryimage\"},\"thumbnailUrl\":\"https:\\\/\\\/durres.gov.al\\\/wp-content\\\/uploads\\\/2025\\\/09\\\/WhatsApp-Image-2025-09-10-at-14.30.11_7f6651f0-scaled.jpg\",\"articleSection\":[\"Njoftime\",\"Njoftime kryesore\"],\"inLanguage\":\"en-US\"},{\"@type\":\"WebPage\",\"@id\":\"https:\\\/\\\/durres.gov.al\\\/2025\\\/09\\\/10\\\/ja-vendimet-e-miratuara-ne-mbledhjen-e-keshillit-bashkiak-te-durresit\\\/\",\"url\":\"https:\\\/\\\/durres.gov.al\\\/2025\\\/09\\\/10\\\/ja-vendimet-e-miratuara-ne-mbledhjen-e-keshillit-bashkiak-te-durresit\\\/\",\"name\":\"Ja vendimet e miratuara n\u00eb mbledhjen e k\u00ebshillit bashkiak t\u00eb Durr\u00ebsit - Bashkia Durr\u00ebs\",\"isPartOf\":{\"@id\":\"https:\\\/\\\/durres.gov.al\\\/en\\\/#website\"},\"primaryImageOfPage\":{\"@id\":\"https:\\\/\\\/durres.gov.al\\\/2025\\\/09\\\/10\\\/ja-vendimet-e-miratuara-ne-mbledhjen-e-keshillit-bashkiak-te-durresit\\\/#primaryimage\"},\"image\":{\"@id\":\"https:\\\/\\\/durres.gov.al\\\/2025\\\/09\\\/10\\\/ja-vendimet-e-miratuara-ne-mbledhjen-e-keshillit-bashkiak-te-durresit\\\/#primaryimage\"},\"thumbnailUrl\":\"https:\\\/\\\/durres.gov.al\\\/wp-content\\\/uploads\\\/2025\\\/09\\\/WhatsApp-Image-2025-09-10-at-14.30.11_7f6651f0-scaled.jpg\",\"datePublished\":\"2025-09-10T13:18:50+00:00\",\"dateModified\":\"2026-04-02T12:25:46+00:00\",\"breadcrumb\":{\"@id\":\"https:\\\/\\\/durres.gov.al\\\/2025\\\/09\\\/10\\\/ja-vendimet-e-miratuara-ne-mbledhjen-e-keshillit-bashkiak-te-durresit\\\/#breadcrumb\"},\"inLanguage\":\"en-US\",\"potentialAction\":[{\"@type\":\"ReadAction\",\"target\":[\"https:\\\/\\\/durres.gov.al\\\/2025\\\/09\\\/10\\\/ja-vendimet-e-miratuara-ne-mbledhjen-e-keshillit-bashkiak-te-durresit\\\/\"]}]},{\"@type\":\"ImageObject\",\"inLanguage\":\"en-US\",\"@id\":\"https:\\\/\\\/durres.gov.al\\\/2025\\\/09\\\/10\\\/ja-vendimet-e-miratuara-ne-mbledhjen-e-keshillit-bashkiak-te-durresit\\\/#primaryimage\",\"url\":\"https:\\\/\\\/durres.gov.al\\\/wp-content\\\/uploads\\\/2025\\\/09\\\/WhatsApp-Image-2025-09-10-at-14.30.11_7f6651f0-scaled.jpg\",\"contentUrl\":\"https:\\\/\\\/durres.gov.al\\\/wp-content\\\/uploads\\\/2025\\\/09\\\/WhatsApp-Image-2025-09-10-at-14.30.11_7f6651f0-scaled.jpg\",\"width\":2560,\"height\":1607},{\"@type\":\"BreadcrumbList\",\"@id\":\"https:\\\/\\\/durres.gov.al\\\/2025\\\/09\\\/10\\\/ja-vendimet-e-miratuara-ne-mbledhjen-e-keshillit-bashkiak-te-durresit\\\/#breadcrumb\",\"itemListElement\":[{\"@type\":\"ListItem\",\"position\":1,\"name\":\"Home\",\"item\":\"https:\\\/\\\/durres.gov.al\\\/\"},{\"@type\":\"ListItem\",\"position\":2,\"name\":\"Ja vendimet e miratuara n\u00eb mbledhjen e k\u00ebshillit bashkiak t\u00eb Durr\u00ebsit\"}]},{\"@type\":\"WebSite\",\"@id\":\"https:\\\/\\\/durres.gov.al\\\/en\\\/#website\",\"url\":\"https:\\\/\\\/durres.gov.al\\\/en\\\/\",\"name\":\"Bashkia Durr\u00ebs\",\"description\":\"Faqja Zyrtare n\u00eb Internet\",\"publisher\":{\"@id\":\"https:\\\/\\\/durres.gov.al\\\/en\\\/#organization\"},\"potentialAction\":[{\"@type\":\"SearchAction\",\"target\":{\"@type\":\"EntryPoint\",\"urlTemplate\":\"https:\\\/\\\/durres.gov.al\\\/en\\\/?s={search_term_string}\"},\"query-input\":{\"@type\":\"PropertyValueSpecification\",\"valueRequired\":true,\"valueName\":\"search_term_string\"}}],\"inLanguage\":\"en-US\"},{\"@type\":\"Organization\",\"@id\":\"https:\\\/\\\/durres.gov.al\\\/en\\\/#organization\",\"name\":\"Bashkia Durr\u00ebs\",\"url\":\"https:\\\/\\\/durres.gov.al\\\/en\\\/\",\"logo\":{\"@type\":\"ImageObject\",\"inLanguage\":\"en-US\",\"@id\":\"https:\\\/\\\/durres.gov.al\\\/en\\\/#\\\/schema\\\/logo\\\/image\\\/\",\"url\":\"https:\\\/\\\/durres.gov.al\\\/wp-content\\\/uploads\\\/2023\\\/01\\\/cropped-logo.png\",\"contentUrl\":\"https:\\\/\\\/durres.gov.al\\\/wp-content\\\/uploads\\\/2023\\\/01\\\/cropped-logo.png\",\"width\":512,\"height\":512,\"caption\":\"Bashkia Durr\u00ebs\"},\"image\":{\"@id\":\"https:\\\/\\\/durres.gov.al\\\/en\\\/#\\\/schema\\\/logo\\\/image\\\/\"}},{\"@type\":\"Person\",\"@id\":\"https:\\\/\\\/durres.gov.al\\\/en\\\/#\\\/schema\\\/person\\\/b635fa3d3fcab493eb6efe564996a856\",\"name\":\"admin\",\"sameAs\":[\"https:\\\/\\\/durres.gov.al\"],\"url\":\"https:\\\/\\\/durres.gov.al\\\/en\\\/author\\\/admin\\\/\"}]}<\/script>\n<!-- \/ Yoast SEO plugin. -->","yoast_head_json":{"title":"Ja vendimet e miratuara n\u00eb mbledhjen e k\u00ebshillit bashkiak t\u00eb Durr\u00ebsit - Bashkia Durr\u00ebs","robots":{"index":"index","follow":"follow","max-snippet":"max-snippet:-1","max-image-preview":"max-image-preview:large","max-video-preview":"max-video-preview:-1"},"canonical":"https:\/\/durres.gov.al\/en\/2025\/09\/10\/ja-vendimet-e-miratuara-ne-mbledhjen-e-keshillit-bashkiak-te-durresit\/","og_locale":"en_US","og_type":"article","og_title":"Ja vendimet e miratuara n\u00eb mbledhjen e k\u00ebshillit bashkiak t\u00eb Durr\u00ebsit - Bashkia Durr\u00ebs","og_description":"Ja vendimet e miratuara n\u00eb mbledhjen e k\u00ebshillit bashkiak t\u00eb Durr\u00ebsit K\u00ebshilli Bashkiak i Durr\u00ebsit ka zhvilluar mbledhjen e radh\u00ebs. N\u00eb k\u00ebt\u00eb mbledhje u miratuan t\u00eb gjitha vendimet e rendit t\u00eb dit\u00ebs: P\u00ebr miratimin e mandatit t\u00eb an\u00ebtares s\u00eb k\u00ebshillit bashkiak znj. Mirela Rasim Shala. P\u00ebr miratimin e planit social 2025-2028, t\u00eb bashkis\u00eb Durr\u00ebs. P\u00ebr [&hellip;]","og_url":"https:\/\/durres.gov.al\/en\/2025\/09\/10\/ja-vendimet-e-miratuara-ne-mbledhjen-e-keshillit-bashkiak-te-durresit\/","og_site_name":"Bashkia Durr\u00ebs","article_published_time":"2025-09-10T13:18:50+00:00","article_modified_time":"2026-04-02T12:25:46+00:00","og_image":[{"width":2560,"height":1607,"url":"https:\/\/durres.gov.al\/wp-content\/uploads\/2025\/09\/WhatsApp-Image-2025-09-10-at-14.30.11_7f6651f0-scaled.jpg","type":"image\/jpeg"}],"author":"admin","twitter_card":"summary_large_image","twitter_misc":{"Written by":"admin","Est. reading time":"2 minutes"},"schema":{"@context":"https:\/\/schema.org","@graph":[{"@type":"Article","@id":"https:\/\/durres.gov.al\/2025\/09\/10\/ja-vendimet-e-miratuara-ne-mbledhjen-e-keshillit-bashkiak-te-durresit\/#article","isPartOf":{"@id":"https:\/\/durres.gov.al\/2025\/09\/10\/ja-vendimet-e-miratuara-ne-mbledhjen-e-keshillit-bashkiak-te-durresit\/"},"author":{"name":"admin","@id":"https:\/\/durres.gov.al\/en\/#\/schema\/person\/b635fa3d3fcab493eb6efe564996a856"},"headline":"Ja vendimet e miratuara n\u00eb mbledhjen e k\u00ebshillit bashkiak t\u00eb Durr\u00ebsit","datePublished":"2025-09-10T13:18:50+00:00","dateModified":"2026-04-02T12:25:46+00:00","mainEntityOfPage":{"@id":"https:\/\/durres.gov.al\/2025\/09\/10\/ja-vendimet-e-miratuara-ne-mbledhjen-e-keshillit-bashkiak-te-durresit\/"},"wordCount":300,"publisher":{"@id":"https:\/\/durres.gov.al\/en\/#organization"},"image":{"@id":"https:\/\/durres.gov.al\/2025\/09\/10\/ja-vendimet-e-miratuara-ne-mbledhjen-e-keshillit-bashkiak-te-durresit\/#primaryimage"},"thumbnailUrl":"https:\/\/durres.gov.al\/wp-content\/uploads\/2025\/09\/WhatsApp-Image-2025-09-10-at-14.30.11_7f6651f0-scaled.jpg","articleSection":["Njoftime","Njoftime kryesore"],"inLanguage":"en-US"},{"@type":"WebPage","@id":"https:\/\/durres.gov.al\/2025\/09\/10\/ja-vendimet-e-miratuara-ne-mbledhjen-e-keshillit-bashkiak-te-durresit\/","url":"https:\/\/durres.gov.al\/2025\/09\/10\/ja-vendimet-e-miratuara-ne-mbledhjen-e-keshillit-bashkiak-te-durresit\/","name":"Ja vendimet e miratuara n\u00eb mbledhjen e k\u00ebshillit bashkiak t\u00eb Durr\u00ebsit - Bashkia Durr\u00ebs","isPartOf":{"@id":"https:\/\/durres.gov.al\/en\/#website"},"primaryImageOfPage":{"@id":"https:\/\/durres.gov.al\/2025\/09\/10\/ja-vendimet-e-miratuara-ne-mbledhjen-e-keshillit-bashkiak-te-durresit\/#primaryimage"},"image":{"@id":"https:\/\/durres.gov.al\/2025\/09\/10\/ja-vendimet-e-miratuara-ne-mbledhjen-e-keshillit-bashkiak-te-durresit\/#primaryimage"},"thumbnailUrl":"https:\/\/durres.gov.al\/wp-content\/uploads\/2025\/09\/WhatsApp-Image-2025-09-10-at-14.30.11_7f6651f0-scaled.jpg","datePublished":"2025-09-10T13:18:50+00:00","dateModified":"2026-04-02T12:25:46+00:00","breadcrumb":{"@id":"https:\/\/durres.gov.al\/2025\/09\/10\/ja-vendimet-e-miratuara-ne-mbledhjen-e-keshillit-bashkiak-te-durresit\/#breadcrumb"},"inLanguage":"en-US","potentialAction":[{"@type":"ReadAction","target":["https:\/\/durres.gov.al\/2025\/09\/10\/ja-vendimet-e-miratuara-ne-mbledhjen-e-keshillit-bashkiak-te-durresit\/"]}]},{"@type":"ImageObject","inLanguage":"en-US","@id":"https:\/\/durres.gov.al\/2025\/09\/10\/ja-vendimet-e-miratuara-ne-mbledhjen-e-keshillit-bashkiak-te-durresit\/#primaryimage","url":"https:\/\/durres.gov.al\/wp-content\/uploads\/2025\/09\/WhatsApp-Image-2025-09-10-at-14.30.11_7f6651f0-scaled.jpg","contentUrl":"https:\/\/durres.gov.al\/wp-content\/uploads\/2025\/09\/WhatsApp-Image-2025-09-10-at-14.30.11_7f6651f0-scaled.jpg","width":2560,"height":1607},{"@type":"BreadcrumbList","@id":"https:\/\/durres.gov.al\/2025\/09\/10\/ja-vendimet-e-miratuara-ne-mbledhjen-e-keshillit-bashkiak-te-durresit\/#breadcrumb","itemListElement":[{"@type":"ListItem","position":1,"name":"Home","item":"https:\/\/durres.gov.al\/"},{"@type":"ListItem","position":2,"name":"Ja vendimet e miratuara n\u00eb mbledhjen e k\u00ebshillit bashkiak t\u00eb Durr\u00ebsit"}]},{"@type":"WebSite","@id":"https:\/\/durres.gov.al\/en\/#website","url":"https:\/\/durres.gov.al\/en\/","name":"Municipality of Durr\u00ebs","description":"Faqja Zyrtare n\u00eb Internet","publisher":{"@id":"https:\/\/durres.gov.al\/en\/#organization"},"potentialAction":[{"@type":"SearchAction","target":{"@type":"EntryPoint","urlTemplate":"https:\/\/durres.gov.al\/en\/?s={search_term_string}"},"query-input":{"@type":"PropertyValueSpecification","valueRequired":true,"valueName":"search_term_string"}}],"inLanguage":"en-US"},{"@type":"Organization","@id":"https:\/\/durres.gov.al\/en\/#organization","name":"Municipality of Durr\u00ebs","url":"https:\/\/durres.gov.al\/en\/","logo":{"@type":"ImageObject","inLanguage":"en-US","@id":"https:\/\/durres.gov.al\/en\/#\/schema\/logo\/image\/","url":"https:\/\/durres.gov.al\/wp-content\/uploads\/2023\/01\/cropped-logo.png","contentUrl":"https:\/\/durres.gov.al\/wp-content\/uploads\/2023\/01\/cropped-logo.png","width":512,"height":512,"caption":"Bashkia Durr\u00ebs"},"image":{"@id":"https:\/\/durres.gov.al\/en\/#\/schema\/logo\/image\/"}},{"@type":"Person","@id":"https:\/\/durres.gov.al\/en\/#\/schema\/person\/b635fa3d3fcab493eb6efe564996a856","name":"admin","sameAs":["https:\/\/durres.gov.al"],"url":"https:\/\/durres.gov.al\/en\/author\/admin\/"}]}},"_links":{"self":[{"href":"https:\/\/durres.gov.al\/en\/wp-json\/wp\/v2\/posts\/24183","targetHints":{"allow":["GET"]}}],"collection":[{"href":"https:\/\/durres.gov.al\/en\/wp-json\/wp\/v2\/posts"}],"about":[{"href":"https:\/\/durres.gov.al\/en\/wp-json\/wp\/v2\/types\/post"}],"author":[{"embeddable":true,"href":"https:\/\/durres.gov.al\/en\/wp-json\/wp\/v2\/users\/4"}],"replies":[{"embeddable":true,"href":"https:\/\/durres.gov.al\/en\/wp-json\/wp\/v2\/comments?post=24183"}],"version-history":[{"count":1,"href":"https:\/\/durres.gov.al\/en\/wp-json\/wp\/v2\/posts\/24183\/revisions"}],"predecessor-version":[{"id":24185,"href":"https:\/\/durres.gov.al\/en\/wp-json\/wp\/v2\/posts\/24183\/revisions\/24185"}],"wp:featuredmedia":[{"embeddable":true,"href":"https:\/\/durres.gov.al\/en\/wp-json\/wp\/v2\/media\/24184"}],"wp:attachment":[{"href":"https:\/\/durres.gov.al\/en\/wp-json\/wp\/v2\/media?parent=24183"}],"wp:term":[{"taxonomy":"category","embeddable":true,"href":"https:\/\/durres.gov.al\/en\/wp-json\/wp\/v2\/categories?post=24183"},{"taxonomy":"post_tag","embeddable":true,"href":"https:\/\/durres.gov.al\/en\/wp-json\/wp\/v2\/tags?post=24183"}],"curies":[{"name":"wp","href":"https:\/\/api.w.org\/{rel}","templated":true}]}}