{"id":24275,"date":"2025-09-29T15:52:52","date_gmt":"2025-09-29T13:52:52","guid":{"rendered":"https:\/\/durres.gov.al\/?p=24275"},"modified":"2026-04-02T14:25:06","modified_gmt":"2026-04-02T12:25:06","slug":"bashkia-e-durresit-zhvilloi-degjesen-publike-me-banoret-e-manzes-dhe-ishmit-per-programin-buxhetor-afatmesem-pba-2026-2028","status":"publish","type":"post","link":"https:\/\/durres.gov.al\/en\/2025\/09\/29\/bashkia-e-durresit-zhvilloi-degjesen-publike-me-banoret-e-manzes-dhe-ishmit-per-programin-buxhetor-afatmesem-pba-2026-2028\/","title":{"rendered":"Bashkia e Durr\u00ebsit zhvilloi d\u00ebgjes\u00ebn publike me banor\u00ebt e Manz\u00ebs dhe Ishmit p\u00ebr Programin Buxhetor Afatmes\u00ebm (PBA) 2026-2028"},"content":{"rendered":"<p>Bashkia e Durr\u00ebsit dhe K\u00ebshilli Bashkiak po zhvillon D\u00ebgjesat Publike p\u00ebr Programin Buxhetor Afatmes\u00ebm (PBA) 2026-2028, t\u00eb fokusuar n\u00eb kat\u00ebr programe kryesore:<\/p>\n<p>\u2022 Infrastruktura Rrugore dhe Investimet Publike<br \/>\n\u2022 Sh\u00ebrbimet Sociale<br \/>\n\u2022 Investimet n\u00eb Arsimin Parashkollor dhe Parauniversitar<br \/>\n\u2022 Paketa Fiskale<\/p>\n<p>N\u00eb kuad\u00ebr t\u00eb zbatimit t\u00eb Kalendarit t\u00eb Degjesave Publike p\u00ebr buxhetin vjetor 2025 dhe t\u00eb Programit Buxhetor Afatmes\u00ebm 2026-2028, si dhe sipas parimeve t\u00eb \u201cTransparenc\u00ebs Publike\u201d, filluan d\u00ebgjesat publike n\u00eb p\u00ebrputhje me Ligjin Nr. 146\/2014 \u201cP\u00ebr Njoftimin dhe Konsultimin Publik\u201d.<br \/>\nN\u00ebnkryetar\u00ebt e Bashkis\u00eb s\u00eb Durr\u00ebsit, Elio Jani dhe Egert Hoxha, kan\u00eb zhvilluar D\u00ebgjesat Publike me banor\u00ebt e Nj\u00ebsive Administrative Man\u00ebz dhe Ish\u00ebm, p\u00ebr programet m\u00eb kryesore t\u00eb buxhetit t\u00eb Bashkis\u00eb Durr\u00ebs.<\/p>\n<p>N\u00eb k\u00ebt\u00eb takim u zhvilluan 4 d\u00ebgjesa publike mbi 4 programet buxhetore:<\/p>\n<p>&#8211; Programi i Infrastruktures Rrugore dhe Investimet Publike per PBA 2026-2028<br \/>\n&#8211; Programi i Arsimit Parashkollor dhe Parauniversitar<br \/>\n&#8211; Programi i Strehimit dhe Sh\u00ebrbimit Social<br \/>\n&#8211; Paketa Fiskale<\/p>\n<p>N\u00eb degjesa mor\u00ebn pjes\u00eb p\u00ebrfaq\u00ebsues t\u00eb komunitetit, institucioneve arsimore, OSHE, Emergjenc\u00ebs Civile, UKD dhe OJF-ve q\u00eb operojn\u00eb n\u00eb k\u00ebto Nj\u00ebsi Administrative.<br \/>\nTakimin e hapi n\u00ebnkryetari i bashkia\u00eb Elio Jani, i cili gjat\u00eb fjal\u00ebs s\u00eb tij prezantoi investimet e realizuara gjat\u00eb vitit 2025, duke p\u00ebrfshir\u00eb investimet n\u00eb infrastruktur\u00eb rrugore dhe arsimore.<\/p>\n<p>M\u00eb pas, degjesa vazhdoi me prezantimet e drejtor\u00ebve t\u00eb drejtorive dhe p\u00ebrfaq\u00ebsues\u00ebve p\u00ebrkat\u00ebs p\u00ebr kat\u00ebr programet buxhetore t\u00eb PBA 2026-2028. Disa nga objektivat kryesore p\u00ebr periudh\u00ebn 2026-2028 p\u00ebrfshijn\u00eb:<\/p>\n<p>\u2022 Shkolla Mesme Bashkuar &#8220;Rexhep Mezini\u201c, NJA Ish\u00ebm\/Perfundon ne Tetor 2025<br \/>\n\u2022 Rikonstruksion i Njesise Administrative Ishem<br \/>\n\u2022 Nd\u00ebrtimin e markat\u00ebs p\u00ebr tregtimin e produkteve bujq\u00ebsore n\u00eb Man\u00ebz<br \/>\n\u2022 Rikonstruksion Gjimnazit \u2036Manez\u2033<br \/>\n\u2022 Rikonstruksion i Rrug\u00ebs Gjimnazi Man\u00ebz<br \/>\n\u2022 Rikonstruksionin dhe rind\u00ebrtimin e q\u00ebndrave sh\u00ebndet\u00ebsore<br \/>\n\u2022 Krijimin e hap\u00ebsirave publike dhe k\u00ebndeve t\u00eb loj\u00ebrave p\u00ebr f\u00ebmij\u00ebt<br \/>\n\u2022 Shtrimin e disa rrug\u00ebve, p\u00ebrfshir\u00eb Borces, Hoxh\u00ebve,Vora, Kodrashi dhe Ferhati, si prioritete p\u00ebr vitet e ardhshme<\/p>\n<p>Pas prezantimeve, banor\u00ebt dhe t\u00eb pranishmit diskutuan rreth prioriteteve t\u00eb identifikuara, duke dh\u00ebn\u00eb mendime, duke parashtruar ankesa dhe sugjerime p\u00ebr p\u00ebrmir\u00ebsimin e sh\u00ebrbimeve dhe investimeve n\u00eb komunitet.<\/p>","protected":false},"excerpt":{"rendered":"<p>Bashkia e Durr\u00ebsit dhe K\u00ebshilli Bashkiak po zhvillon D\u00ebgjesat Publike p\u00ebr Programin Buxhetor Afatmes\u00ebm (PBA) 2026-2028, t\u00eb fokusuar n\u00eb kat\u00ebr programe kryesore: \u2022 Infrastruktura Rrugore dhe Investimet Publike \u2022 Sh\u00ebrbimet Sociale \u2022 Investimet n\u00eb Arsimin Parashkollor dhe Parauniversitar \u2022 Paketa Fiskale N\u00eb kuad\u00ebr t\u00eb zbatimit t\u00eb Kalendarit t\u00eb Degjesave Publike p\u00ebr buxhetin vjetor 2025 dhe [&hellip;]<\/p>\n","protected":false},"author":4,"featured_media":24276,"comment_status":"closed","ping_status":"closed","sticky":false,"template":"","format":"standard","meta":{"_acf_changed":false,"footnotes":""},"categories":[37,123,1],"tags":[],"class_list":["post-24275","post","type-post","status-publish","format-standard","has-post-thumbnail","hentry","category-njoftime","category-njoftime-kryesore","category-uncategorized"],"acf":[],"yoast_head":"<!-- This site is optimized with the Yoast SEO plugin v27.4 - https:\/\/yoast.com\/product\/yoast-seo-wordpress\/ -->\n<title>Bashkia e Durr\u00ebsit zhvilloi d\u00ebgjes\u00ebn publike me banor\u00ebt e Manz\u00ebs dhe Ishmit p\u00ebr Programin Buxhetor Afatmes\u00ebm (PBA) 2026-2028 - Bashkia Durr\u00ebs<\/title>\n<meta name=\"robots\" content=\"index, follow, max-snippet:-1, max-image-preview:large, max-video-preview:-1\" \/>\n<link rel=\"canonical\" href=\"https:\/\/durres.gov.al\/en\/2025\/09\/29\/bashkia-e-durresit-zhvilloi-degjesen-publike-me-banoret-e-manzes-dhe-ishmit-per-programin-buxhetor-afatmesem-pba-2026-2028\/\" \/>\n<meta property=\"og:locale\" content=\"en_US\" \/>\n<meta property=\"og:type\" content=\"article\" \/>\n<meta property=\"og:title\" content=\"Bashkia e Durr\u00ebsit zhvilloi d\u00ebgjes\u00ebn publike me banor\u00ebt e Manz\u00ebs dhe Ishmit p\u00ebr Programin Buxhetor Afatmes\u00ebm (PBA) 2026-2028 - Bashkia Durr\u00ebs\" \/>\n<meta property=\"og:description\" content=\"Bashkia e Durr\u00ebsit dhe K\u00ebshilli Bashkiak po zhvillon D\u00ebgjesat Publike p\u00ebr Programin Buxhetor Afatmes\u00ebm (PBA) 2026-2028, t\u00eb fokusuar n\u00eb kat\u00ebr programe kryesore: \u2022 Infrastruktura Rrugore dhe Investimet Publike \u2022 Sh\u00ebrbimet Sociale \u2022 Investimet n\u00eb Arsimin Parashkollor dhe Parauniversitar \u2022 Paketa Fiskale N\u00eb kuad\u00ebr t\u00eb zbatimit t\u00eb Kalendarit t\u00eb Degjesave Publike p\u00ebr buxhetin vjetor 2025 dhe [&hellip;]\" \/>\n<meta property=\"og:url\" content=\"https:\/\/durres.gov.al\/en\/2025\/09\/29\/bashkia-e-durresit-zhvilloi-degjesen-publike-me-banoret-e-manzes-dhe-ishmit-per-programin-buxhetor-afatmesem-pba-2026-2028\/\" \/>\n<meta property=\"og:site_name\" content=\"Bashkia Durr\u00ebs\" \/>\n<meta property=\"article:published_time\" content=\"2025-09-29T13:52:52+00:00\" \/>\n<meta property=\"article:modified_time\" content=\"2026-04-02T12:25:06+00:00\" \/>\n<meta property=\"og:image\" content=\"https:\/\/durres.gov.al\/wp-content\/uploads\/2025\/09\/WhatsApp-Image-2025-09-29-at-3.41.17-PM-scaled.jpeg\" \/>\n\t<meta property=\"og:image:width\" content=\"2560\" \/>\n\t<meta property=\"og:image:height\" content=\"1920\" \/>\n\t<meta property=\"og:image:type\" content=\"image\/jpeg\" \/>\n<meta name=\"author\" content=\"admin\" \/>\n<meta name=\"twitter:card\" content=\"summary_large_image\" \/>\n<meta name=\"twitter:label1\" content=\"Written by\" \/>\n\t<meta name=\"twitter:data1\" content=\"admin\" \/>\n\t<meta name=\"twitter:label2\" content=\"Est. reading time\" \/>\n\t<meta name=\"twitter:data2\" content=\"2 minutes\" \/>\n<script type=\"application\/ld+json\" class=\"yoast-schema-graph\">{\"@context\":\"https:\\\/\\\/schema.org\",\"@graph\":[{\"@type\":\"Article\",\"@id\":\"https:\\\/\\\/durres.gov.al\\\/2025\\\/09\\\/29\\\/bashkia-e-durresit-zhvilloi-degjesen-publike-me-banoret-e-manzes-dhe-ishmit-per-programin-buxhetor-afatmesem-pba-2026-2028\\\/#article\",\"isPartOf\":{\"@id\":\"https:\\\/\\\/durres.gov.al\\\/2025\\\/09\\\/29\\\/bashkia-e-durresit-zhvilloi-degjesen-publike-me-banoret-e-manzes-dhe-ishmit-per-programin-buxhetor-afatmesem-pba-2026-2028\\\/\"},\"author\":{\"name\":\"admin\",\"@id\":\"https:\\\/\\\/durres.gov.al\\\/en\\\/#\\\/schema\\\/person\\\/b635fa3d3fcab493eb6efe564996a856\"},\"headline\":\"Bashkia e Durr\u00ebsit zhvilloi d\u00ebgjes\u00ebn publike me banor\u00ebt e Manz\u00ebs dhe Ishmit p\u00ebr Programin Buxhetor Afatmes\u00ebm (PBA) 2026-2028\",\"datePublished\":\"2025-09-29T13:52:52+00:00\",\"dateModified\":\"2026-04-02T12:25:06+00:00\",\"mainEntityOfPage\":{\"@id\":\"https:\\\/\\\/durres.gov.al\\\/2025\\\/09\\\/29\\\/bashkia-e-durresit-zhvilloi-degjesen-publike-me-banoret-e-manzes-dhe-ishmit-per-programin-buxhetor-afatmesem-pba-2026-2028\\\/\"},\"wordCount\":414,\"publisher\":{\"@id\":\"https:\\\/\\\/durres.gov.al\\\/en\\\/#organization\"},\"image\":{\"@id\":\"https:\\\/\\\/durres.gov.al\\\/2025\\\/09\\\/29\\\/bashkia-e-durresit-zhvilloi-degjesen-publike-me-banoret-e-manzes-dhe-ishmit-per-programin-buxhetor-afatmesem-pba-2026-2028\\\/#primaryimage\"},\"thumbnailUrl\":\"https:\\\/\\\/durres.gov.al\\\/wp-content\\\/uploads\\\/2025\\\/09\\\/WhatsApp-Image-2025-09-29-at-3.41.17-PM-scaled.jpeg\",\"articleSection\":[\"Njoftime\",\"Njoftime kryesore\"],\"inLanguage\":\"en-US\"},{\"@type\":\"WebPage\",\"@id\":\"https:\\\/\\\/durres.gov.al\\\/2025\\\/09\\\/29\\\/bashkia-e-durresit-zhvilloi-degjesen-publike-me-banoret-e-manzes-dhe-ishmit-per-programin-buxhetor-afatmesem-pba-2026-2028\\\/\",\"url\":\"https:\\\/\\\/durres.gov.al\\\/2025\\\/09\\\/29\\\/bashkia-e-durresit-zhvilloi-degjesen-publike-me-banoret-e-manzes-dhe-ishmit-per-programin-buxhetor-afatmesem-pba-2026-2028\\\/\",\"name\":\"Bashkia e Durr\u00ebsit zhvilloi d\u00ebgjes\u00ebn publike me banor\u00ebt e Manz\u00ebs dhe Ishmit p\u00ebr Programin Buxhetor Afatmes\u00ebm (PBA) 2026-2028 - Bashkia Durr\u00ebs\",\"isPartOf\":{\"@id\":\"https:\\\/\\\/durres.gov.al\\\/en\\\/#website\"},\"primaryImageOfPage\":{\"@id\":\"https:\\\/\\\/durres.gov.al\\\/2025\\\/09\\\/29\\\/bashkia-e-durresit-zhvilloi-degjesen-publike-me-banoret-e-manzes-dhe-ishmit-per-programin-buxhetor-afatmesem-pba-2026-2028\\\/#primaryimage\"},\"image\":{\"@id\":\"https:\\\/\\\/durres.gov.al\\\/2025\\\/09\\\/29\\\/bashkia-e-durresit-zhvilloi-degjesen-publike-me-banoret-e-manzes-dhe-ishmit-per-programin-buxhetor-afatmesem-pba-2026-2028\\\/#primaryimage\"},\"thumbnailUrl\":\"https:\\\/\\\/durres.gov.al\\\/wp-content\\\/uploads\\\/2025\\\/09\\\/WhatsApp-Image-2025-09-29-at-3.41.17-PM-scaled.jpeg\",\"datePublished\":\"2025-09-29T13:52:52+00:00\",\"dateModified\":\"2026-04-02T12:25:06+00:00\",\"breadcrumb\":{\"@id\":\"https:\\\/\\\/durres.gov.al\\\/2025\\\/09\\\/29\\\/bashkia-e-durresit-zhvilloi-degjesen-publike-me-banoret-e-manzes-dhe-ishmit-per-programin-buxhetor-afatmesem-pba-2026-2028\\\/#breadcrumb\"},\"inLanguage\":\"en-US\",\"potentialAction\":[{\"@type\":\"ReadAction\",\"target\":[\"https:\\\/\\\/durres.gov.al\\\/2025\\\/09\\\/29\\\/bashkia-e-durresit-zhvilloi-degjesen-publike-me-banoret-e-manzes-dhe-ishmit-per-programin-buxhetor-afatmesem-pba-2026-2028\\\/\"]}]},{\"@type\":\"ImageObject\",\"inLanguage\":\"en-US\",\"@id\":\"https:\\\/\\\/durres.gov.al\\\/2025\\\/09\\\/29\\\/bashkia-e-durresit-zhvilloi-degjesen-publike-me-banoret-e-manzes-dhe-ishmit-per-programin-buxhetor-afatmesem-pba-2026-2028\\\/#primaryimage\",\"url\":\"https:\\\/\\\/durres.gov.al\\\/wp-content\\\/uploads\\\/2025\\\/09\\\/WhatsApp-Image-2025-09-29-at-3.41.17-PM-scaled.jpeg\",\"contentUrl\":\"https:\\\/\\\/durres.gov.al\\\/wp-content\\\/uploads\\\/2025\\\/09\\\/WhatsApp-Image-2025-09-29-at-3.41.17-PM-scaled.jpeg\",\"width\":2560,\"height\":1920},{\"@type\":\"BreadcrumbList\",\"@id\":\"https:\\\/\\\/durres.gov.al\\\/2025\\\/09\\\/29\\\/bashkia-e-durresit-zhvilloi-degjesen-publike-me-banoret-e-manzes-dhe-ishmit-per-programin-buxhetor-afatmesem-pba-2026-2028\\\/#breadcrumb\",\"itemListElement\":[{\"@type\":\"ListItem\",\"position\":1,\"name\":\"Home\",\"item\":\"https:\\\/\\\/durres.gov.al\\\/\"},{\"@type\":\"ListItem\",\"position\":2,\"name\":\"Bashkia e Durr\u00ebsit zhvilloi d\u00ebgjes\u00ebn publike me banor\u00ebt e Manz\u00ebs dhe Ishmit p\u00ebr Programin Buxhetor Afatmes\u00ebm (PBA) 2026-2028\"}]},{\"@type\":\"WebSite\",\"@id\":\"https:\\\/\\\/durres.gov.al\\\/en\\\/#website\",\"url\":\"https:\\\/\\\/durres.gov.al\\\/en\\\/\",\"name\":\"Bashkia Durr\u00ebs\",\"description\":\"Faqja Zyrtare n\u00eb Internet\",\"publisher\":{\"@id\":\"https:\\\/\\\/durres.gov.al\\\/en\\\/#organization\"},\"potentialAction\":[{\"@type\":\"SearchAction\",\"target\":{\"@type\":\"EntryPoint\",\"urlTemplate\":\"https:\\\/\\\/durres.gov.al\\\/en\\\/?s={search_term_string}\"},\"query-input\":{\"@type\":\"PropertyValueSpecification\",\"valueRequired\":true,\"valueName\":\"search_term_string\"}}],\"inLanguage\":\"en-US\"},{\"@type\":\"Organization\",\"@id\":\"https:\\\/\\\/durres.gov.al\\\/en\\\/#organization\",\"name\":\"Bashkia Durr\u00ebs\",\"url\":\"https:\\\/\\\/durres.gov.al\\\/en\\\/\",\"logo\":{\"@type\":\"ImageObject\",\"inLanguage\":\"en-US\",\"@id\":\"https:\\\/\\\/durres.gov.al\\\/en\\\/#\\\/schema\\\/logo\\\/image\\\/\",\"url\":\"https:\\\/\\\/durres.gov.al\\\/wp-content\\\/uploads\\\/2023\\\/01\\\/cropped-logo.png\",\"contentUrl\":\"https:\\\/\\\/durres.gov.al\\\/wp-content\\\/uploads\\\/2023\\\/01\\\/cropped-logo.png\",\"width\":512,\"height\":512,\"caption\":\"Bashkia Durr\u00ebs\"},\"image\":{\"@id\":\"https:\\\/\\\/durres.gov.al\\\/en\\\/#\\\/schema\\\/logo\\\/image\\\/\"}},{\"@type\":\"Person\",\"@id\":\"https:\\\/\\\/durres.gov.al\\\/en\\\/#\\\/schema\\\/person\\\/b635fa3d3fcab493eb6efe564996a856\",\"name\":\"admin\",\"sameAs\":[\"https:\\\/\\\/durres.gov.al\"],\"url\":\"https:\\\/\\\/durres.gov.al\\\/en\\\/author\\\/admin\\\/\"}]}<\/script>\n<!-- \/ Yoast SEO plugin. -->","yoast_head_json":{"title":"Bashkia e Durr\u00ebsit zhvilloi d\u00ebgjes\u00ebn publike me banor\u00ebt e Manz\u00ebs dhe Ishmit p\u00ebr Programin Buxhetor Afatmes\u00ebm (PBA) 2026-2028 - Bashkia Durr\u00ebs","robots":{"index":"index","follow":"follow","max-snippet":"max-snippet:-1","max-image-preview":"max-image-preview:large","max-video-preview":"max-video-preview:-1"},"canonical":"https:\/\/durres.gov.al\/en\/2025\/09\/29\/bashkia-e-durresit-zhvilloi-degjesen-publike-me-banoret-e-manzes-dhe-ishmit-per-programin-buxhetor-afatmesem-pba-2026-2028\/","og_locale":"en_US","og_type":"article","og_title":"Bashkia e Durr\u00ebsit zhvilloi d\u00ebgjes\u00ebn publike me banor\u00ebt e Manz\u00ebs dhe Ishmit p\u00ebr Programin Buxhetor Afatmes\u00ebm (PBA) 2026-2028 - Bashkia Durr\u00ebs","og_description":"Bashkia e Durr\u00ebsit dhe K\u00ebshilli Bashkiak po zhvillon D\u00ebgjesat Publike p\u00ebr Programin Buxhetor Afatmes\u00ebm (PBA) 2026-2028, t\u00eb fokusuar n\u00eb kat\u00ebr programe kryesore: \u2022 Infrastruktura Rrugore dhe Investimet Publike \u2022 Sh\u00ebrbimet Sociale \u2022 Investimet n\u00eb Arsimin Parashkollor dhe Parauniversitar \u2022 Paketa Fiskale N\u00eb kuad\u00ebr t\u00eb zbatimit t\u00eb Kalendarit t\u00eb Degjesave Publike p\u00ebr buxhetin vjetor 2025 dhe [&hellip;]","og_url":"https:\/\/durres.gov.al\/en\/2025\/09\/29\/bashkia-e-durresit-zhvilloi-degjesen-publike-me-banoret-e-manzes-dhe-ishmit-per-programin-buxhetor-afatmesem-pba-2026-2028\/","og_site_name":"Bashkia Durr\u00ebs","article_published_time":"2025-09-29T13:52:52+00:00","article_modified_time":"2026-04-02T12:25:06+00:00","og_image":[{"width":2560,"height":1920,"url":"https:\/\/durres.gov.al\/wp-content\/uploads\/2025\/09\/WhatsApp-Image-2025-09-29-at-3.41.17-PM-scaled.jpeg","type":"image\/jpeg"}],"author":"admin","twitter_card":"summary_large_image","twitter_misc":{"Written by":"admin","Est. reading time":"2 minutes"},"schema":{"@context":"https:\/\/schema.org","@graph":[{"@type":"Article","@id":"https:\/\/durres.gov.al\/2025\/09\/29\/bashkia-e-durresit-zhvilloi-degjesen-publike-me-banoret-e-manzes-dhe-ishmit-per-programin-buxhetor-afatmesem-pba-2026-2028\/#article","isPartOf":{"@id":"https:\/\/durres.gov.al\/2025\/09\/29\/bashkia-e-durresit-zhvilloi-degjesen-publike-me-banoret-e-manzes-dhe-ishmit-per-programin-buxhetor-afatmesem-pba-2026-2028\/"},"author":{"name":"admin","@id":"https:\/\/durres.gov.al\/en\/#\/schema\/person\/b635fa3d3fcab493eb6efe564996a856"},"headline":"Bashkia e Durr\u00ebsit zhvilloi d\u00ebgjes\u00ebn publike me banor\u00ebt e Manz\u00ebs dhe Ishmit p\u00ebr Programin Buxhetor Afatmes\u00ebm (PBA) 2026-2028","datePublished":"2025-09-29T13:52:52+00:00","dateModified":"2026-04-02T12:25:06+00:00","mainEntityOfPage":{"@id":"https:\/\/durres.gov.al\/2025\/09\/29\/bashkia-e-durresit-zhvilloi-degjesen-publike-me-banoret-e-manzes-dhe-ishmit-per-programin-buxhetor-afatmesem-pba-2026-2028\/"},"wordCount":414,"publisher":{"@id":"https:\/\/durres.gov.al\/en\/#organization"},"image":{"@id":"https:\/\/durres.gov.al\/2025\/09\/29\/bashkia-e-durresit-zhvilloi-degjesen-publike-me-banoret-e-manzes-dhe-ishmit-per-programin-buxhetor-afatmesem-pba-2026-2028\/#primaryimage"},"thumbnailUrl":"https:\/\/durres.gov.al\/wp-content\/uploads\/2025\/09\/WhatsApp-Image-2025-09-29-at-3.41.17-PM-scaled.jpeg","articleSection":["Njoftime","Njoftime kryesore"],"inLanguage":"en-US"},{"@type":"WebPage","@id":"https:\/\/durres.gov.al\/2025\/09\/29\/bashkia-e-durresit-zhvilloi-degjesen-publike-me-banoret-e-manzes-dhe-ishmit-per-programin-buxhetor-afatmesem-pba-2026-2028\/","url":"https:\/\/durres.gov.al\/2025\/09\/29\/bashkia-e-durresit-zhvilloi-degjesen-publike-me-banoret-e-manzes-dhe-ishmit-per-programin-buxhetor-afatmesem-pba-2026-2028\/","name":"Bashkia e Durr\u00ebsit zhvilloi d\u00ebgjes\u00ebn publike me banor\u00ebt e Manz\u00ebs dhe Ishmit p\u00ebr Programin Buxhetor Afatmes\u00ebm (PBA) 2026-2028 - Bashkia Durr\u00ebs","isPartOf":{"@id":"https:\/\/durres.gov.al\/en\/#website"},"primaryImageOfPage":{"@id":"https:\/\/durres.gov.al\/2025\/09\/29\/bashkia-e-durresit-zhvilloi-degjesen-publike-me-banoret-e-manzes-dhe-ishmit-per-programin-buxhetor-afatmesem-pba-2026-2028\/#primaryimage"},"image":{"@id":"https:\/\/durres.gov.al\/2025\/09\/29\/bashkia-e-durresit-zhvilloi-degjesen-publike-me-banoret-e-manzes-dhe-ishmit-per-programin-buxhetor-afatmesem-pba-2026-2028\/#primaryimage"},"thumbnailUrl":"https:\/\/durres.gov.al\/wp-content\/uploads\/2025\/09\/WhatsApp-Image-2025-09-29-at-3.41.17-PM-scaled.jpeg","datePublished":"2025-09-29T13:52:52+00:00","dateModified":"2026-04-02T12:25:06+00:00","breadcrumb":{"@id":"https:\/\/durres.gov.al\/2025\/09\/29\/bashkia-e-durresit-zhvilloi-degjesen-publike-me-banoret-e-manzes-dhe-ishmit-per-programin-buxhetor-afatmesem-pba-2026-2028\/#breadcrumb"},"inLanguage":"en-US","potentialAction":[{"@type":"ReadAction","target":["https:\/\/durres.gov.al\/2025\/09\/29\/bashkia-e-durresit-zhvilloi-degjesen-publike-me-banoret-e-manzes-dhe-ishmit-per-programin-buxhetor-afatmesem-pba-2026-2028\/"]}]},{"@type":"ImageObject","inLanguage":"en-US","@id":"https:\/\/durres.gov.al\/2025\/09\/29\/bashkia-e-durresit-zhvilloi-degjesen-publike-me-banoret-e-manzes-dhe-ishmit-per-programin-buxhetor-afatmesem-pba-2026-2028\/#primaryimage","url":"https:\/\/durres.gov.al\/wp-content\/uploads\/2025\/09\/WhatsApp-Image-2025-09-29-at-3.41.17-PM-scaled.jpeg","contentUrl":"https:\/\/durres.gov.al\/wp-content\/uploads\/2025\/09\/WhatsApp-Image-2025-09-29-at-3.41.17-PM-scaled.jpeg","width":2560,"height":1920},{"@type":"BreadcrumbList","@id":"https:\/\/durres.gov.al\/2025\/09\/29\/bashkia-e-durresit-zhvilloi-degjesen-publike-me-banoret-e-manzes-dhe-ishmit-per-programin-buxhetor-afatmesem-pba-2026-2028\/#breadcrumb","itemListElement":[{"@type":"ListItem","position":1,"name":"Home","item":"https:\/\/durres.gov.al\/"},{"@type":"ListItem","position":2,"name":"Bashkia e Durr\u00ebsit zhvilloi d\u00ebgjes\u00ebn publike me banor\u00ebt e Manz\u00ebs dhe Ishmit p\u00ebr Programin Buxhetor Afatmes\u00ebm (PBA) 2026-2028"}]},{"@type":"WebSite","@id":"https:\/\/durres.gov.al\/en\/#website","url":"https:\/\/durres.gov.al\/en\/","name":"Municipality of Durr\u00ebs","description":"Faqja Zyrtare n\u00eb Internet","publisher":{"@id":"https:\/\/durres.gov.al\/en\/#organization"},"potentialAction":[{"@type":"SearchAction","target":{"@type":"EntryPoint","urlTemplate":"https:\/\/durres.gov.al\/en\/?s={search_term_string}"},"query-input":{"@type":"PropertyValueSpecification","valueRequired":true,"valueName":"search_term_string"}}],"inLanguage":"en-US"},{"@type":"Organization","@id":"https:\/\/durres.gov.al\/en\/#organization","name":"Municipality of Durr\u00ebs","url":"https:\/\/durres.gov.al\/en\/","logo":{"@type":"ImageObject","inLanguage":"en-US","@id":"https:\/\/durres.gov.al\/en\/#\/schema\/logo\/image\/","url":"https:\/\/durres.gov.al\/wp-content\/uploads\/2023\/01\/cropped-logo.png","contentUrl":"https:\/\/durres.gov.al\/wp-content\/uploads\/2023\/01\/cropped-logo.png","width":512,"height":512,"caption":"Bashkia Durr\u00ebs"},"image":{"@id":"https:\/\/durres.gov.al\/en\/#\/schema\/logo\/image\/"}},{"@type":"Person","@id":"https:\/\/durres.gov.al\/en\/#\/schema\/person\/b635fa3d3fcab493eb6efe564996a856","name":"admin","sameAs":["https:\/\/durres.gov.al"],"url":"https:\/\/durres.gov.al\/en\/author\/admin\/"}]}},"_links":{"self":[{"href":"https:\/\/durres.gov.al\/en\/wp-json\/wp\/v2\/posts\/24275","targetHints":{"allow":["GET"]}}],"collection":[{"href":"https:\/\/durres.gov.al\/en\/wp-json\/wp\/v2\/posts"}],"about":[{"href":"https:\/\/durres.gov.al\/en\/wp-json\/wp\/v2\/types\/post"}],"author":[{"embeddable":true,"href":"https:\/\/durres.gov.al\/en\/wp-json\/wp\/v2\/users\/4"}],"replies":[{"embeddable":true,"href":"https:\/\/durres.gov.al\/en\/wp-json\/wp\/v2\/comments?post=24275"}],"version-history":[{"count":1,"href":"https:\/\/durres.gov.al\/en\/wp-json\/wp\/v2\/posts\/24275\/revisions"}],"predecessor-version":[{"id":24277,"href":"https:\/\/durres.gov.al\/en\/wp-json\/wp\/v2\/posts\/24275\/revisions\/24277"}],"wp:featuredmedia":[{"embeddable":true,"href":"https:\/\/durres.gov.al\/en\/wp-json\/wp\/v2\/media\/24276"}],"wp:attachment":[{"href":"https:\/\/durres.gov.al\/en\/wp-json\/wp\/v2\/media?parent=24275"}],"wp:term":[{"taxonomy":"category","embeddable":true,"href":"https:\/\/durres.gov.al\/en\/wp-json\/wp\/v2\/categories?post=24275"},{"taxonomy":"post_tag","embeddable":true,"href":"https:\/\/durres.gov.al\/en\/wp-json\/wp\/v2\/tags?post=24275"}],"curies":[{"name":"wp","href":"https:\/\/api.w.org\/{rel}","templated":true}]}}