{"id":24279,"date":"2025-09-30T15:50:00","date_gmt":"2025-09-30T13:50:00","guid":{"rendered":"https:\/\/durres.gov.al\/?p=24279"},"modified":"2026-04-02T14:24:34","modified_gmt":"2026-04-02T12:24:34","slug":"bashkia-e-durresit-zhvilloi-degjesen-publike-me-banoret-e-sukthit-dhe-katundit-te-ri-per-buxhetin-2025-dhe-pba-2026-2028","status":"publish","type":"post","link":"https:\/\/durres.gov.al\/en\/2025\/09\/30\/bashkia-e-durresit-zhvilloi-degjesen-publike-me-banoret-e-sukthit-dhe-katundit-te-ri-per-buxhetin-2025-dhe-pba-2026-2028\/","title":{"rendered":"Bashkia e Durr\u00ebsit zhvilloi d\u00ebgjes\u00ebn publike me banor\u00ebt e Sukthit dhe Katundit t\u00eb Ri p\u00ebr Buxhetin 2025 dhe PBA 2026-2028"},"content":{"rendered":"<p>N\u00eb vazhdim\u00ebsi t\u00eb zbatimit t\u00eb Kalendarit t\u00eb D\u00ebgjesave Publike, n\u00eb kuad\u00ebr t\u00eb p\u00ebrgatitjes dhe hartimit t\u00eb programit buxhetor afat mes\u00ebm 2026-2028, bashkia e Durr\u00ebsit dhe K\u00ebshilli Bashkiak zhvilluan D\u00ebgjes\u00ebn Publike n\u00eb Nj\u00ebsit\u00eb Administrative Sukth dhe Katund i Ri, p\u00ebr kat\u00ebr programet m\u00eb kryesore t\u00eb buxhetit t\u00eb Bashkis\u00eb Durr\u00ebs.<\/p>\n<p>&#8211; Programi i Infrastruktur\u00ebs Rrugore dhe Investimet Publike p\u00ebr PBA 2026-2028<br \/>\n&#8211; Programi i Arsimit Parashkollor dhe Parauniversitar<br \/>\n&#8211; Programi i Strehimit dhe Sh\u00ebrbimit Social<br \/>\n&#8211; Paket\u00ebn Fiskale<\/p>\n<p>D\u00ebgjesa Publike u zhvillua n\u00eb NJ.A Sukth. N\u00eb k\u00ebt\u00eb takim kishte nj\u00eb pjesmarrje t\u00eb gjer\u00eb, ku t\u00eb pranish\u00ebm ishin p\u00ebrfaq\u00ebsues t\u00eb komunitetit t\u00eb Nj\u00ebsive Administrative Sukth dhe Katund i Ri, p\u00ebrfaq\u00ebsues t\u00eb grupeve t\u00eb interesit, p\u00ebrfaq\u00ebsues t\u00eb K\u00ebshillit Bashkiak, Institucioneve Arsimore, OSHE, Emergjenca Civile, Uj\u00ebsjell\u00ebs-Kanalizime, OJF q\u00eb operojne n\u00eb k\u00ebto nj\u00ebsi.<\/p>\n<p>N\u00ebnryetar\u00ebt e Bashkis\u00eb s\u00eb Durr\u00ebsit, Elio Jani dhe Egert Hoxha, kan\u00eb zhvilluar D\u00ebgjesat Publike me banor\u00ebt e Nj\u00ebsive Administrative Sukth dhe Katund i Ri, p\u00ebr programet m\u00eb kryesore t\u00eb buxhetit t\u00eb Bashkis\u00eb Durr\u00ebs.<\/p>\n<p>Takimin e hapi n\u00ebnkryetari i Bashkis\u00eb, Elio Jani i cili n\u00eb fjal\u00ebn e tij ai tha:<br \/>\nSot jemi n\u00eb dit\u00ebn e dyt\u00eb t\u00eb zhvillimit t\u00eb d\u00ebgjesave publike p\u00ebr buxhetin e vitit 2025 dhe PBA 2026-2028. N\u00eb k\u00ebto dy Nj\u00ebsi Administrative, ne kemi p\u00ebrfunduar me sukses disa investime por kemi t\u00eb tjera n\u00eb pro\u00e7es, t\u00eb cilat do t\u00eb p\u00ebrm\u00ebnden n\u00eb k\u00ebt\u00eb prezantim. N\u00eb fund t\u00eb prezantimit t\u00eb kat\u00ebr programeve, do t\u00eb bashk\u00ebbisedojm\u00eb p\u00ebr t\u00eb d\u00ebgjuar k\u00ebrkesat dhe sugjerimet tuaja.<\/p>\n<p>M\u00eb tej d\u00ebgjesa vazhdoi me prezantimin e tre programeve buxhetore p\u00ebr PBA 2025-2027, t\u00eb cil\u00ebt u prezantuan nga p\u00ebrfaq\u00ebsuesit e \u00e7do Drejtorie t\u00eb Bashkis\u00eb Durr\u00ebs.<br \/>\nU prezantuan investimet n\u00eb infrastruktur\u00eb publike dhe rrugore me Buxhetin e vitit 2025 dhe PBA 2026-2028<\/p>\n<p>\u2022 Nd\u00ebrtimin e Shkoll\u00ebs 9 vjecare \u201cVadardh\u00eb\u201d,<br \/>\n\u2022 Nd\u00ebrtimin e Qendr\u00ebs Sh\u00ebndet\u00ebsore Vadardhe,<br \/>\n\u2022 Rikonstruksionin e Nj\u00ebsis\u00eb Administrative Sukth dhe Katund i Ri,<br \/>\n\u2022 Nd\u00ebrtimi i Qendr\u00ebs s\u00eb Strehimit dhe Trajtimit t\u00eb kafsh\u00ebve<br \/>\n\u2022 Nd\u00ebrtimin e Kompleksit Sportiv n\u00eb Katundin e Ri,<br \/>\n\u2022 P\u00ebrmir\u00ebsimin e infrastruktur\u00ebs s\u00eb varrezave,<br \/>\n\u2022 Pastrimin e kanaleve kulluese<br \/>\n\u2022 Rikonstruksion i rruges \u201cYlli i kuq dhe Fierza\u201d<br \/>\n\u2022 Rikonstruksion i rruges \u201cPaqja\u201d<br \/>\n\u2022 Rikonstrksion \u201cUra Jub\u00eb\u201d<br \/>\n\u2022 Nd\u00ebrtimin e rrug\u00ebve t\u00eb fshatit Kull\u00eb, Hamallaj Hidrovor, Rrug\u00ebn Gjergj Meta Rrushkull dhe rrug\u00ebt n\u00eb lagjet 1-6 Vardardh\u00eb nd\u00ebrsa n\u00eb Nj\u00ebsin\u00eb e Katundit t\u00eb ri Rrug\u00ebn Vau Rrjas\u00ebs, Lisak\u00ebve, L\u00ebvizja e lir\u00eb-Domaj dhe rruga Vain.<\/p>\n<p>Pas prezantimit t\u00eb k\u00ebtyre programeve, fjal\u00ebn e mor\u00ebn banor\u00ebt dhe t\u00eb pranishmit n\u00eb sall\u00eb, t\u00eb cil\u00ebt diskutuan rreth k\u00ebtyre prioriteteve, duke dh\u00ebn\u00eb mendimet dhe duke parashtruar k\u00ebrkesat dhe sugjerimet e tyre.<\/p>","protected":false},"excerpt":{"rendered":"<p>N\u00eb vazhdim\u00ebsi t\u00eb zbatimit t\u00eb Kalendarit t\u00eb D\u00ebgjesave Publike, n\u00eb kuad\u00ebr t\u00eb p\u00ebrgatitjes dhe hartimit t\u00eb programit buxhetor afat mes\u00ebm 2026-2028, bashkia e Durr\u00ebsit dhe K\u00ebshilli Bashkiak zhvilluan D\u00ebgjes\u00ebn Publike n\u00eb Nj\u00ebsit\u00eb Administrative Sukth dhe Katund i Ri, p\u00ebr kat\u00ebr programet m\u00eb kryesore t\u00eb buxhetit t\u00eb Bashkis\u00eb Durr\u00ebs. &#8211; Programi i Infrastruktur\u00ebs Rrugore dhe Investimet [&hellip;]<\/p>\n","protected":false},"author":4,"featured_media":24280,"comment_status":"closed","ping_status":"closed","sticky":false,"template":"","format":"standard","meta":{"_acf_changed":false,"footnotes":""},"categories":[37,123,1],"tags":[],"class_list":["post-24279","post","type-post","status-publish","format-standard","has-post-thumbnail","hentry","category-njoftime","category-njoftime-kryesore","category-uncategorized"],"acf":[],"yoast_head":"<!-- This site is optimized with the Yoast SEO plugin v27.4 - https:\/\/yoast.com\/product\/yoast-seo-wordpress\/ -->\n<title>Bashkia e Durr\u00ebsit zhvilloi d\u00ebgjes\u00ebn publike me banor\u00ebt e Sukthit dhe Katundit t\u00eb Ri p\u00ebr Buxhetin 2025 dhe PBA 2026-2028 - Bashkia Durr\u00ebs<\/title>\n<meta name=\"robots\" content=\"index, follow, max-snippet:-1, max-image-preview:large, max-video-preview:-1\" \/>\n<link rel=\"canonical\" href=\"https:\/\/durres.gov.al\/en\/2025\/09\/30\/bashkia-e-durresit-zhvilloi-degjesen-publike-me-banoret-e-sukthit-dhe-katundit-te-ri-per-buxhetin-2025-dhe-pba-2026-2028\/\" \/>\n<meta property=\"og:locale\" content=\"en_US\" \/>\n<meta property=\"og:type\" content=\"article\" \/>\n<meta property=\"og:title\" content=\"Bashkia e Durr\u00ebsit zhvilloi d\u00ebgjes\u00ebn publike me banor\u00ebt e Sukthit dhe Katundit t\u00eb Ri p\u00ebr Buxhetin 2025 dhe PBA 2026-2028 - Bashkia Durr\u00ebs\" \/>\n<meta property=\"og:description\" content=\"N\u00eb vazhdim\u00ebsi t\u00eb zbatimit t\u00eb Kalendarit t\u00eb D\u00ebgjesave Publike, n\u00eb kuad\u00ebr t\u00eb p\u00ebrgatitjes dhe hartimit t\u00eb programit buxhetor afat mes\u00ebm 2026-2028, bashkia e Durr\u00ebsit dhe K\u00ebshilli Bashkiak zhvilluan D\u00ebgjes\u00ebn Publike n\u00eb Nj\u00ebsit\u00eb Administrative Sukth dhe Katund i Ri, p\u00ebr kat\u00ebr programet m\u00eb kryesore t\u00eb buxhetit t\u00eb Bashkis\u00eb Durr\u00ebs. &#8211; Programi i Infrastruktur\u00ebs Rrugore dhe Investimet [&hellip;]\" \/>\n<meta property=\"og:url\" content=\"https:\/\/durres.gov.al\/en\/2025\/09\/30\/bashkia-e-durresit-zhvilloi-degjesen-publike-me-banoret-e-sukthit-dhe-katundit-te-ri-per-buxhetin-2025-dhe-pba-2026-2028\/\" \/>\n<meta property=\"og:site_name\" content=\"Bashkia Durr\u00ebs\" \/>\n<meta property=\"article:published_time\" content=\"2025-09-30T13:50:00+00:00\" \/>\n<meta property=\"article:modified_time\" content=\"2026-04-02T12:24:34+00:00\" \/>\n<meta property=\"og:image\" content=\"https:\/\/durres.gov.al\/wp-content\/uploads\/2025\/09\/WhatsApp-Image-2025-09-30-at-3.46.03-PM-scaled.jpeg\" \/>\n\t<meta property=\"og:image:width\" content=\"2560\" \/>\n\t<meta property=\"og:image:height\" content=\"1920\" \/>\n\t<meta property=\"og:image:type\" content=\"image\/jpeg\" \/>\n<meta name=\"author\" content=\"admin\" \/>\n<meta name=\"twitter:card\" content=\"summary_large_image\" \/>\n<meta name=\"twitter:label1\" content=\"Written by\" \/>\n\t<meta name=\"twitter:data1\" content=\"admin\" \/>\n\t<meta name=\"twitter:label2\" content=\"Est. reading time\" \/>\n\t<meta name=\"twitter:data2\" content=\"3 minutes\" \/>\n<script type=\"application\/ld+json\" class=\"yoast-schema-graph\">{\"@context\":\"https:\\\/\\\/schema.org\",\"@graph\":[{\"@type\":\"Article\",\"@id\":\"https:\\\/\\\/durres.gov.al\\\/2025\\\/09\\\/30\\\/bashkia-e-durresit-zhvilloi-degjesen-publike-me-banoret-e-sukthit-dhe-katundit-te-ri-per-buxhetin-2025-dhe-pba-2026-2028\\\/#article\",\"isPartOf\":{\"@id\":\"https:\\\/\\\/durres.gov.al\\\/2025\\\/09\\\/30\\\/bashkia-e-durresit-zhvilloi-degjesen-publike-me-banoret-e-sukthit-dhe-katundit-te-ri-per-buxhetin-2025-dhe-pba-2026-2028\\\/\"},\"author\":{\"name\":\"admin\",\"@id\":\"https:\\\/\\\/durres.gov.al\\\/en\\\/#\\\/schema\\\/person\\\/b635fa3d3fcab493eb6efe564996a856\"},\"headline\":\"Bashkia e Durr\u00ebsit zhvilloi d\u00ebgjes\u00ebn publike me banor\u00ebt e Sukthit dhe Katundit t\u00eb Ri p\u00ebr Buxhetin 2025 dhe PBA 2026-2028\",\"datePublished\":\"2025-09-30T13:50:00+00:00\",\"dateModified\":\"2026-04-02T12:24:34+00:00\",\"mainEntityOfPage\":{\"@id\":\"https:\\\/\\\/durres.gov.al\\\/2025\\\/09\\\/30\\\/bashkia-e-durresit-zhvilloi-degjesen-publike-me-banoret-e-sukthit-dhe-katundit-te-ri-per-buxhetin-2025-dhe-pba-2026-2028\\\/\"},\"wordCount\":524,\"publisher\":{\"@id\":\"https:\\\/\\\/durres.gov.al\\\/en\\\/#organization\"},\"image\":{\"@id\":\"https:\\\/\\\/durres.gov.al\\\/2025\\\/09\\\/30\\\/bashkia-e-durresit-zhvilloi-degjesen-publike-me-banoret-e-sukthit-dhe-katundit-te-ri-per-buxhetin-2025-dhe-pba-2026-2028\\\/#primaryimage\"},\"thumbnailUrl\":\"https:\\\/\\\/durres.gov.al\\\/wp-content\\\/uploads\\\/2025\\\/09\\\/WhatsApp-Image-2025-09-30-at-3.46.03-PM-scaled.jpeg\",\"articleSection\":[\"Njoftime\",\"Njoftime kryesore\"],\"inLanguage\":\"en-US\"},{\"@type\":\"WebPage\",\"@id\":\"https:\\\/\\\/durres.gov.al\\\/2025\\\/09\\\/30\\\/bashkia-e-durresit-zhvilloi-degjesen-publike-me-banoret-e-sukthit-dhe-katundit-te-ri-per-buxhetin-2025-dhe-pba-2026-2028\\\/\",\"url\":\"https:\\\/\\\/durres.gov.al\\\/2025\\\/09\\\/30\\\/bashkia-e-durresit-zhvilloi-degjesen-publike-me-banoret-e-sukthit-dhe-katundit-te-ri-per-buxhetin-2025-dhe-pba-2026-2028\\\/\",\"name\":\"Bashkia e Durr\u00ebsit zhvilloi d\u00ebgjes\u00ebn publike me banor\u00ebt e Sukthit dhe Katundit t\u00eb Ri p\u00ebr Buxhetin 2025 dhe PBA 2026-2028 - Bashkia Durr\u00ebs\",\"isPartOf\":{\"@id\":\"https:\\\/\\\/durres.gov.al\\\/en\\\/#website\"},\"primaryImageOfPage\":{\"@id\":\"https:\\\/\\\/durres.gov.al\\\/2025\\\/09\\\/30\\\/bashkia-e-durresit-zhvilloi-degjesen-publike-me-banoret-e-sukthit-dhe-katundit-te-ri-per-buxhetin-2025-dhe-pba-2026-2028\\\/#primaryimage\"},\"image\":{\"@id\":\"https:\\\/\\\/durres.gov.al\\\/2025\\\/09\\\/30\\\/bashkia-e-durresit-zhvilloi-degjesen-publike-me-banoret-e-sukthit-dhe-katundit-te-ri-per-buxhetin-2025-dhe-pba-2026-2028\\\/#primaryimage\"},\"thumbnailUrl\":\"https:\\\/\\\/durres.gov.al\\\/wp-content\\\/uploads\\\/2025\\\/09\\\/WhatsApp-Image-2025-09-30-at-3.46.03-PM-scaled.jpeg\",\"datePublished\":\"2025-09-30T13:50:00+00:00\",\"dateModified\":\"2026-04-02T12:24:34+00:00\",\"breadcrumb\":{\"@id\":\"https:\\\/\\\/durres.gov.al\\\/2025\\\/09\\\/30\\\/bashkia-e-durresit-zhvilloi-degjesen-publike-me-banoret-e-sukthit-dhe-katundit-te-ri-per-buxhetin-2025-dhe-pba-2026-2028\\\/#breadcrumb\"},\"inLanguage\":\"en-US\",\"potentialAction\":[{\"@type\":\"ReadAction\",\"target\":[\"https:\\\/\\\/durres.gov.al\\\/2025\\\/09\\\/30\\\/bashkia-e-durresit-zhvilloi-degjesen-publike-me-banoret-e-sukthit-dhe-katundit-te-ri-per-buxhetin-2025-dhe-pba-2026-2028\\\/\"]}]},{\"@type\":\"ImageObject\",\"inLanguage\":\"en-US\",\"@id\":\"https:\\\/\\\/durres.gov.al\\\/2025\\\/09\\\/30\\\/bashkia-e-durresit-zhvilloi-degjesen-publike-me-banoret-e-sukthit-dhe-katundit-te-ri-per-buxhetin-2025-dhe-pba-2026-2028\\\/#primaryimage\",\"url\":\"https:\\\/\\\/durres.gov.al\\\/wp-content\\\/uploads\\\/2025\\\/09\\\/WhatsApp-Image-2025-09-30-at-3.46.03-PM-scaled.jpeg\",\"contentUrl\":\"https:\\\/\\\/durres.gov.al\\\/wp-content\\\/uploads\\\/2025\\\/09\\\/WhatsApp-Image-2025-09-30-at-3.46.03-PM-scaled.jpeg\",\"width\":2560,\"height\":1920},{\"@type\":\"BreadcrumbList\",\"@id\":\"https:\\\/\\\/durres.gov.al\\\/2025\\\/09\\\/30\\\/bashkia-e-durresit-zhvilloi-degjesen-publike-me-banoret-e-sukthit-dhe-katundit-te-ri-per-buxhetin-2025-dhe-pba-2026-2028\\\/#breadcrumb\",\"itemListElement\":[{\"@type\":\"ListItem\",\"position\":1,\"name\":\"Home\",\"item\":\"https:\\\/\\\/durres.gov.al\\\/\"},{\"@type\":\"ListItem\",\"position\":2,\"name\":\"Bashkia e Durr\u00ebsit zhvilloi d\u00ebgjes\u00ebn publike me banor\u00ebt e Sukthit dhe Katundit t\u00eb Ri p\u00ebr Buxhetin 2025 dhe PBA 2026-2028\"}]},{\"@type\":\"WebSite\",\"@id\":\"https:\\\/\\\/durres.gov.al\\\/en\\\/#website\",\"url\":\"https:\\\/\\\/durres.gov.al\\\/en\\\/\",\"name\":\"Bashkia Durr\u00ebs\",\"description\":\"Faqja Zyrtare n\u00eb Internet\",\"publisher\":{\"@id\":\"https:\\\/\\\/durres.gov.al\\\/en\\\/#organization\"},\"potentialAction\":[{\"@type\":\"SearchAction\",\"target\":{\"@type\":\"EntryPoint\",\"urlTemplate\":\"https:\\\/\\\/durres.gov.al\\\/en\\\/?s={search_term_string}\"},\"query-input\":{\"@type\":\"PropertyValueSpecification\",\"valueRequired\":true,\"valueName\":\"search_term_string\"}}],\"inLanguage\":\"en-US\"},{\"@type\":\"Organization\",\"@id\":\"https:\\\/\\\/durres.gov.al\\\/en\\\/#organization\",\"name\":\"Bashkia Durr\u00ebs\",\"url\":\"https:\\\/\\\/durres.gov.al\\\/en\\\/\",\"logo\":{\"@type\":\"ImageObject\",\"inLanguage\":\"en-US\",\"@id\":\"https:\\\/\\\/durres.gov.al\\\/en\\\/#\\\/schema\\\/logo\\\/image\\\/\",\"url\":\"https:\\\/\\\/durres.gov.al\\\/wp-content\\\/uploads\\\/2023\\\/01\\\/cropped-logo.png\",\"contentUrl\":\"https:\\\/\\\/durres.gov.al\\\/wp-content\\\/uploads\\\/2023\\\/01\\\/cropped-logo.png\",\"width\":512,\"height\":512,\"caption\":\"Bashkia Durr\u00ebs\"},\"image\":{\"@id\":\"https:\\\/\\\/durres.gov.al\\\/en\\\/#\\\/schema\\\/logo\\\/image\\\/\"}},{\"@type\":\"Person\",\"@id\":\"https:\\\/\\\/durres.gov.al\\\/en\\\/#\\\/schema\\\/person\\\/b635fa3d3fcab493eb6efe564996a856\",\"name\":\"admin\",\"sameAs\":[\"https:\\\/\\\/durres.gov.al\"],\"url\":\"https:\\\/\\\/durres.gov.al\\\/en\\\/author\\\/admin\\\/\"}]}<\/script>\n<!-- \/ Yoast SEO plugin. -->","yoast_head_json":{"title":"Bashkia e Durr\u00ebsit zhvilloi d\u00ebgjes\u00ebn publike me banor\u00ebt e Sukthit dhe Katundit t\u00eb Ri p\u00ebr Buxhetin 2025 dhe PBA 2026-2028 - Bashkia Durr\u00ebs","robots":{"index":"index","follow":"follow","max-snippet":"max-snippet:-1","max-image-preview":"max-image-preview:large","max-video-preview":"max-video-preview:-1"},"canonical":"https:\/\/durres.gov.al\/en\/2025\/09\/30\/bashkia-e-durresit-zhvilloi-degjesen-publike-me-banoret-e-sukthit-dhe-katundit-te-ri-per-buxhetin-2025-dhe-pba-2026-2028\/","og_locale":"en_US","og_type":"article","og_title":"Bashkia e Durr\u00ebsit zhvilloi d\u00ebgjes\u00ebn publike me banor\u00ebt e Sukthit dhe Katundit t\u00eb Ri p\u00ebr Buxhetin 2025 dhe PBA 2026-2028 - Bashkia Durr\u00ebs","og_description":"N\u00eb vazhdim\u00ebsi t\u00eb zbatimit t\u00eb Kalendarit t\u00eb D\u00ebgjesave Publike, n\u00eb kuad\u00ebr t\u00eb p\u00ebrgatitjes dhe hartimit t\u00eb programit buxhetor afat mes\u00ebm 2026-2028, bashkia e Durr\u00ebsit dhe K\u00ebshilli Bashkiak zhvilluan D\u00ebgjes\u00ebn Publike n\u00eb Nj\u00ebsit\u00eb Administrative Sukth dhe Katund i Ri, p\u00ebr kat\u00ebr programet m\u00eb kryesore t\u00eb buxhetit t\u00eb Bashkis\u00eb Durr\u00ebs. &#8211; Programi i Infrastruktur\u00ebs Rrugore dhe Investimet [&hellip;]","og_url":"https:\/\/durres.gov.al\/en\/2025\/09\/30\/bashkia-e-durresit-zhvilloi-degjesen-publike-me-banoret-e-sukthit-dhe-katundit-te-ri-per-buxhetin-2025-dhe-pba-2026-2028\/","og_site_name":"Bashkia Durr\u00ebs","article_published_time":"2025-09-30T13:50:00+00:00","article_modified_time":"2026-04-02T12:24:34+00:00","og_image":[{"width":2560,"height":1920,"url":"https:\/\/durres.gov.al\/wp-content\/uploads\/2025\/09\/WhatsApp-Image-2025-09-30-at-3.46.03-PM-scaled.jpeg","type":"image\/jpeg"}],"author":"admin","twitter_card":"summary_large_image","twitter_misc":{"Written by":"admin","Est. reading time":"3 minutes"},"schema":{"@context":"https:\/\/schema.org","@graph":[{"@type":"Article","@id":"https:\/\/durres.gov.al\/2025\/09\/30\/bashkia-e-durresit-zhvilloi-degjesen-publike-me-banoret-e-sukthit-dhe-katundit-te-ri-per-buxhetin-2025-dhe-pba-2026-2028\/#article","isPartOf":{"@id":"https:\/\/durres.gov.al\/2025\/09\/30\/bashkia-e-durresit-zhvilloi-degjesen-publike-me-banoret-e-sukthit-dhe-katundit-te-ri-per-buxhetin-2025-dhe-pba-2026-2028\/"},"author":{"name":"admin","@id":"https:\/\/durres.gov.al\/en\/#\/schema\/person\/b635fa3d3fcab493eb6efe564996a856"},"headline":"Bashkia e Durr\u00ebsit zhvilloi d\u00ebgjes\u00ebn publike me banor\u00ebt e Sukthit dhe Katundit t\u00eb Ri p\u00ebr Buxhetin 2025 dhe PBA 2026-2028","datePublished":"2025-09-30T13:50:00+00:00","dateModified":"2026-04-02T12:24:34+00:00","mainEntityOfPage":{"@id":"https:\/\/durres.gov.al\/2025\/09\/30\/bashkia-e-durresit-zhvilloi-degjesen-publike-me-banoret-e-sukthit-dhe-katundit-te-ri-per-buxhetin-2025-dhe-pba-2026-2028\/"},"wordCount":524,"publisher":{"@id":"https:\/\/durres.gov.al\/en\/#organization"},"image":{"@id":"https:\/\/durres.gov.al\/2025\/09\/30\/bashkia-e-durresit-zhvilloi-degjesen-publike-me-banoret-e-sukthit-dhe-katundit-te-ri-per-buxhetin-2025-dhe-pba-2026-2028\/#primaryimage"},"thumbnailUrl":"https:\/\/durres.gov.al\/wp-content\/uploads\/2025\/09\/WhatsApp-Image-2025-09-30-at-3.46.03-PM-scaled.jpeg","articleSection":["Njoftime","Njoftime kryesore"],"inLanguage":"en-US"},{"@type":"WebPage","@id":"https:\/\/durres.gov.al\/2025\/09\/30\/bashkia-e-durresit-zhvilloi-degjesen-publike-me-banoret-e-sukthit-dhe-katundit-te-ri-per-buxhetin-2025-dhe-pba-2026-2028\/","url":"https:\/\/durres.gov.al\/2025\/09\/30\/bashkia-e-durresit-zhvilloi-degjesen-publike-me-banoret-e-sukthit-dhe-katundit-te-ri-per-buxhetin-2025-dhe-pba-2026-2028\/","name":"Bashkia e Durr\u00ebsit zhvilloi d\u00ebgjes\u00ebn publike me banor\u00ebt e Sukthit dhe Katundit t\u00eb Ri p\u00ebr Buxhetin 2025 dhe PBA 2026-2028 - Bashkia Durr\u00ebs","isPartOf":{"@id":"https:\/\/durres.gov.al\/en\/#website"},"primaryImageOfPage":{"@id":"https:\/\/durres.gov.al\/2025\/09\/30\/bashkia-e-durresit-zhvilloi-degjesen-publike-me-banoret-e-sukthit-dhe-katundit-te-ri-per-buxhetin-2025-dhe-pba-2026-2028\/#primaryimage"},"image":{"@id":"https:\/\/durres.gov.al\/2025\/09\/30\/bashkia-e-durresit-zhvilloi-degjesen-publike-me-banoret-e-sukthit-dhe-katundit-te-ri-per-buxhetin-2025-dhe-pba-2026-2028\/#primaryimage"},"thumbnailUrl":"https:\/\/durres.gov.al\/wp-content\/uploads\/2025\/09\/WhatsApp-Image-2025-09-30-at-3.46.03-PM-scaled.jpeg","datePublished":"2025-09-30T13:50:00+00:00","dateModified":"2026-04-02T12:24:34+00:00","breadcrumb":{"@id":"https:\/\/durres.gov.al\/2025\/09\/30\/bashkia-e-durresit-zhvilloi-degjesen-publike-me-banoret-e-sukthit-dhe-katundit-te-ri-per-buxhetin-2025-dhe-pba-2026-2028\/#breadcrumb"},"inLanguage":"en-US","potentialAction":[{"@type":"ReadAction","target":["https:\/\/durres.gov.al\/2025\/09\/30\/bashkia-e-durresit-zhvilloi-degjesen-publike-me-banoret-e-sukthit-dhe-katundit-te-ri-per-buxhetin-2025-dhe-pba-2026-2028\/"]}]},{"@type":"ImageObject","inLanguage":"en-US","@id":"https:\/\/durres.gov.al\/2025\/09\/30\/bashkia-e-durresit-zhvilloi-degjesen-publike-me-banoret-e-sukthit-dhe-katundit-te-ri-per-buxhetin-2025-dhe-pba-2026-2028\/#primaryimage","url":"https:\/\/durres.gov.al\/wp-content\/uploads\/2025\/09\/WhatsApp-Image-2025-09-30-at-3.46.03-PM-scaled.jpeg","contentUrl":"https:\/\/durres.gov.al\/wp-content\/uploads\/2025\/09\/WhatsApp-Image-2025-09-30-at-3.46.03-PM-scaled.jpeg","width":2560,"height":1920},{"@type":"BreadcrumbList","@id":"https:\/\/durres.gov.al\/2025\/09\/30\/bashkia-e-durresit-zhvilloi-degjesen-publike-me-banoret-e-sukthit-dhe-katundit-te-ri-per-buxhetin-2025-dhe-pba-2026-2028\/#breadcrumb","itemListElement":[{"@type":"ListItem","position":1,"name":"Home","item":"https:\/\/durres.gov.al\/"},{"@type":"ListItem","position":2,"name":"Bashkia e Durr\u00ebsit zhvilloi d\u00ebgjes\u00ebn publike me banor\u00ebt e Sukthit dhe Katundit t\u00eb Ri p\u00ebr Buxhetin 2025 dhe PBA 2026-2028"}]},{"@type":"WebSite","@id":"https:\/\/durres.gov.al\/en\/#website","url":"https:\/\/durres.gov.al\/en\/","name":"Municipality of Durr\u00ebs","description":"Faqja Zyrtare n\u00eb Internet","publisher":{"@id":"https:\/\/durres.gov.al\/en\/#organization"},"potentialAction":[{"@type":"SearchAction","target":{"@type":"EntryPoint","urlTemplate":"https:\/\/durres.gov.al\/en\/?s={search_term_string}"},"query-input":{"@type":"PropertyValueSpecification","valueRequired":true,"valueName":"search_term_string"}}],"inLanguage":"en-US"},{"@type":"Organization","@id":"https:\/\/durres.gov.al\/en\/#organization","name":"Municipality of Durr\u00ebs","url":"https:\/\/durres.gov.al\/en\/","logo":{"@type":"ImageObject","inLanguage":"en-US","@id":"https:\/\/durres.gov.al\/en\/#\/schema\/logo\/image\/","url":"https:\/\/durres.gov.al\/wp-content\/uploads\/2023\/01\/cropped-logo.png","contentUrl":"https:\/\/durres.gov.al\/wp-content\/uploads\/2023\/01\/cropped-logo.png","width":512,"height":512,"caption":"Bashkia Durr\u00ebs"},"image":{"@id":"https:\/\/durres.gov.al\/en\/#\/schema\/logo\/image\/"}},{"@type":"Person","@id":"https:\/\/durres.gov.al\/en\/#\/schema\/person\/b635fa3d3fcab493eb6efe564996a856","name":"admin","sameAs":["https:\/\/durres.gov.al"],"url":"https:\/\/durres.gov.al\/en\/author\/admin\/"}]}},"_links":{"self":[{"href":"https:\/\/durres.gov.al\/en\/wp-json\/wp\/v2\/posts\/24279","targetHints":{"allow":["GET"]}}],"collection":[{"href":"https:\/\/durres.gov.al\/en\/wp-json\/wp\/v2\/posts"}],"about":[{"href":"https:\/\/durres.gov.al\/en\/wp-json\/wp\/v2\/types\/post"}],"author":[{"embeddable":true,"href":"https:\/\/durres.gov.al\/en\/wp-json\/wp\/v2\/users\/4"}],"replies":[{"embeddable":true,"href":"https:\/\/durres.gov.al\/en\/wp-json\/wp\/v2\/comments?post=24279"}],"version-history":[{"count":1,"href":"https:\/\/durres.gov.al\/en\/wp-json\/wp\/v2\/posts\/24279\/revisions"}],"predecessor-version":[{"id":24281,"href":"https:\/\/durres.gov.al\/en\/wp-json\/wp\/v2\/posts\/24279\/revisions\/24281"}],"wp:featuredmedia":[{"embeddable":true,"href":"https:\/\/durres.gov.al\/en\/wp-json\/wp\/v2\/media\/24280"}],"wp:attachment":[{"href":"https:\/\/durres.gov.al\/en\/wp-json\/wp\/v2\/media?parent=24279"}],"wp:term":[{"taxonomy":"category","embeddable":true,"href":"https:\/\/durres.gov.al\/en\/wp-json\/wp\/v2\/categories?post=24279"},{"taxonomy":"post_tag","embeddable":true,"href":"https:\/\/durres.gov.al\/en\/wp-json\/wp\/v2\/tags?post=24279"}],"curies":[{"name":"wp","href":"https:\/\/api.w.org\/{rel}","templated":true}]}}