{"id":29756,"date":"2026-04-24T13:47:07","date_gmt":"2026-04-24T11:47:07","guid":{"rendered":"https:\/\/durres.gov.al\/?p=29756"},"modified":"2026-04-25T13:47:29","modified_gmt":"2026-04-25T11:47:29","slug":"prezantohet-ne-bashkine-e-durresit-draft-plani-vendor-i-menaxhimit-te-integruar-te-mbetjeve-2026-2031","status":"publish","type":"post","link":"https:\/\/durres.gov.al\/en\/2026\/04\/24\/prezantohet-ne-bashkine-e-durresit-draft-plani-vendor-i-menaxhimit-te-integruar-te-mbetjeve-2026-2031\/","title":{"rendered":"Prezantohet n\u00eb bashkin\u00eb e Durr\u00ebsit draft-Plani Vendor i Menaxhimit t\u00eb Integruar t\u00eb Mbetjeve 2026-2031"},"content":{"rendered":"<p>U prezantua n\u00eb bashkin\u00eb e Durr\u00ebsit draft-Plani Vendor i Menaxhimit t\u00eb Integruar t\u00eb Mbetjeve 2026-2031, i hartuar n\u00eb bashk\u00ebpunim me Institutin e K\u00ebrkimeve Urbane me mb\u00ebshtetjen financiare t\u00eb programit Italo-Shqiptar t\u00eb Konvertimit t\u00eb Borxhit, IADSA II. N\u00eb k\u00ebt\u00eb takim ishin t\u00eb pranish\u00ebm n\u00ebnkryetari i bashkis\u00eb Durr\u00ebs, Gentian Kallmi, p\u00ebrfaq\u00ebsues t\u00eb k\u00ebsaj bashkie, p\u00ebrfaq\u00ebsues t\u00eb K\u00ebshillit t\u00eb Qarkut Durr\u00ebs, Prefektur\u00ebs s\u00eb Qarkut Durr\u00ebs, Ministris\u00eb s\u00eb Mjedisit, Agjencis\u00eb Komb\u00ebtare t\u00eb Ekonomis\u00eb s\u00eb Mbetjeve, kompanive private t\u00eb riciklimit, student\u00eb t\u00eb Univesitetit \u201cAleksand\u00ebr Moisiu\u201d Durr\u00ebs etj.<br>N\u00eb k\u00ebt\u00eb draft-Plan jan\u00eb parashikuar masat konkrete p\u00ebr p\u00ebrmir\u00ebsimin e sistemit t\u00eb menaxhimit t\u00eb mbetjeve n\u00eb territorin e bashkis\u00eb gjat\u00eb periudh\u00ebs 2026\u20132031. Gjithashtu, ky Plan paraqet dhe nj\u00eb p\u00ebrmbledhje t\u00eb analiz\u00ebs t\u00eb situat\u00ebs aktuale t\u00eb mbetjeve n\u00eb Bashkin\u00eb Durr\u00ebs si edhe objektivat strategjike p\u00ebr t\u00eb ardhmen, p\u00ebrfshir\u00eb edhe nd\u00ebrtimin e stacionit t\u00eb transferimit.<br>Draft-Plani bazohet n\u00eb parimet e reduktimit t\u00eb mbetjeve, rikuperimit t\u00eb burimeve, mbrojtjes s\u00eb mjedisit dhe p\u00ebrfshirjes aktive t\u00eb komunitetit, duke kontribuar drejt nj\u00eb modeli t\u00eb orientuar drejt ekonomis\u00eb qarkulluese. Draft-Plani \u00ebsht\u00eb n\u00eb linj\u00eb me Dokumentin e Politikave Strategjike t\u00eb Menaxhimit t\u00eb Integruar t\u00eb Mbetjeve 2022-2035, Planin Sektorial Komb\u00ebtar p\u00ebr Menaxhimin e Mbetjeve t\u00eb Ngurta dhe politikat komb\u00ebtare p\u00ebr mjedisin.<\/p>","protected":false},"excerpt":{"rendered":"<p>U prezantua n\u00eb bashkin\u00eb e Durr\u00ebsit draft-Plani Vendor i Menaxhimit t\u00eb Integruar t\u00eb Mbetjeve 2026-2031, i hartuar n\u00eb bashk\u00ebpunim me Institutin e K\u00ebrkimeve Urbane me mb\u00ebshtetjen financiare t\u00eb programit Italo-Shqiptar t\u00eb Konvertimit t\u00eb Borxhit, IADSA II. N\u00eb k\u00ebt\u00eb takim ishin t\u00eb pranish\u00ebm n\u00ebnkryetari i bashkis\u00eb Durr\u00ebs, Gentian Kallmi, p\u00ebrfaq\u00ebsues t\u00eb k\u00ebsaj bashkie, p\u00ebrfaq\u00ebsues t\u00eb K\u00ebshillit [&hellip;]<\/p>\n","protected":false},"author":4,"featured_media":29758,"comment_status":"closed","ping_status":"closed","sticky":false,"template":"","format":"standard","meta":{"_acf_changed":false,"footnotes":""},"categories":[37,123],"tags":[],"class_list":["post-29756","post","type-post","status-publish","format-standard","has-post-thumbnail","hentry","category-njoftime","category-njoftime-kryesore"],"acf":[],"yoast_head":"<!-- This site is optimized with the Yoast SEO plugin v27.4 - https:\/\/yoast.com\/product\/yoast-seo-wordpress\/ -->\n<title>Prezantohet n\u00eb bashkin\u00eb e Durr\u00ebsit draft-Plani Vendor i Menaxhimit t\u00eb Integruar t\u00eb Mbetjeve 2026-2031 - Bashkia Durr\u00ebs<\/title>\n<meta name=\"robots\" content=\"index, follow, max-snippet:-1, max-image-preview:large, max-video-preview:-1\" \/>\n<link rel=\"canonical\" href=\"https:\/\/durres.gov.al\/en\/2026\/04\/24\/prezantohet-ne-bashkine-e-durresit-draft-plani-vendor-i-menaxhimit-te-integruar-te-mbetjeve-2026-2031\/\" \/>\n<meta property=\"og:locale\" content=\"en_US\" \/>\n<meta property=\"og:type\" content=\"article\" \/>\n<meta property=\"og:title\" content=\"Prezantohet n\u00eb bashkin\u00eb e Durr\u00ebsit draft-Plani Vendor i Menaxhimit t\u00eb Integruar t\u00eb Mbetjeve 2026-2031 - Bashkia Durr\u00ebs\" \/>\n<meta property=\"og:description\" content=\"U prezantua n\u00eb bashkin\u00eb e Durr\u00ebsit draft-Plani Vendor i Menaxhimit t\u00eb Integruar t\u00eb Mbetjeve 2026-2031, i hartuar n\u00eb bashk\u00ebpunim me Institutin e K\u00ebrkimeve Urbane me mb\u00ebshtetjen financiare t\u00eb programit Italo-Shqiptar t\u00eb Konvertimit t\u00eb Borxhit, IADSA II. N\u00eb k\u00ebt\u00eb takim ishin t\u00eb pranish\u00ebm n\u00ebnkryetari i bashkis\u00eb Durr\u00ebs, Gentian Kallmi, p\u00ebrfaq\u00ebsues t\u00eb k\u00ebsaj bashkie, p\u00ebrfaq\u00ebsues t\u00eb K\u00ebshillit [&hellip;]\" \/>\n<meta property=\"og:url\" content=\"https:\/\/durres.gov.al\/en\/2026\/04\/24\/prezantohet-ne-bashkine-e-durresit-draft-plani-vendor-i-menaxhimit-te-integruar-te-mbetjeve-2026-2031\/\" \/>\n<meta property=\"og:site_name\" content=\"Bashkia Durr\u00ebs\" \/>\n<meta property=\"article:published_time\" content=\"2026-04-24T11:47:07+00:00\" \/>\n<meta property=\"article:modified_time\" content=\"2026-04-25T11:47:29+00:00\" \/>\n<meta property=\"og:image\" content=\"https:\/\/durres.gov.al\/wp-content\/uploads\/2026\/04\/Prezantohet-ne-bashkine-e-Durresit-draft-Plani-Vendor-i-Menaxhimit-te-Integruar-te-Mbetjeve-2026-2031.jpeg\" \/>\n\t<meta property=\"og:image:width\" content=\"1280\" \/>\n\t<meta property=\"og:image:height\" content=\"853\" \/>\n\t<meta property=\"og:image:type\" content=\"image\/jpeg\" \/>\n<meta name=\"author\" content=\"admin\" \/>\n<meta name=\"twitter:card\" content=\"summary_large_image\" \/>\n<meta name=\"twitter:label1\" content=\"Written by\" \/>\n\t<meta name=\"twitter:data1\" content=\"admin\" \/>\n\t<meta name=\"twitter:label2\" content=\"Est. reading time\" \/>\n\t<meta name=\"twitter:data2\" content=\"2 minutes\" \/>\n<script type=\"application\/ld+json\" class=\"yoast-schema-graph\">{\"@context\":\"https:\\\/\\\/schema.org\",\"@graph\":[{\"@type\":\"Article\",\"@id\":\"https:\\\/\\\/durres.gov.al\\\/2026\\\/04\\\/24\\\/prezantohet-ne-bashkine-e-durresit-draft-plani-vendor-i-menaxhimit-te-integruar-te-mbetjeve-2026-2031\\\/#article\",\"isPartOf\":{\"@id\":\"https:\\\/\\\/durres.gov.al\\\/2026\\\/04\\\/24\\\/prezantohet-ne-bashkine-e-durresit-draft-plani-vendor-i-menaxhimit-te-integruar-te-mbetjeve-2026-2031\\\/\"},\"author\":{\"name\":\"admin\",\"@id\":\"https:\\\/\\\/durres.gov.al\\\/en\\\/#\\\/schema\\\/person\\\/b635fa3d3fcab493eb6efe564996a856\"},\"headline\":\"Prezantohet n\u00eb bashkin\u00eb e Durr\u00ebsit draft-Plani Vendor i Menaxhimit t\u00eb Integruar t\u00eb Mbetjeve 2026-2031\",\"datePublished\":\"2026-04-24T11:47:07+00:00\",\"dateModified\":\"2026-04-25T11:47:29+00:00\",\"mainEntityOfPage\":{\"@id\":\"https:\\\/\\\/durres.gov.al\\\/2026\\\/04\\\/24\\\/prezantohet-ne-bashkine-e-durresit-draft-plani-vendor-i-menaxhimit-te-integruar-te-mbetjeve-2026-2031\\\/\"},\"wordCount\":245,\"publisher\":{\"@id\":\"https:\\\/\\\/durres.gov.al\\\/en\\\/#organization\"},\"image\":{\"@id\":\"https:\\\/\\\/durres.gov.al\\\/2026\\\/04\\\/24\\\/prezantohet-ne-bashkine-e-durresit-draft-plani-vendor-i-menaxhimit-te-integruar-te-mbetjeve-2026-2031\\\/#primaryimage\"},\"thumbnailUrl\":\"https:\\\/\\\/durres.gov.al\\\/wp-content\\\/uploads\\\/2026\\\/04\\\/Prezantohet-ne-bashkine-e-Durresit-draft-Plani-Vendor-i-Menaxhimit-te-Integruar-te-Mbetjeve-2026-2031.jpeg\",\"articleSection\":[\"Njoftime\",\"Njoftime kryesore\"],\"inLanguage\":\"en-US\"},{\"@type\":\"WebPage\",\"@id\":\"https:\\\/\\\/durres.gov.al\\\/2026\\\/04\\\/24\\\/prezantohet-ne-bashkine-e-durresit-draft-plani-vendor-i-menaxhimit-te-integruar-te-mbetjeve-2026-2031\\\/\",\"url\":\"https:\\\/\\\/durres.gov.al\\\/2026\\\/04\\\/24\\\/prezantohet-ne-bashkine-e-durresit-draft-plani-vendor-i-menaxhimit-te-integruar-te-mbetjeve-2026-2031\\\/\",\"name\":\"Prezantohet n\u00eb bashkin\u00eb e Durr\u00ebsit draft-Plani Vendor i Menaxhimit t\u00eb Integruar t\u00eb Mbetjeve 2026-2031 - Bashkia Durr\u00ebs\",\"isPartOf\":{\"@id\":\"https:\\\/\\\/durres.gov.al\\\/en\\\/#website\"},\"primaryImageOfPage\":{\"@id\":\"https:\\\/\\\/durres.gov.al\\\/2026\\\/04\\\/24\\\/prezantohet-ne-bashkine-e-durresit-draft-plani-vendor-i-menaxhimit-te-integruar-te-mbetjeve-2026-2031\\\/#primaryimage\"},\"image\":{\"@id\":\"https:\\\/\\\/durres.gov.al\\\/2026\\\/04\\\/24\\\/prezantohet-ne-bashkine-e-durresit-draft-plani-vendor-i-menaxhimit-te-integruar-te-mbetjeve-2026-2031\\\/#primaryimage\"},\"thumbnailUrl\":\"https:\\\/\\\/durres.gov.al\\\/wp-content\\\/uploads\\\/2026\\\/04\\\/Prezantohet-ne-bashkine-e-Durresit-draft-Plani-Vendor-i-Menaxhimit-te-Integruar-te-Mbetjeve-2026-2031.jpeg\",\"datePublished\":\"2026-04-24T11:47:07+00:00\",\"dateModified\":\"2026-04-25T11:47:29+00:00\",\"breadcrumb\":{\"@id\":\"https:\\\/\\\/durres.gov.al\\\/2026\\\/04\\\/24\\\/prezantohet-ne-bashkine-e-durresit-draft-plani-vendor-i-menaxhimit-te-integruar-te-mbetjeve-2026-2031\\\/#breadcrumb\"},\"inLanguage\":\"en-US\",\"potentialAction\":[{\"@type\":\"ReadAction\",\"target\":[\"https:\\\/\\\/durres.gov.al\\\/2026\\\/04\\\/24\\\/prezantohet-ne-bashkine-e-durresit-draft-plani-vendor-i-menaxhimit-te-integruar-te-mbetjeve-2026-2031\\\/\"]}]},{\"@type\":\"ImageObject\",\"inLanguage\":\"en-US\",\"@id\":\"https:\\\/\\\/durres.gov.al\\\/2026\\\/04\\\/24\\\/prezantohet-ne-bashkine-e-durresit-draft-plani-vendor-i-menaxhimit-te-integruar-te-mbetjeve-2026-2031\\\/#primaryimage\",\"url\":\"https:\\\/\\\/durres.gov.al\\\/wp-content\\\/uploads\\\/2026\\\/04\\\/Prezantohet-ne-bashkine-e-Durresit-draft-Plani-Vendor-i-Menaxhimit-te-Integruar-te-Mbetjeve-2026-2031.jpeg\",\"contentUrl\":\"https:\\\/\\\/durres.gov.al\\\/wp-content\\\/uploads\\\/2026\\\/04\\\/Prezantohet-ne-bashkine-e-Durresit-draft-Plani-Vendor-i-Menaxhimit-te-Integruar-te-Mbetjeve-2026-2031.jpeg\",\"width\":1280,\"height\":853},{\"@type\":\"BreadcrumbList\",\"@id\":\"https:\\\/\\\/durres.gov.al\\\/2026\\\/04\\\/24\\\/prezantohet-ne-bashkine-e-durresit-draft-plani-vendor-i-menaxhimit-te-integruar-te-mbetjeve-2026-2031\\\/#breadcrumb\",\"itemListElement\":[{\"@type\":\"ListItem\",\"position\":1,\"name\":\"Home\",\"item\":\"https:\\\/\\\/durres.gov.al\\\/\"},{\"@type\":\"ListItem\",\"position\":2,\"name\":\"Prezantohet n\u00eb bashkin\u00eb e Durr\u00ebsit draft-Plani Vendor i Menaxhimit t\u00eb Integruar t\u00eb Mbetjeve 2026-2031\"}]},{\"@type\":\"WebSite\",\"@id\":\"https:\\\/\\\/durres.gov.al\\\/en\\\/#website\",\"url\":\"https:\\\/\\\/durres.gov.al\\\/en\\\/\",\"name\":\"Bashkia Durr\u00ebs\",\"description\":\"Faqja Zyrtare n\u00eb Internet\",\"publisher\":{\"@id\":\"https:\\\/\\\/durres.gov.al\\\/en\\\/#organization\"},\"potentialAction\":[{\"@type\":\"SearchAction\",\"target\":{\"@type\":\"EntryPoint\",\"urlTemplate\":\"https:\\\/\\\/durres.gov.al\\\/en\\\/?s={search_term_string}\"},\"query-input\":{\"@type\":\"PropertyValueSpecification\",\"valueRequired\":true,\"valueName\":\"search_term_string\"}}],\"inLanguage\":\"en-US\"},{\"@type\":\"Organization\",\"@id\":\"https:\\\/\\\/durres.gov.al\\\/en\\\/#organization\",\"name\":\"Bashkia Durr\u00ebs\",\"url\":\"https:\\\/\\\/durres.gov.al\\\/en\\\/\",\"logo\":{\"@type\":\"ImageObject\",\"inLanguage\":\"en-US\",\"@id\":\"https:\\\/\\\/durres.gov.al\\\/en\\\/#\\\/schema\\\/logo\\\/image\\\/\",\"url\":\"https:\\\/\\\/durres.gov.al\\\/wp-content\\\/uploads\\\/2023\\\/01\\\/cropped-logo.png\",\"contentUrl\":\"https:\\\/\\\/durres.gov.al\\\/wp-content\\\/uploads\\\/2023\\\/01\\\/cropped-logo.png\",\"width\":512,\"height\":512,\"caption\":\"Bashkia Durr\u00ebs\"},\"image\":{\"@id\":\"https:\\\/\\\/durres.gov.al\\\/en\\\/#\\\/schema\\\/logo\\\/image\\\/\"}},{\"@type\":\"Person\",\"@id\":\"https:\\\/\\\/durres.gov.al\\\/en\\\/#\\\/schema\\\/person\\\/b635fa3d3fcab493eb6efe564996a856\",\"name\":\"admin\",\"sameAs\":[\"https:\\\/\\\/durres.gov.al\"],\"url\":\"https:\\\/\\\/durres.gov.al\\\/en\\\/author\\\/admin\\\/\"}]}<\/script>\n<!-- \/ Yoast SEO plugin. -->","yoast_head_json":{"title":"Prezantohet n\u00eb bashkin\u00eb e Durr\u00ebsit draft-Plani Vendor i Menaxhimit t\u00eb Integruar t\u00eb Mbetjeve 2026-2031 - Bashkia Durr\u00ebs","robots":{"index":"index","follow":"follow","max-snippet":"max-snippet:-1","max-image-preview":"max-image-preview:large","max-video-preview":"max-video-preview:-1"},"canonical":"https:\/\/durres.gov.al\/en\/2026\/04\/24\/prezantohet-ne-bashkine-e-durresit-draft-plani-vendor-i-menaxhimit-te-integruar-te-mbetjeve-2026-2031\/","og_locale":"en_US","og_type":"article","og_title":"Prezantohet n\u00eb bashkin\u00eb e Durr\u00ebsit draft-Plani Vendor i Menaxhimit t\u00eb Integruar t\u00eb Mbetjeve 2026-2031 - Bashkia Durr\u00ebs","og_description":"U prezantua n\u00eb bashkin\u00eb e Durr\u00ebsit draft-Plani Vendor i Menaxhimit t\u00eb Integruar t\u00eb Mbetjeve 2026-2031, i hartuar n\u00eb bashk\u00ebpunim me Institutin e K\u00ebrkimeve Urbane me mb\u00ebshtetjen financiare t\u00eb programit Italo-Shqiptar t\u00eb Konvertimit t\u00eb Borxhit, IADSA II. N\u00eb k\u00ebt\u00eb takim ishin t\u00eb pranish\u00ebm n\u00ebnkryetari i bashkis\u00eb Durr\u00ebs, Gentian Kallmi, p\u00ebrfaq\u00ebsues t\u00eb k\u00ebsaj bashkie, p\u00ebrfaq\u00ebsues t\u00eb K\u00ebshillit [&hellip;]","og_url":"https:\/\/durres.gov.al\/en\/2026\/04\/24\/prezantohet-ne-bashkine-e-durresit-draft-plani-vendor-i-menaxhimit-te-integruar-te-mbetjeve-2026-2031\/","og_site_name":"Bashkia Durr\u00ebs","article_published_time":"2026-04-24T11:47:07+00:00","article_modified_time":"2026-04-25T11:47:29+00:00","og_image":[{"width":1280,"height":853,"url":"https:\/\/durres.gov.al\/wp-content\/uploads\/2026\/04\/Prezantohet-ne-bashkine-e-Durresit-draft-Plani-Vendor-i-Menaxhimit-te-Integruar-te-Mbetjeve-2026-2031.jpeg","type":"image\/jpeg"}],"author":"admin","twitter_card":"summary_large_image","twitter_misc":{"Written by":"admin","Est. reading time":"2 minutes"},"schema":{"@context":"https:\/\/schema.org","@graph":[{"@type":"Article","@id":"https:\/\/durres.gov.al\/2026\/04\/24\/prezantohet-ne-bashkine-e-durresit-draft-plani-vendor-i-menaxhimit-te-integruar-te-mbetjeve-2026-2031\/#article","isPartOf":{"@id":"https:\/\/durres.gov.al\/2026\/04\/24\/prezantohet-ne-bashkine-e-durresit-draft-plani-vendor-i-menaxhimit-te-integruar-te-mbetjeve-2026-2031\/"},"author":{"name":"admin","@id":"https:\/\/durres.gov.al\/en\/#\/schema\/person\/b635fa3d3fcab493eb6efe564996a856"},"headline":"Prezantohet n\u00eb bashkin\u00eb e Durr\u00ebsit draft-Plani Vendor i Menaxhimit t\u00eb Integruar t\u00eb Mbetjeve 2026-2031","datePublished":"2026-04-24T11:47:07+00:00","dateModified":"2026-04-25T11:47:29+00:00","mainEntityOfPage":{"@id":"https:\/\/durres.gov.al\/2026\/04\/24\/prezantohet-ne-bashkine-e-durresit-draft-plani-vendor-i-menaxhimit-te-integruar-te-mbetjeve-2026-2031\/"},"wordCount":245,"publisher":{"@id":"https:\/\/durres.gov.al\/en\/#organization"},"image":{"@id":"https:\/\/durres.gov.al\/2026\/04\/24\/prezantohet-ne-bashkine-e-durresit-draft-plani-vendor-i-menaxhimit-te-integruar-te-mbetjeve-2026-2031\/#primaryimage"},"thumbnailUrl":"https:\/\/durres.gov.al\/wp-content\/uploads\/2026\/04\/Prezantohet-ne-bashkine-e-Durresit-draft-Plani-Vendor-i-Menaxhimit-te-Integruar-te-Mbetjeve-2026-2031.jpeg","articleSection":["Njoftime","Njoftime kryesore"],"inLanguage":"en-US"},{"@type":"WebPage","@id":"https:\/\/durres.gov.al\/2026\/04\/24\/prezantohet-ne-bashkine-e-durresit-draft-plani-vendor-i-menaxhimit-te-integruar-te-mbetjeve-2026-2031\/","url":"https:\/\/durres.gov.al\/2026\/04\/24\/prezantohet-ne-bashkine-e-durresit-draft-plani-vendor-i-menaxhimit-te-integruar-te-mbetjeve-2026-2031\/","name":"Prezantohet n\u00eb bashkin\u00eb e Durr\u00ebsit draft-Plani Vendor i Menaxhimit t\u00eb Integruar t\u00eb Mbetjeve 2026-2031 - Bashkia Durr\u00ebs","isPartOf":{"@id":"https:\/\/durres.gov.al\/en\/#website"},"primaryImageOfPage":{"@id":"https:\/\/durres.gov.al\/2026\/04\/24\/prezantohet-ne-bashkine-e-durresit-draft-plani-vendor-i-menaxhimit-te-integruar-te-mbetjeve-2026-2031\/#primaryimage"},"image":{"@id":"https:\/\/durres.gov.al\/2026\/04\/24\/prezantohet-ne-bashkine-e-durresit-draft-plani-vendor-i-menaxhimit-te-integruar-te-mbetjeve-2026-2031\/#primaryimage"},"thumbnailUrl":"https:\/\/durres.gov.al\/wp-content\/uploads\/2026\/04\/Prezantohet-ne-bashkine-e-Durresit-draft-Plani-Vendor-i-Menaxhimit-te-Integruar-te-Mbetjeve-2026-2031.jpeg","datePublished":"2026-04-24T11:47:07+00:00","dateModified":"2026-04-25T11:47:29+00:00","breadcrumb":{"@id":"https:\/\/durres.gov.al\/2026\/04\/24\/prezantohet-ne-bashkine-e-durresit-draft-plani-vendor-i-menaxhimit-te-integruar-te-mbetjeve-2026-2031\/#breadcrumb"},"inLanguage":"en-US","potentialAction":[{"@type":"ReadAction","target":["https:\/\/durres.gov.al\/2026\/04\/24\/prezantohet-ne-bashkine-e-durresit-draft-plani-vendor-i-menaxhimit-te-integruar-te-mbetjeve-2026-2031\/"]}]},{"@type":"ImageObject","inLanguage":"en-US","@id":"https:\/\/durres.gov.al\/2026\/04\/24\/prezantohet-ne-bashkine-e-durresit-draft-plani-vendor-i-menaxhimit-te-integruar-te-mbetjeve-2026-2031\/#primaryimage","url":"https:\/\/durres.gov.al\/wp-content\/uploads\/2026\/04\/Prezantohet-ne-bashkine-e-Durresit-draft-Plani-Vendor-i-Menaxhimit-te-Integruar-te-Mbetjeve-2026-2031.jpeg","contentUrl":"https:\/\/durres.gov.al\/wp-content\/uploads\/2026\/04\/Prezantohet-ne-bashkine-e-Durresit-draft-Plani-Vendor-i-Menaxhimit-te-Integruar-te-Mbetjeve-2026-2031.jpeg","width":1280,"height":853},{"@type":"BreadcrumbList","@id":"https:\/\/durres.gov.al\/2026\/04\/24\/prezantohet-ne-bashkine-e-durresit-draft-plani-vendor-i-menaxhimit-te-integruar-te-mbetjeve-2026-2031\/#breadcrumb","itemListElement":[{"@type":"ListItem","position":1,"name":"Home","item":"https:\/\/durres.gov.al\/"},{"@type":"ListItem","position":2,"name":"Prezantohet n\u00eb bashkin\u00eb e Durr\u00ebsit draft-Plani Vendor i Menaxhimit t\u00eb Integruar t\u00eb Mbetjeve 2026-2031"}]},{"@type":"WebSite","@id":"https:\/\/durres.gov.al\/en\/#website","url":"https:\/\/durres.gov.al\/en\/","name":"Municipality of Durr\u00ebs","description":"Faqja Zyrtare n\u00eb Internet","publisher":{"@id":"https:\/\/durres.gov.al\/en\/#organization"},"potentialAction":[{"@type":"SearchAction","target":{"@type":"EntryPoint","urlTemplate":"https:\/\/durres.gov.al\/en\/?s={search_term_string}"},"query-input":{"@type":"PropertyValueSpecification","valueRequired":true,"valueName":"search_term_string"}}],"inLanguage":"en-US"},{"@type":"Organization","@id":"https:\/\/durres.gov.al\/en\/#organization","name":"Municipality of Durr\u00ebs","url":"https:\/\/durres.gov.al\/en\/","logo":{"@type":"ImageObject","inLanguage":"en-US","@id":"https:\/\/durres.gov.al\/en\/#\/schema\/logo\/image\/","url":"https:\/\/durres.gov.al\/wp-content\/uploads\/2023\/01\/cropped-logo.png","contentUrl":"https:\/\/durres.gov.al\/wp-content\/uploads\/2023\/01\/cropped-logo.png","width":512,"height":512,"caption":"Bashkia Durr\u00ebs"},"image":{"@id":"https:\/\/durres.gov.al\/en\/#\/schema\/logo\/image\/"}},{"@type":"Person","@id":"https:\/\/durres.gov.al\/en\/#\/schema\/person\/b635fa3d3fcab493eb6efe564996a856","name":"admin","sameAs":["https:\/\/durres.gov.al"],"url":"https:\/\/durres.gov.al\/en\/author\/admin\/"}]}},"_links":{"self":[{"href":"https:\/\/durres.gov.al\/en\/wp-json\/wp\/v2\/posts\/29756","targetHints":{"allow":["GET"]}}],"collection":[{"href":"https:\/\/durres.gov.al\/en\/wp-json\/wp\/v2\/posts"}],"about":[{"href":"https:\/\/durres.gov.al\/en\/wp-json\/wp\/v2\/types\/post"}],"author":[{"embeddable":true,"href":"https:\/\/durres.gov.al\/en\/wp-json\/wp\/v2\/users\/4"}],"replies":[{"embeddable":true,"href":"https:\/\/durres.gov.al\/en\/wp-json\/wp\/v2\/comments?post=29756"}],"version-history":[{"count":2,"href":"https:\/\/durres.gov.al\/en\/wp-json\/wp\/v2\/posts\/29756\/revisions"}],"predecessor-version":[{"id":29759,"href":"https:\/\/durres.gov.al\/en\/wp-json\/wp\/v2\/posts\/29756\/revisions\/29759"}],"wp:featuredmedia":[{"embeddable":true,"href":"https:\/\/durres.gov.al\/en\/wp-json\/wp\/v2\/media\/29758"}],"wp:attachment":[{"href":"https:\/\/durres.gov.al\/en\/wp-json\/wp\/v2\/media?parent=29756"}],"wp:term":[{"taxonomy":"category","embeddable":true,"href":"https:\/\/durres.gov.al\/en\/wp-json\/wp\/v2\/categories?post=29756"},{"taxonomy":"post_tag","embeddable":true,"href":"https:\/\/durres.gov.al\/en\/wp-json\/wp\/v2\/tags?post=29756"}],"curies":[{"name":"wp","href":"https:\/\/api.w.org\/{rel}","templated":true}]}}